{"id":10004,"date":"2014-10-18T14:09:11","date_gmt":"2014-10-18T17:09:11","guid":{"rendered":"https:\/\/adhilac.com.ar\/?p=10004"},"modified":"2014-10-20T14:11:42","modified_gmt":"2014-10-20T17:11:42","slug":"cuba-concurso-nacional-de-investigacion-historica","status":"publish","type":"post","link":"https:\/\/adhilac.com.ar\/?p=10004","title":{"rendered":"CUBA. Concurso Nacional de Investigaci\u00f3n Hist\u00f3rica"},"content":{"rendered":"<h3><span style=\"color: #339966;\"><a href=\"https:\/\/adhilac.com.ar\/wp-content\/uploads\/2014\/10\/Academia-de-Historia-de-Cuba-escudo1.jpg\"><img loading=\"lazy\" decoding=\"async\" class=\"alignleft size-full wp-image-10005\" title=\"Academia de Historia de Cuba escudo\" src=\"https:\/\/adhilac.com.ar\/wp-content\/uploads\/2014\/10\/Academia-de-Historia-de-Cuba-escudo1.jpg\" alt=\"\" width=\"91\" height=\"99\" \/><\/a>Premio Academia de la Historia de Cuba 2014<\/span><\/h3>\n<p style=\"text-align: justify;\">La Academia de la Historia de Cuba, con el inter\u00e9s de contribuir al desarrollo de nuestra historiograf\u00eda estimulando el ejercicio de la investigaci\u00f3n y la escritura anal\u00edtica de nuestro pasado, convoca al\u00a0 Concurso Nacional de investigaci\u00f3n hist\u00f3rica,\u00a0 que en su primera edici\u00f3n\u00a0 propone el tema:<\/p>\n<p style=\"text-align: justify;\">El populismo en Cuba: g\u00e9nesis hist\u00f3rica y pr\u00e1cticas socio-pol\u00edticas.<\/p>\n<p style=\"text-align: justify;\">El\u00a0 populismo tuvo sus primeras expresiones en Cuba en el marco pol\u00edtico de la revoluci\u00f3n de 1933, y se manifest\u00f3 en los programas y pr\u00e1cticas pol\u00edticas de las\u00a0 nuevas agrupaciones y partidos nacidos del proceso revolucionario de la d\u00e9cada de 1930.\u00a0 En tal sentido, interesa a la Academia que los\u00a0 trabajos que se presenten\u00a0 aborden:<!--more--><\/p>\n<ol style=\"text-align: justify;\">\n<li>La aparici\u00f3n de las primeras manifestaciones populistas      en Cuba: tanto en los partidos, sus l\u00edderes, como\u00a0 en las pol\u00edticas      del Estado.<\/li>\n<li>Expectativas, alcance y posibilidades de      concreci\u00f3n\u00a0 de los Programas y promesas\u00a0 populistas de transformaciones      y cambios, que fueron lanzados por las agrupaciones y partidos pol\u00edticos      nacidos del proceso revolucionario de la d\u00e9cada del \u00b430.<\/li>\n<li>El populismo\u00a0 a la luz de una revisitaci\u00f3n cr\u00edtica      a la\u00a0 historiograf\u00eda.<\/li>\n<li>Influencias o negaci\u00f3n del populismo republicano en      pr\u00e1cticas socio-pol\u00edticas contempor\u00e1neas.<\/li>\n<\/ol>\n<p style=\"text-align: justify;\">En esta Convocatoria\u00a0 podr\u00e1n participar historiadores de todo el pa\u00eds sobre las siguientes bases:<\/p>\n<ul style=\"text-align: justify;\">\n<li>&#8211;\u00a0\u00a0\u00a0 Se concursar\u00e1 en los g\u00e9neros      de\u00a0 monograf\u00eda y\u00a0 ensayo, en cualquier variante deben ser      trabajos in\u00e9ditos, que no est\u00e9n comprometidos con ning\u00fan otro      certamen,\u00a0 ni podr\u00e1n encontrarse en proceso editorial. Tendr\u00e1n un      m\u00ednimo de 100 cuartillas y un m\u00e1ximo de 200;\u00a0\u00a0 la cuartilla ser\u00e1      de 30 l\u00edneas y 60 golpes,\u00a0\u00a0 escritas en letra Times New Rom\u00e1n de      12 pts.<\/li>\n<li>&#8211;\u00a0\u00a0\u00a0 Las obras se presentar\u00e1n      impresas,\u00a0 en original y dos copias, debidamente foliadas y      mecanografiadas a dos espacios.<\/li>\n<li>&#8211;\u00a0\u00a0\u00a0\u00a0 Los trabajos deber\u00e1n      presentarse bajo seud\u00f3nimo y en sobre aparte y sellado,\u00a0 adjunto al      trabajo, deber\u00e1\u00a0 quedar identificado dicho seud\u00f3nimo,      especific\u00e1ndose\u00a0 los datos del autor: nombre completo y apellidos,      direcci\u00f3n particular o de su Centro Laboral, tel\u00e9fono personal\u00a0 y      direcci\u00f3n de correo electr\u00f3nico,\u00a0 en caso de poseerlo.<\/li>\n<\/ul>\n<p style=\"text-align: justify;\">Tambi\u00e9n deber\u00e1\u00a0\u00a0 ratificarse\u00a0 el t\u00edtulo de la obra, que deber\u00e1 coincidir con el del original y las copias entregadas al jurado.<\/p>\n<ul style=\"text-align: justify;\">\n<li>Aunque se concursa en dos g\u00e9neros- monograf\u00eda y      ensayo-\u00a0 el jurado otorgar\u00e1 un premio \u00fanico e indivisible, que      consistir\u00e1 en un diploma acreditativo, 5 000 pesos MN y la publicaci\u00f3n de      la obra por\u00a0 la editorial de la Academia u otra editorial de      prestigio, que no pagar\u00e1 derecho de autor por su primera edici\u00f3n.<\/li>\n<li>El jurado podr\u00e1 otorgar\u00a0 hasta tres\u00a0      menciones, las cuales ser\u00e1n\u00a0 acreditadas con un diploma, pero      sin\u00a0 premio en met\u00e1lico.\u00a0 Estas ser\u00e1n recomendadas\u00a0 al      Instituto cubano\u00a0 del Libro\u00a0 para su publicaci\u00f3n, pero ello no      implicar\u00e1 compromiso alguno por parte de la Academia.<\/li>\n<li>El jurado estar\u00e1 integrado por tres prestigiosos      historiadores y su fallo ser\u00e1 inapelable.<\/li>\n<li>Los organizadores no se responsabilizan con la      devoluci\u00f3n de los originales que, una vez finalizado el certamen, quedaran      en los fondos documentales de La Academia de la Historia para la consulta      de investigadores, alumnos y profesores.<\/li>\n<li>Las obras\u00a0 a concurso (original y dos copias),      deben ser entregadas en la oficina\u00a0 de la Academia de la Historia de      Cuba. Sita en: Colegio Universitario de San Jer\u00f3nimo,\u00a0 Obispo,      esq.\u00a0 Mercaderes,\u00a0 Habana Vieja, La Habana.<\/li>\n<\/ul>\n<p style=\"text-align: justify;\">Tambi\u00e9n podr\u00e1n ser enviadas por correo ordinario certificado a dicha direcci\u00f3n y comprobar su llegada llamando al 864 95 05.\u00a0 Si se usa el correo ordinario certificado, solo deber\u00e1\u00a0 aparecer\u00a0 como remitente el seud\u00f3nimo que se haya escogido por el autor, su direcci\u00f3n\u00a0 y debajo el Titulo de la obra. En sobre aparte y colocado en el interior\u00a0 del env\u00edo se especificar\u00e1 el nombre\u00a0 completo del autor, y nuevamente\u00a0 su direcci\u00f3n postal y el titulo de la obra enviada, como se explica\u00a0 en el tercer Items de estas bases.<\/p>\n<ul style=\"text-align: justify;\">\n<li>Esta convocatoria estar\u00e1 abierta a partir\u00a0 del 20      de octubre del 2013\u00a0 y expirar\u00e1 el 20 de octubre del 2014. El fallo      del Jurado se dar\u00e1 a conocer el 20 de diciembre del 2014, en acto      cultural\u00a0 convocado por la Presidencia de la Academia, en el cual se      dar\u00e1 a conocer adem\u00e1s la pr\u00f3xima convocatoria.<\/li>\n<li>Concursar en esta edici\u00f3n significa la plena aceptaci\u00f3n      de estas bases.<\/li>\n<\/ul>\n<p>Edificio Santo Domingo<br \/>\nObispo No. 154, 3er. piso, entre Mercaderes y San Ignacio<br \/>\nTel\u00e9fono 864-9505<\/p>\n<p>academia.historia@ohc.cu<\/p>\n<p><strong>Publicado por ADHILAC Internacional \u00a9 www.adhilac.com.ar<\/strong><\/p>\n<p>Si Ud. desea asociarse de acuerdo a los Estatutos de ADHILAC\u00a0<a title=\"(ver)\" href=\"https:\/\/adhilac.com.ar\/?page_id=263\">(ver)<\/a> complete el formulario correspondiente\u00a0<a title=\"(Ver)\" href=\"https:\/\/adhilac.com.ar\/?page_id=4779\" target=\"_blank\">(ver)<\/a><\/p>\n<p>E-mail:\u00a0<a title=\"info@adhilac.com.ar\" href=\"https:\/\/adhilac.com.ar\/info@adhilac.com.ar\" target=\"_blank\">info@adhilac.com.ar<\/a><\/p>\n<p>Twitter: @AdhilacInfo<\/p>\n","protected":false},"excerpt":{"rendered":"<p>Premio Academia de la Historia de Cuba 2014 La Academia de la Historia de Cuba, con el inter\u00e9s de contribuir al desarrollo de nuestra historiograf\u00eda estimulando el ejercicio de la investigaci\u00f3n y la escritura anal\u00edtica de nuestro pasado, convoca al\u00a0 Concurso Nacional de investigaci\u00f3n hist\u00f3rica,\u00a0 que en su primera edici\u00f3n\u00a0 propone el tema: El populismo [&hellip;]<\/p>\n","protected":false},"author":2,"featured_media":0,"comment_status":"closed","ping_status":"open","sticky":false,"template":"","format":"standard","meta":{"_crdt_document":"","footnotes":""},"categories":[5,40],"tags":[570,431],"class_list":["post-10004","post","type-post","status-publish","format-standard","hentry","category-congresos","category-informaciones","tag-concurso","tag-historia-de-cuba"],"_links":{"self":[{"href":"https:\/\/adhilac.com.ar\/index.php?rest_route=\/wp\/v2\/posts\/10004","targetHints":{"allow":["GET"]}}],"collection":[{"href":"https:\/\/adhilac.com.ar\/index.php?rest_route=\/wp\/v2\/posts"}],"about":[{"href":"https:\/\/adhilac.com.ar\/index.php?rest_route=\/wp\/v2\/types\/post"}],"author":[{"embeddable":true,"href":"https:\/\/adhilac.com.ar\/index.php?rest_route=\/wp\/v2\/users\/2"}],"replies":[{"embeddable":true,"href":"https:\/\/adhilac.com.ar\/index.php?rest_route=%2Fwp%2Fv2%2Fcomments&post=10004"}],"version-history":[{"count":1,"href":"https:\/\/adhilac.com.ar\/index.php?rest_route=\/wp\/v2\/posts\/10004\/revisions"}],"predecessor-version":[{"id":10006,"href":"https:\/\/adhilac.com.ar\/index.php?rest_route=\/wp\/v2\/posts\/10004\/revisions\/10006"}],"wp:attachment":[{"href":"https:\/\/adhilac.com.ar\/index.php?rest_route=%2Fwp%2Fv2%2Fmedia&parent=10004"}],"wp:term":[{"taxonomy":"category","embeddable":true,"href":"https:\/\/adhilac.com.ar\/index.php?rest_route=%2Fwp%2Fv2%2Fcategories&post=10004"},{"taxonomy":"post_tag","embeddable":true,"href":"https:\/\/adhilac.com.ar\/index.php?rest_route=%2Fwp%2Fv2%2Ftags&post=10004"}],"curies":[{"name":"wp","href":"https:\/\/api.w.org\/{rel}","templated":true}]}}