{"id":10008,"date":"2014-10-18T14:12:45","date_gmt":"2014-10-18T17:12:45","guid":{"rendered":"https:\/\/adhilac.com.ar\/?p=10008"},"modified":"2014-10-20T14:14:48","modified_gmt":"2014-10-20T17:14:48","slug":"cuba-concurso-nacional-de-critica-historiografica","status":"publish","type":"post","link":"https:\/\/adhilac.com.ar\/?p=10008","title":{"rendered":"CUBA. Concurso Nacional de Cr\u00edtica Historiogr\u00e1fica"},"content":{"rendered":"<p><a href=\"https:\/\/adhilac.com.ar\/wp-content\/uploads\/2014\/10\/Academia-de-Historia-de-Cuba-escudo1.jpg\"><img loading=\"lazy\" decoding=\"async\" class=\"alignleft size-full wp-image-10005\" title=\"Academia de Historia de Cuba escudo\" src=\"https:\/\/adhilac.com.ar\/wp-content\/uploads\/2014\/10\/Academia-de-Historia-de-Cuba-escudo1.jpg\" alt=\"\" width=\"91\" height=\"99\" \/><\/a>CONVOCATORIA<\/p>\n<p style=\"text-align: justify;\">La Academia de la Historia de Cuba y el Instituto Cubano del Libro, con el inter\u00e9s de contribuir a la m\u00e1s amplia difusi\u00f3n de las publicaciones recientes sobre historia de Cuba, as\u00ed como al desarrollo de nuestra historiograf\u00eda estimulando el ejercicio de la cr\u00edtica, convoca al\u00a0 Concurso Nacional de Cr\u00edtica Historiogr\u00e1fica, en el cual podr\u00e1n participar autores de todo el pa\u00eds sobre las siguientes bases:<\/p>\n<p style=\"text-align: justify;\">&#8211;\u00a0\u00a0\u00a0\u00a0\u00a0\u00a0\u00a0\u00a0\u00a0 Se concursar\u00e1 con rese\u00f1as in\u00e9ditas, las cuales podr\u00e1n tener desde un m\u00ednimo de 5 cuartillas y hasta un m\u00e1ximo de 8 cuartillas, de 30 l\u00edneas y 60 golpes, escritas en letra Times New Roman de 12 puntos.<\/p>\n<p style=\"text-align: justify;\">&#8211;\u00a0\u00a0\u00a0\u00a0\u00a0\u00a0\u00a0\u00a0\u00a0 Las rese\u00f1as podr\u00e1n ser de cualquier libro sobre historia de Cuba publicado por editoriales nacionales, provinciales o extranjeras durante los a\u00f1os 2012, 2013 y 2014.<!--more--><\/p>\n<p style=\"text-align: justify;\">&#8211;\u00a0\u00a0\u00a0\u00a0\u00a0\u00a0\u00a0\u00a0\u00a0 El encabezamiento de la rese\u00f1a incluir\u00e1: nombre y apellidos del autor o autores de la obra, t\u00edtulo \u2013en cursiva-, lugar de edici\u00f3n, editorial y a\u00f1o de publicaci\u00f3n.\u00a0 Si el autor de la rese\u00f1a desease dar a esta un t\u00edtulo, los datos apuntados deber\u00e1n aparecer en nota al pie.<\/p>\n<p style=\"text-align: justify;\">Las rese\u00f1as se har\u00e1n llegar por correo electr\u00f3nico a <a href=\"mailto:academia.historia@ohc.cu\">academia.historia@ohc.cu<\/a> y en soporte papel, con original y copia, en carta dirigida a Academia de la Historia de Cuba. Colegio Universitario de San Ger\u00f3nimo, Obispo y Mercaderes, La Habana. En todos los casos las rese\u00f1as se entregar\u00e1n bajo seud\u00f3nimo; en las enviadas por correo electr\u00f3nico se a\u00f1adir\u00e1 otro mensaje, donde se har\u00e1 constar el seud\u00f3nimo y el nombre, apellidos y direcci\u00f3n del autor, as\u00ed como cualquier otra forma de localizaci\u00f3n telef\u00f3nica o mediante correo electr\u00f3nico. En las enviadas por correo ordinario, esos mismos datos se remitir\u00e1n en sobre aparte, identificado con el seud\u00f3nimo que se haya utilizado.<\/p>\n<p style=\"text-align: justify;\">El plazo de recepci\u00f3n de las rese\u00f1as cerrar\u00e1 el\u00a0 20\u00a0 de diciembre\u00a0 del 2014.<\/p>\n<p style=\"text-align: justify;\">&nbsp;<\/p>\n<p style=\"text-align: justify;\">Para la evaluaci\u00f3n de las rese\u00f1as presentadas se constituir\u00e1 un jurado integrado por tres acad\u00e9micos, cuyo fallo ser\u00e1 inapelable y se dar\u00e1 a conocer en el mes de febrero\u00a0 de 2015.<\/p>\n<p style=\"text-align: justify;\">El premio otorgado consistir\u00e1 en $ 400.00 mn, diploma acreditativo y la publicaci\u00f3n de la rese\u00f1a en la Revista de la Academia. El jurado podr\u00e1 otorgar las menciones que estime convenientes \u2014las cuales ser\u00e1n tambi\u00e9n acreditadas\u2014, as\u00ed como recomendar la publicaci\u00f3n de las rese\u00f1as no premiadas que lo ameriten, pero las mismas no recibir\u00e1n estimulo en met\u00e1lico. El Instituto Cubano del Libro publicar\u00e1 la rese\u00f1a premiada y las menciones en forma de folleto al a\u00f1o siguiente de su premiaci\u00f3n.<\/p>\n<p style=\"text-align: justify;\"><strong>Publicado por ADHILAC Internacional \u00a9 www.adhilac.com.ar<\/strong><\/p>\n<p style=\"text-align: justify;\">Si Ud. desea asociarse de acuerdo a los Estatutos de ADHILAC\u00a0<a title=\"(ver)\" href=\"https:\/\/adhilac.com.ar\/?page_id=263\">(ver)<\/a> complete el formulario correspondiente\u00a0<a title=\"(Ver)\" href=\"https:\/\/adhilac.com.ar\/?page_id=4779\" target=\"_blank\">(ver)<\/a><\/p>\n<p style=\"text-align: justify;\">E-mail:\u00a0<a title=\"info@adhilac.com.ar\" href=\"https:\/\/adhilac.com.ar\/info@adhilac.com.ar\" target=\"_blank\">info@adhilac.com.ar<\/a><\/p>\n<p style=\"text-align: justify;\">Twitter: @AdhilacInfo<\/p>\n","protected":false},"excerpt":{"rendered":"<p>CONVOCATORIA La Academia de la Historia de Cuba y el Instituto Cubano del Libro, con el inter\u00e9s de contribuir a la m\u00e1s amplia difusi\u00f3n de las publicaciones recientes sobre historia de Cuba, as\u00ed como al desarrollo de nuestra historiograf\u00eda estimulando el ejercicio de la cr\u00edtica, convoca al\u00a0 Concurso Nacional de Cr\u00edtica Historiogr\u00e1fica, en el cual [&hellip;]<\/p>\n","protected":false},"author":2,"featured_media":0,"comment_status":"closed","ping_status":"closed","sticky":false,"template":"","format":"standard","meta":{"_crdt_document":"","footnotes":""},"categories":[15,40],"tags":[571],"class_list":["post-10008","post","type-post","status-publish","format-standard","hentry","category-historia","category-informaciones","tag-cuba-concurso-nacional-de-critica-historiografica"],"_links":{"self":[{"href":"https:\/\/adhilac.com.ar\/index.php?rest_route=\/wp\/v2\/posts\/10008","targetHints":{"allow":["GET"]}}],"collection":[{"href":"https:\/\/adhilac.com.ar\/index.php?rest_route=\/wp\/v2\/posts"}],"about":[{"href":"https:\/\/adhilac.com.ar\/index.php?rest_route=\/wp\/v2\/types\/post"}],"author":[{"embeddable":true,"href":"https:\/\/adhilac.com.ar\/index.php?rest_route=\/wp\/v2\/users\/2"}],"replies":[{"embeddable":true,"href":"https:\/\/adhilac.com.ar\/index.php?rest_route=%2Fwp%2Fv2%2Fcomments&post=10008"}],"version-history":[{"count":1,"href":"https:\/\/adhilac.com.ar\/index.php?rest_route=\/wp\/v2\/posts\/10008\/revisions"}],"predecessor-version":[{"id":10009,"href":"https:\/\/adhilac.com.ar\/index.php?rest_route=\/wp\/v2\/posts\/10008\/revisions\/10009"}],"wp:attachment":[{"href":"https:\/\/adhilac.com.ar\/index.php?rest_route=%2Fwp%2Fv2%2Fmedia&parent=10008"}],"wp:term":[{"taxonomy":"category","embeddable":true,"href":"https:\/\/adhilac.com.ar\/index.php?rest_route=%2Fwp%2Fv2%2Fcategories&post=10008"},{"taxonomy":"post_tag","embeddable":true,"href":"https:\/\/adhilac.com.ar\/index.php?rest_route=%2Fwp%2Fv2%2Ftags&post=10008"}],"curies":[{"name":"wp","href":"https:\/\/api.w.org\/{rel}","templated":true}]}}