{"id":10018,"date":"2014-10-19T05:17:13","date_gmt":"2014-10-19T08:17:13","guid":{"rendered":"https:\/\/adhilac.com.ar\/?p=10018"},"modified":"2014-10-27T15:22:20","modified_gmt":"2014-10-27T18:22:20","slug":"colegio-de-etnologos-y-antropologos-sociales-a-c-ceas-declaracion-frente-a-los-hechos-en-guerrero-mexico","status":"publish","type":"post","link":"https:\/\/adhilac.com.ar\/?p=10018","title":{"rendered":"Colegio de Etn\u00f3logos y Antrop\u00f3logos Sociales, A.C. (CEAS): Declaracion frente a los hechos en Guerrero, M\u00e9xico"},"content":{"rendered":"<h3><span style=\"color: #339966;\">COMUNICADO DEL CEAS SOBRE LOS HECHOS DE AYOTZINAPA Y EL\u00a0PAIS<\/span><\/h3>\n<p style=\"text-align: justify;\">El\u00a0<strong>Colegio de Etn\u00f3logos y Antrop\u00f3logos Sociales A.C. (CEAS)<\/strong> expresa su profunda tristeza e indignaci\u00f3n por los hechos ocurridos en el Estado de Guerrero y exige la aparici\u00f3n con vida de los estudiantes normalistas desaparecidos, el cumplimiento del estado de derecho y el castigo a los responsables de estos delitos, hechos que involucran a las instituciones del estado en contubernio con el crimen organizado. Manifestamos nuestra preocupaci\u00f3n por la violencia sistem\u00e1tica e impunidad y exigimos a las autoridades estatales y federales las garant\u00edas fundamentales para la paz social.<!--more--><\/p>\n<div style=\"text-align: justify;\">\n<p>Consejo Directivo, 2013-2015<\/p>\n<\/div>\n<p style=\"text-align: justify;\">Fuente:\u00a0http:\/\/ceasmexico.wordpress.com\/2014\/10\/20\/comunicado-del-ceas-sobre-los-hechos-de-ayotzinapa-y-el-pais\/?utm_medium=twitter&amp;utm_source=twitterfeed<\/p>\n","protected":false},"excerpt":{"rendered":"<p>COMUNICADO DEL CEAS SOBRE LOS HECHOS DE AYOTZINAPA Y EL\u00a0PAIS El\u00a0Colegio de Etn\u00f3logos y Antrop\u00f3logos Sociales A.C. (CEAS) expresa su profunda tristeza e indignaci\u00f3n por los hechos ocurridos en el Estado de Guerrero y exige la aparici\u00f3n con vida de los estudiantes normalistas desaparecidos, el cumplimiento del estado de derecho y el castigo a los [&hellip;]<\/p>\n","protected":false},"author":2,"featured_media":0,"comment_status":"closed","ping_status":"closed","sticky":false,"template":"","format":"standard","meta":{"_crdt_document":"","footnotes":""},"categories":[40],"tags":[121,364],"class_list":["post-10018","post","type-post","status-publish","format-standard","hentry","category-informaciones","tag-mexico","tag-violacion-de-derechos-humanos"],"_links":{"self":[{"href":"https:\/\/adhilac.com.ar\/index.php?rest_route=\/wp\/v2\/posts\/10018","targetHints":{"allow":["GET"]}}],"collection":[{"href":"https:\/\/adhilac.com.ar\/index.php?rest_route=\/wp\/v2\/posts"}],"about":[{"href":"https:\/\/adhilac.com.ar\/index.php?rest_route=\/wp\/v2\/types\/post"}],"author":[{"embeddable":true,"href":"https:\/\/adhilac.com.ar\/index.php?rest_route=\/wp\/v2\/users\/2"}],"replies":[{"embeddable":true,"href":"https:\/\/adhilac.com.ar\/index.php?rest_route=%2Fwp%2Fv2%2Fcomments&post=10018"}],"version-history":[{"count":3,"href":"https:\/\/adhilac.com.ar\/index.php?rest_route=\/wp\/v2\/posts\/10018\/revisions"}],"predecessor-version":[{"id":10106,"href":"https:\/\/adhilac.com.ar\/index.php?rest_route=\/wp\/v2\/posts\/10018\/revisions\/10106"}],"wp:attachment":[{"href":"https:\/\/adhilac.com.ar\/index.php?rest_route=%2Fwp%2Fv2%2Fmedia&parent=10018"}],"wp:term":[{"taxonomy":"category","embeddable":true,"href":"https:\/\/adhilac.com.ar\/index.php?rest_route=%2Fwp%2Fv2%2Fcategories&post=10018"},{"taxonomy":"post_tag","embeddable":true,"href":"https:\/\/adhilac.com.ar\/index.php?rest_route=%2Fwp%2Fv2%2Ftags&post=10018"}],"curies":[{"name":"wp","href":"https:\/\/api.w.org\/{rel}","templated":true}]}}