{"id":10324,"date":"2014-12-17T19:29:09","date_gmt":"2014-12-17T22:29:09","guid":{"rendered":"https:\/\/adhilac.com.ar\/?p=10324"},"modified":"2014-12-19T06:47:26","modified_gmt":"2014-12-19T09:47:26","slug":"aurelio-alonso-expresa-el-sentir-de-todos-en-cuba","status":"publish","type":"post","link":"https:\/\/adhilac.com.ar\/?p=10324","title":{"rendered":"Aurelio Alonso,  expresa el sentir de todos en Cuba"},"content":{"rendered":"<p style=\"text-align: justify;\"><em><a href=\"https:\/\/adhilac.com.ar\/wp-content\/uploads\/2014\/12\/LaHabanaVieja023-MARTI01.jpg\"><img loading=\"lazy\" decoding=\"async\" class=\"alignleft size-full wp-image-10330\" title=\"LaHabanaVieja023-MARTI01\" src=\"https:\/\/adhilac.com.ar\/wp-content\/uploads\/2014\/12\/LaHabanaVieja023-MARTI01.jpg\" alt=\"\" width=\"204\" height=\"272\" srcset=\"https:\/\/adhilac.com.ar\/wp-content\/uploads\/2014\/12\/LaHabanaVieja023-MARTI01.jpg 425w, https:\/\/adhilac.com.ar\/wp-content\/uploads\/2014\/12\/LaHabanaVieja023-MARTI01-224x300.jpg 224w\" sizes=\"auto, (max-width: 204px) 100vw, 204px\" \/><\/a>La Ventana comparte la opini\u00f3n  del            subdirector de la revista Casa de las  Am\u00e9ricas, a            ra\u00edz del regreso a Cuba de los tres h\u00e9roes que  permanec\u00edan            bajo prisi\u00f3n en los Estados Unidos y el anuncio  del            restablecimiento de las relaciones diplom\u00e1ticas  entre ambos            pa\u00edses<\/em><\/p>\n<p style=\"text-align: justify;\">Por Aurelio Alonso*<\/p>\n<p style=\"text-align: justify;\">\u00abHoy estamos cambiando la historia\u00bb, fue  la expresi\u00f3n utilizada          por el presidente de los Estados Unidos, Barack  Obama, en su          intervenci\u00f3n televisada del 17 de diciembre, para  ponderar la          profundidad de la decisi\u00f3n de normalizar las  relaciones de ese          pa\u00eds con Cuba. <!--more-->Al acordar con el presidente cubano,  Ra\u00fal Castro,          tan importante paso, Obama mostraba un \u00abgesto  de valent\u00eda\u00bb \u2013al          decir de Nicol\u00e1s Maduro, jefe de Estado de  Venezuela\u2013 \u00abtal vez          el m\u00e1s importante de su presidencia\u00bb. Desde La  Habana, Ra\u00fal          subrayaba ante la televisi\u00f3n cubana, a la misma  hora que, en el          acuerdo, Cuba preservaba la fidelidad a sus  \u00abideales de          independencia y justicia social\u00bb, y valoraba la  posibilidad de          encontrar soluci\u00f3n, mediante el di\u00e1logo, a  numerosos problemas.<\/p>\n<p style=\"text-align: justify;\">&nbsp;<\/p>\n<p style=\"text-align: justify;\">Aunque no implica la supresi\u00f3n del bloqueo, la  normalizaci\u00f3n de          relaciones crea las condiciones para su alivio  progresivo. Y          aunque no elimina a\u00fan la obstrucci\u00f3n al turismo,  propiciar\u00e1 la          activaci\u00f3n de los canales migratorios. Los pasos  dados          facilitar\u00e1n otras medidas en el espacio  discrecional de la          presidencia, permitiendo arreglos comerciales  bilaterales sin          tener que esperar por una decisi\u00f3n del Congreso que  derogue la          legislaci\u00f3n vigente.<\/p>\n<p style=\"text-align: justify;\">&nbsp;<\/p>\n<p style=\"text-align: justify;\">Para nosotros los cubanos esta fecha tendr\u00e1 que ser  recordada          por abrir la oportunidad de reconstruir un camino de  desarrollo,          de rescatar incluso un modelo propio de socialismo  \u00abpr\u00f3spero y          sostenible\u00bb, e incluso como un escal\u00f3n  esencial para el avance          de las relaciones americanas, en la nueva  correlaci\u00f3n que          predomina en el continente, cuyo concierto se ve  obstaculizado          hoy por el diferendo en torno al reconocimiento de  Cuba.<\/p>\n<p style=\"text-align: justify;\">&nbsp;<\/p>\n<p style=\"text-align: justify;\">El sentido humano que ha prevalecido qued\u00f3 marcado  por la          liberaci\u00f3n de los tres cubanos que a\u00fan cumpl\u00edan  condena en          c\u00e1rceles norteamericanas por sus acciones para  prevenir el          terrorismo contra la Isla, y en Cuba, del  diplom\u00e1tico Alan Gross          y de un cubano procesado por espionaje para los  Estados Unidos.<\/p>\n<p style=\"text-align: justify;\">&nbsp;<\/p>\n<p style=\"text-align: justify;\">Ambas partes reconocieron al Papa Francisco y al  Gobierno de          Canad\u00e1 su apoyo en la concertaci\u00f3n de estas  negociaciones.                         \u00abAhora tendremos que aprender el arte de  convivir de forma          civilizada con nuestras diferencias\u00bb, afirm\u00f3  el presidente          Castro al final de sus palabras.<\/p>\n<p style=\"text-align: justify;\">La Habana, 17 de diciembre de  2014<\/p>\n<p style=\"text-align: justify;\">Fuente: <em>La ventana <\/em>www.laventana.casa.cult.cu<\/p>\n<p style=\"text-align: justify;\"><strong>NOTA<\/strong><\/p>\n<p>* Aurelio Alonso, Premio Nacional de Ciencias Sociales y Subdirector de la Revista de la Casa de las Am\u00e9ricas de Cuba.<\/p>\n<p>Si Ud. desea asociarse de acuerdo a los Estatutos de ADHILAC\u00a0<a title=\"(ver)\" href=\"https:\/\/adhilac.com.ar\/?page_id=263\">(ver)<\/a> complete el siguiente formulario<a title=\"(ver)\" href=\"https:\/\/adhilac.com.ar\/?page_id=3194\">(ver)<\/a><\/p>\n<p>E-mail: info@adhilac.com.ar<strong> <\/strong><\/p>\n<p>Twitter: @AdhilacInfo<\/p>\n","protected":false},"excerpt":{"rendered":"<p>La Ventana comparte la opini\u00f3n del subdirector de la revista Casa de las Am\u00e9ricas, a ra\u00edz del regreso a Cuba de los tres h\u00e9roes que permanec\u00edan bajo prisi\u00f3n en los Estados Unidos y el anuncio del restablecimiento de las relaciones diplom\u00e1ticas entre ambos pa\u00edses Por Aurelio Alonso* \u00abHoy estamos cambiando la historia\u00bb, fue la expresi\u00f3n [&hellip;]<\/p>\n","protected":false},"author":2,"featured_media":0,"comment_status":"closed","ping_status":"closed","sticky":false,"template":"","format":"standard","meta":{"_crdt_document":"","footnotes":""},"categories":[15,40],"tags":[592,63,164],"class_list":["post-10324","post","type-post","status-publish","format-standard","hentry","category-historia","category-informaciones","tag-bloqueo","tag-cuba","tag-estados-unidos"],"_links":{"self":[{"href":"https:\/\/adhilac.com.ar\/index.php?rest_route=\/wp\/v2\/posts\/10324","targetHints":{"allow":["GET"]}}],"collection":[{"href":"https:\/\/adhilac.com.ar\/index.php?rest_route=\/wp\/v2\/posts"}],"about":[{"href":"https:\/\/adhilac.com.ar\/index.php?rest_route=\/wp\/v2\/types\/post"}],"author":[{"embeddable":true,"href":"https:\/\/adhilac.com.ar\/index.php?rest_route=\/wp\/v2\/users\/2"}],"replies":[{"embeddable":true,"href":"https:\/\/adhilac.com.ar\/index.php?rest_route=%2Fwp%2Fv2%2Fcomments&post=10324"}],"version-history":[{"count":6,"href":"https:\/\/adhilac.com.ar\/index.php?rest_route=\/wp\/v2\/posts\/10324\/revisions"}],"predecessor-version":[{"id":10329,"href":"https:\/\/adhilac.com.ar\/index.php?rest_route=\/wp\/v2\/posts\/10324\/revisions\/10329"}],"wp:attachment":[{"href":"https:\/\/adhilac.com.ar\/index.php?rest_route=%2Fwp%2Fv2%2Fmedia&parent=10324"}],"wp:term":[{"taxonomy":"category","embeddable":true,"href":"https:\/\/adhilac.com.ar\/index.php?rest_route=%2Fwp%2Fv2%2Fcategories&post=10324"},{"taxonomy":"post_tag","embeddable":true,"href":"https:\/\/adhilac.com.ar\/index.php?rest_route=%2Fwp%2Fv2%2Ftags&post=10324"}],"curies":[{"name":"wp","href":"https:\/\/api.w.org\/{rel}","templated":true}]}}