{"id":10337,"date":"2014-12-19T05:50:51","date_gmt":"2014-12-19T08:50:51","guid":{"rendered":"https:\/\/adhilac.com.ar\/?p=10337"},"modified":"2014-12-20T05:53:45","modified_gmt":"2014-12-20T08:53:45","slug":"a-25-anos-de-la-invasion-a-panama-y-el-destino-de-su-democracia","status":"publish","type":"post","link":"https:\/\/adhilac.com.ar\/?p=10337","title":{"rendered":"A  25 a\u00f1os de la invasi\u00f3n a Panam\u00e1 y el destino de su democracia"},"content":{"rendered":"<div>\n<h3 style=\"text-align: justify;\"><a href=\"https:\/\/adhilac.com.ar\/wp-content\/uploads\/2014\/12\/Invasion-EEUU-Panama-desde-1989-03.jpg\"><img loading=\"lazy\" decoding=\"async\" class=\"alignleft size-full wp-image-10338\" title=\"Invasion EEUU-Panama desde 1989 -03\" src=\"https:\/\/adhilac.com.ar\/wp-content\/uploads\/2014\/12\/Invasion-EEUU-Panama-desde-1989-03.jpg\" alt=\"\" width=\"271\" height=\"408\" srcset=\"https:\/\/adhilac.com.ar\/wp-content\/uploads\/2014\/12\/Invasion-EEUU-Panama-desde-1989-03.jpg 271w, https:\/\/adhilac.com.ar\/wp-content\/uploads\/2014\/12\/Invasion-EEUU-Panama-desde-1989-03-199x300.jpg 199w\" sizes=\"auto, (max-width: 271px) 100vw, 271px\" \/><\/a><span style=\"color: #339966;\">PRONUNCIAMIENTO<\/span><\/h3>\n<p style=\"text-align: justify;\">DEL FRENTE POR LA DEFENSA DE LA DEMOCRACIA SOBRE LA  INVASI\u00d3N DE HACE 25 A\u00d1OS Y EL DESTINO DE LA DEMOCRACIA PANAME\u00d1A<\/p>\n<p style=\"text-align: justify;\">Veinticinco a\u00f1os en la vida de una naci\u00f3n pueden no ser nada o significar mucho. A nosotros los paname\u00f1os, la invasi\u00f3n de los E.U. nos marc\u00f3 para siempre, a tal punto que pareciera que esta hubiera sucedido ayer.<\/p>\n<p style=\"text-align: justify;\">Todav\u00eda hoy no se conoce oficialmente el total de v\u00edctimas mortales, nadie quiere hablar de esto, ni los gobiernos norteamericanos ni los paname\u00f1os. \u00bfQu\u00e9 se trata de ocultar? Ante esta inmensa desgracia, el pueblo paname\u00f1o tiene el derecho a saber, por lo menos, cu\u00e1ntos fueron sus muertos.<\/p>\n<p style=\"text-align: justify;\">Se dijo en aquel entonces que la \u201cOperaci\u00f3n Causa Justa\u201d, como consecuencia, traer\u00eda a Panam\u00e1 la democracia. En el tiempo transcurrido, hoy podemos afirmar que la invasi\u00f3n imperialista no nos trajo la democracia que necesitaba el pa\u00eds, pero lo que s\u00ed podemos decir es que se dise\u00f1\u00f3 un r\u00e9gimen pol\u00edtico a la medida de un\u00a0 poder pol\u00edtico y econ\u00f3mico tutelado por el imperio, poder que al pasar los a\u00f1os y por su pronto agotamiento, <!--more-->devino en un modelo de gesti\u00f3n de intolerancia y antidemocr\u00e1tico que elev\u00f3 a los extremos la corrupci\u00f3n y la impunidad, encabezado por Ricardo Martinelli Berrocal y su Partido Cambio Democr\u00e1tico, junto con el \u201cc\u00edrculo cero\u201d.<\/p>\n<p style=\"text-align: justify;\">Como producto de la invasi\u00f3n, el sufrimiento de la naci\u00f3n y del pueblo obliga a todos los paname\u00f1os a ponernos de acuerdo en \u00bfcu\u00e1l debe ser el tipo de democracia que necesita nuestro pa\u00eds? Por lo visto, la democracia resultado de la invasi\u00f3n no alcanz\u00f3 para resolver los problemas b\u00e1sicos que agobian a la gran masa, como: la pobreza en general, el empleo digno, el alto costo de la vida, la inseguridad ciudadana y la corrupci\u00f3n en el seno de las instituciones del Estado. Adem\u00e1s, nuestra democracia todav\u00eda sigue siendo excluyente.<\/p>\n<p style=\"text-align: justify;\"><a href=\"https:\/\/adhilac.com.ar\/wp-content\/uploads\/2014\/12\/Invasion-EEUU-Panama-desde-1989-09.jpg\"><img loading=\"lazy\" decoding=\"async\" class=\"size-full wp-image-10345 alignleft\" title=\"Invasion EEUU-Panama desde 1989 -09\" src=\"https:\/\/adhilac.com.ar\/wp-content\/uploads\/2014\/12\/Invasion-EEUU-Panama-desde-1989-09.jpg\" alt=\"\" width=\"401\" height=\"298\" srcset=\"https:\/\/adhilac.com.ar\/wp-content\/uploads\/2014\/12\/Invasion-EEUU-Panama-desde-1989-09.jpg 401w, https:\/\/adhilac.com.ar\/wp-content\/uploads\/2014\/12\/Invasion-EEUU-Panama-desde-1989-09-300x222.jpg 300w\" sizes=\"auto, (max-width: 401px) 100vw, 401px\" \/><\/a><\/p>\n<p style=\"text-align: justify;\">Si no queremos que se repita lo del \u00faltimo periodo presidencial, hay que desarrollar y profundizar nuestra democracia, la que adem\u00e1s de representativa debe ser participativa e incluyente, as\u00ed como deliberativa, para que se superen los l\u00edmites de los partidos. Hay que consultar y tomar en cuenta a la sociedad civil organizada. Estas son algunas de las lecciones que nos ha dejado la invasi\u00f3n norteamericana de hace 25 a\u00f1os.<\/p>\n<p style=\"text-align: justify;\">En cuanto al poder del Estado, la invasi\u00f3n nos cre\u00f3 un oligopolio o sea, el control del Estado en manos de pocos partido (como si fueran empresas): inicialmente el Partido Paname\u00f1ista y el Partido Revolucionario Democr\u00e1tico y ante el agotamiento del bipartidismo (o sea la alternancia en el poder entre estos dos partidos, cada 5 a\u00f1os), el surgimiento de un tercer partido, Cambio Democr\u00e1tico. Estos fueron los 3 principales partidos que controlaron el poder del Estado paname\u00f1o en los \u00faltimos 25 a\u00f1os. En gran parte, lo que el pa\u00eds vivi\u00f3 con el gobierno de Martinelli se debi\u00f3 a la existencia de este modelo de r\u00e9gimen pol\u00edtico.<\/p>\n<p style=\"text-align: justify;\">Otra de las consecuencias de la invasi\u00f3n del 20\/12, fue la imposici\u00f3n de pol\u00edticas antipopulares por parte de los gobiernos post-invasi\u00f3n. Esta situaci\u00f3n llev\u00f3 al pueblo a las calles a enfrentar dichas medidas neo-liberales, como la privatizaci\u00f3n de las empresas estatales y de servicios b\u00e1sicos.<\/p>\n<p style=\"text-align: justify;\">Lo que vivi\u00f3 la Naci\u00f3n y el pueblo paname\u00f1o nos lleva a la convicci\u00f3n de que la invasi\u00f3n, la guerra y la violencia no deben ser los medios para resolver las crisis que se vivan en cualquier pa\u00eds y mucho menos, si la destrucci\u00f3n llega de un poder extranjero, como fue el caso de Panam\u00e1. Esta otra lecci\u00f3n, tampoco debemos olvidarla, nuestras diferencias, que siempre van a existir, debemos resolverlas por las v\u00edas pac\u00edficas, como las pol\u00edticas, a trav\u00e9s del di\u00e1logo y las negociaciones.<\/p>\n<p style=\"text-align: justify;\"><a href=\"https:\/\/adhilac.com.ar\/wp-content\/uploads\/2014\/12\/Invasion-EEUU-Panama-desde-1989-01.jpg\"><img loading=\"lazy\" decoding=\"async\" class=\"alignnone size-full wp-image-10340\" title=\"Invasion EEUU-Panama desde 1989 -01\" src=\"https:\/\/adhilac.com.ar\/wp-content\/uploads\/2014\/12\/Invasion-EEUU-Panama-desde-1989-01.jpg\" alt=\"\" width=\"544\" height=\"361\" srcset=\"https:\/\/adhilac.com.ar\/wp-content\/uploads\/2014\/12\/Invasion-EEUU-Panama-desde-1989-01.jpg 544w, https:\/\/adhilac.com.ar\/wp-content\/uploads\/2014\/12\/Invasion-EEUU-Panama-desde-1989-01-300x199.jpg 300w\" sizes=\"auto, (max-width: 544px) 100vw, 544px\" \/><\/a><\/p>\n<p style=\"text-align: justify;\">Pero, como la invasi\u00f3n afect\u00f3 a todo el pa\u00eds, a todos los bandos pol\u00edticos, el pueblo paname\u00f1o debe exigir al Gobierno de los Estados Unidos la indemnizaci\u00f3n por los muertos, la destrucci\u00f3n material y el da\u00f1o psicol\u00f3gico ocasionado, principalmente a la ni\u00f1ez del \u201cBarrio M\u00e1rtir del Chorrillo\u201d. La premisa para esta exigencia es que la invasi\u00f3n fue una acci\u00f3n de guerra innecesaria e injustificada, como lo ha afirmado el General retirado Cisneros, quien dirigi\u00f3 dicha acci\u00f3n.<\/p>\n<p style=\"text-align: justify;\">&nbsp;<\/p>\n<p style=\"text-align: justify;\">Las consecuencias de este drama y desgracia es que al pa\u00eds le queda pendiente, para que esto no vuelva a suceder, la tarea de construir una democracia diferente a la que nos dej\u00f3 la invasi\u00f3n. En la coyuntura pol\u00edtica actual, uno de los caminos que nos debe llevar a alcanzar ese anhelo es el combate contra la corrupci\u00f3n, en la forma en que esta se presente, combatir la impunidad y exigir el castigo de los culpables. Por eso, la lucha actual contra la corrupci\u00f3n generalizada e institucional del gobierno de Martinelli, se convierte hoy en una forma de homenaje a los muertos y m\u00e1rtires de la invasi\u00f3n, en el sentido de que su muerte no fue en vano ya que esta debe servir para alcanzar la verdadera democracia paname\u00f1a.<\/p>\n<p style=\"text-align: justify;\">La importancia y significaci\u00f3n del 20 de diciembre en la historia de Panam\u00e1 ha convertido esta fecha en un hito y punto de inflexi\u00f3n por eso, adem\u00e1s de ser un d\u00eda de recogimiento y reflexi\u00f3n debe, tambi\u00e9n ser un d\u00eda de duelo nacional. En la historia del territorio de este istmo, dicha invasi\u00f3n es solo comparable con el genocidio de la poblaci\u00f3n originaria por parte de los europeos y con la guerra civil de los mil d\u00edas, entre liberales y conservadores, cuando todav\u00eda form\u00e1bamos parte de Colombia. Por ello, cada paname\u00f1o debe preguntarse si fue necesaria e inevitable dicha invasi\u00f3n.<\/p>\n<p style=\"text-align: justify;\">\u00a1LOOR A LOS M\u00c1RTIRES Y V\u00cdCTIMAS DE LA INVASI\u00d3N!<\/p>\n<p style=\"text-align: justify;\">\u00a120 DE DICIEMBRE, D\u00cdA DE DUELO NACIONAL!<\/p>\n<p style=\"text-align: justify;\">\u00a1NUNCA OLVIDAR!<\/p>\n<p style=\"text-align: justify;\">Lis\u00edmaco Jacinto L\u00f3pez y L\u00f3pez<\/p>\n<\/div>\n<div style=\"text-align: justify;\">\n<div dir=\"ltr\">\n<div><a href=\"https:\/\/adhilac.com.ar\/wp-content\/uploads\/2014\/12\/Invasion-EEUU-Panama-desde-1989-10.jpg\"><img loading=\"lazy\" decoding=\"async\" class=\"alignnone size-full wp-image-10346\" title=\"Invasion EEUU-Panama desde 1989 -10\" src=\"https:\/\/adhilac.com.ar\/wp-content\/uploads\/2014\/12\/Invasion-EEUU-Panama-desde-1989-10.jpg\" alt=\"\" width=\"439\" height=\"304\" srcset=\"https:\/\/adhilac.com.ar\/wp-content\/uploads\/2014\/12\/Invasion-EEUU-Panama-desde-1989-10.jpg 439w, https:\/\/adhilac.com.ar\/wp-content\/uploads\/2014\/12\/Invasion-EEUU-Panama-desde-1989-10-300x207.jpg 300w\" sizes=\"auto, (max-width: 439px) 100vw, 439px\" \/><\/a><\/div>\n<div><a href=\"https:\/\/adhilac.com.ar\/wp-content\/uploads\/2014\/12\/Invasion-EEUU-Panama-desde-1989-07.jpg\"><img loading=\"lazy\" decoding=\"async\" class=\"alignnone size-full wp-image-10344\" title=\"Invasion EEUU-Panama desde 1989 -07\" src=\"https:\/\/adhilac.com.ar\/wp-content\/uploads\/2014\/12\/Invasion-EEUU-Panama-desde-1989-07.jpg\" alt=\"\" width=\"459\" height=\"314\" srcset=\"https:\/\/adhilac.com.ar\/wp-content\/uploads\/2014\/12\/Invasion-EEUU-Panama-desde-1989-07.jpg 695w, https:\/\/adhilac.com.ar\/wp-content\/uploads\/2014\/12\/Invasion-EEUU-Panama-desde-1989-07-300x205.jpg 300w\" sizes=\"auto, (max-width: 459px) 100vw, 459px\" \/><\/a><\/div>\n<div>\n<p><a href=\"https:\/\/adhilac.com.ar\/wp-content\/uploads\/2014\/12\/Invasion-EEUU-Panama-desde-1989-06.jpg\"><img loading=\"lazy\" decoding=\"async\" class=\"alignnone size-full wp-image-10343\" title=\"Invasion EEUU-Panama desde 1989 -06\" src=\"https:\/\/adhilac.com.ar\/wp-content\/uploads\/2014\/12\/Invasion-EEUU-Panama-desde-1989-06.jpg\" alt=\"\" width=\"456\" height=\"322\" srcset=\"https:\/\/adhilac.com.ar\/wp-content\/uploads\/2014\/12\/Invasion-EEUU-Panama-desde-1989-06.jpg 634w, https:\/\/adhilac.com.ar\/wp-content\/uploads\/2014\/12\/Invasion-EEUU-Panama-desde-1989-06-300x211.jpg 300w\" sizes=\"auto, (max-width: 456px) 100vw, 456px\" \/><\/a><\/p>\n<p>&nbsp;<\/p>\n<p><strong>Publicado por ADHILAC Internacional \u00a9 www.adhilac.com.ar<\/strong><\/p>\n<p>Si Ud. desea asociarse de acuerdo a los Estatutos de ADHILAC\u00a0<a title=\"(ver)\" href=\"https:\/\/adhilac.com.ar\/?page_id=263\">(ver)<\/a> complete el siguiente formulario\u00a0<a title=\"(ver)\" href=\"https:\/\/adhilac.com.ar\/?page_id=3194\">(ver)<\/a><\/p>\n<p>E-mail: info@adhilac.com.ar<strong> <\/strong><\/p>\n<p>Twitter: @AdhilacInfo<\/p>\n<\/div>\n<\/div>\n<\/div>\n","protected":false},"excerpt":{"rendered":"<p>PRONUNCIAMIENTO DEL FRENTE POR LA DEFENSA DE LA DEMOCRACIA SOBRE LA INVASI\u00d3N DE HACE 25 A\u00d1OS Y EL DESTINO DE LA DEMOCRACIA PANAME\u00d1A Veinticinco a\u00f1os en la vida de una naci\u00f3n pueden no ser nada o significar mucho. A nosotros los paname\u00f1os, la invasi\u00f3n de los E.U. nos marc\u00f3 para siempre, a tal punto que [&hellip;]<\/p>\n","protected":false},"author":2,"featured_media":0,"comment_status":"closed","ping_status":"closed","sticky":false,"template":"","format":"standard","meta":{"_crdt_document":"","footnotes":""},"categories":[15,40],"tags":[164,330,497],"class_list":["post-10337","post","type-post","status-publish","format-standard","hentry","category-historia","category-informaciones","tag-estados-unidos","tag-imperialismo","tag-panama"],"_links":{"self":[{"href":"https:\/\/adhilac.com.ar\/index.php?rest_route=\/wp\/v2\/posts\/10337","targetHints":{"allow":["GET"]}}],"collection":[{"href":"https:\/\/adhilac.com.ar\/index.php?rest_route=\/wp\/v2\/posts"}],"about":[{"href":"https:\/\/adhilac.com.ar\/index.php?rest_route=\/wp\/v2\/types\/post"}],"author":[{"embeddable":true,"href":"https:\/\/adhilac.com.ar\/index.php?rest_route=\/wp\/v2\/users\/2"}],"replies":[{"embeddable":true,"href":"https:\/\/adhilac.com.ar\/index.php?rest_route=%2Fwp%2Fv2%2Fcomments&post=10337"}],"version-history":[{"count":5,"href":"https:\/\/adhilac.com.ar\/index.php?rest_route=\/wp\/v2\/posts\/10337\/revisions"}],"predecessor-version":[{"id":10355,"href":"https:\/\/adhilac.com.ar\/index.php?rest_route=\/wp\/v2\/posts\/10337\/revisions\/10355"}],"wp:attachment":[{"href":"https:\/\/adhilac.com.ar\/index.php?rest_route=%2Fwp%2Fv2%2Fmedia&parent=10337"}],"wp:term":[{"taxonomy":"category","embeddable":true,"href":"https:\/\/adhilac.com.ar\/index.php?rest_route=%2Fwp%2Fv2%2Fcategories&post=10337"},{"taxonomy":"post_tag","embeddable":true,"href":"https:\/\/adhilac.com.ar\/index.php?rest_route=%2Fwp%2Fv2%2Ftags&post=10337"}],"curies":[{"name":"wp","href":"https:\/\/api.w.org\/{rel}","templated":true}]}}