{"id":10356,"date":"2015-03-03T04:24:07","date_gmt":"2015-03-03T07:24:07","guid":{"rendered":"https:\/\/adhilac.com.ar\/?p=10356"},"modified":"2015-04-03T07:50:40","modified_gmt":"2015-04-03T10:50:40","slug":"congreso-internacional-de-historia-ambiental-y-economia-ecologica-cali-colombia-mayo-21-23-de-2015","status":"publish","type":"post","link":"https:\/\/adhilac.com.ar\/?p=10356","title":{"rendered":"Congreso Internacional de Historia Ambiental y Econom\u00eda Ecol\u00f3gica. Cali (Colombia), Mayo 21-23 de 2015"},"content":{"rendered":"<h3 style=\"text-align: justify;\"><span style=\"color: #339966;\"><strong><strong><a href=\"https:\/\/adhilac.com.ar\/wp-content\/uploads\/2013\/11\/ADHILAC-para-nosotros.png\"><img loading=\"lazy\" decoding=\"async\" class=\"alignleft\" title=\"ADHILAC-para nosotros\" src=\"https:\/\/adhilac.com.ar\/wp-content\/uploads\/2013\/11\/ADHILAC-para-nosotros.png\" alt=\"\" width=\"264\" height=\"78\" \/><\/a><\/strong><\/strong>\u201cLos conflictos por los ecosistemas estrat\u00e9gicos en Am\u00e9rica Latina y el Caribe. Siglos XIX-XXI\u201d<\/span><\/h3>\n<p style=\"text-align: justify;\">&nbsp;<\/p>\n<p style=\"text-align: justify;\"><strong>NOTA: <\/strong><\/p>\n<p style=\"text-align: justify;\">Se informa a toda la comunidad acad\u00e9mica interesada, que se ha ampliado el plazo de inscripci\u00f3n al Congreso Internacional de Historia Ambiental y Econom\u00eda Ecol\u00f3gica a celebrarse en la ciudad de Santiago de Cali, los d\u00edas 21 al 23 de mayo de 2015. Las solicitudes de inscripci\u00f3n de ponencias pueden enviarse hasta el\u00a0pr\u00f3ximo 20 de enero a los siguientes correos electr\u00f3nicos:<a href=\"mailto:joelcar@hotmail.com\" target=\"_blank\">joelcar@hotmail.com<\/a> y\u00a0<a href=\"mailto:acenethperafan@hotmail.com\" target=\"_blank\">acenethperafan@hotmail.com<\/a>.<\/p>\n<div>\n<div id=\":15t\"><img decoding=\"async\" src=\"https:\/\/ssl.gstatic.com\/ui\/v1\/icons\/mail\/images\/cleardot.gif\" alt=\"\" \/><\/div>\n<\/div>\n<p style=\"text-align: justify;\"><strong>CONGRESO INTERNACIONAL DE HISTORIA AMBIENTAL <\/strong><strong>Y ECONOM\u00cdA ECOL\u00d3GICA \u201cLOS CONFLICTOS POR LOS ECOSISTEM<\/strong>AS <strong>ESTRAT\u00c9GICOS EN AM\u00c9RICA LATINA Y EL CARIBE. SIGLOS XIX-XXI<\/strong>\u201d<\/p>\n<p>Santiago de Cali (Valle del Cauca, Colombia), Mayo 21-23 de 2015<\/p>\n<p><strong> <\/strong><\/p>\n<p><strong> <\/strong><\/p>\n<p><strong>PRESENTACI\u00d3N<!--more--> <\/strong><\/p>\n<p style=\"text-align: justify;\">La Asociaci\u00f3n de Historiadores Latinoamericanos y del Caribe ADHILAC, el Departamento de Historia, el Doctorado Interinstitucional en Ciencias Ambientales, la Maestr\u00eda en Desarrollo Sustentable, el Instituto de Investigaci\u00f3n y Desarrollo en abastecimiento de agua, saneamiento ambiental y conservaci\u00f3n del recurso h\u00eddrico (CINARA) de la Universidad del Valle y la Sociedad Andina de Econom\u00eda Ecol\u00f3gica, en asocio con el Centro Cultural de Cali, invitan\u00a0a los investigadores, docentes y estudiantes de diferentes disciplinas interesados(as) en presentar sus investigaciones y reflexiones acad\u00e9micas sobre temas relacionados con la Historia Ambiental latinoamericana y caribe\u00f1a, para que participen en el <strong>Congreso Internacional de Historia Ambiental y Econom\u00eda Ecol\u00f3gica<\/strong> que se realizar\u00e1 en las instalaciones del Centro Cultural de Cali, en la ciudad de Cali (Colombia) los d\u00edas comprendidos entre el 21 y 23 de mayo de 2015.<\/p>\n<p style=\"text-align: justify;\">&nbsp;<\/p>\n<p style=\"text-align: justify;\">Este congreso internacional ofrece como tema central <strong>\u201cLos conflictos por los ecosistemas estrat\u00e9gicos en Am\u00e9rica latina y el Caribe. Siglos XIX-XXI\u201d<\/strong>. Los temas sobre historia ambiental y econom\u00eda ecol\u00f3gica son conceptos y categor\u00edas cada vez m\u00e1s relevantes para las Ciencias Sociales y Humanas en particular. En el marco de la actual preocupaci\u00f3n por el ambiente, el enfoque de la historia ambiental posibilita la aproximaci\u00f3n al conocimiento hist\u00f3rico de las distintas formas y procedimientos de apropiaci\u00f3n del medio natural, conformando de esta manera un saber que indaga acerca de la acci\u00f3n productora y transformadora del ser humano, lo que conlleva un nexo entre la cultura y la naturaleza que tiene un car\u00e1cter evolutivo.<\/p>\n<p style=\"text-align: justify;\">&nbsp;<\/p>\n<p style=\"text-align: justify;\">Desde el marco anal\u00edtico de la econom\u00eda ecol\u00f3gica, las causas de la generaci\u00f3n de los conflictos ambientales se encuentran en la din\u00e1mica creciente del metabolismo de la sociedad. Esta perspectiva arroja luz sobre la relaci\u00f3n que existe entre la extracci\u00f3n de recursos naturales y la producci\u00f3n de contaminaci\u00f3n, con la creciente aparici\u00f3n de conflictos sociales en el contexto de la din\u00e1mica econ\u00f3mica global.<\/p>\n<p style=\"text-align: justify;\">&nbsp;<\/p>\n<p style=\"text-align: justify;\">A\u00fan cuando se busca que la discusi\u00f3n central se presente sobre estas tem\u00e1ticas, ello no excluye que se ventilen otros temas de importancia vinculados a las distintas ramas de la eco-historia y a nuevas preocupaciones que vienen ocupando lugares destacados dentro de las reflexiones acad\u00e9micas como son las transformaciones de paisajes, las pol\u00edticas de conservaci\u00f3n del patrimonio ambiental, la gesti\u00f3n local y regional sobre biodiversidad, la ecolog\u00eda pol\u00edtica, y por supuesto, la historiograf\u00eda de la historia ambiental latinoamericana y caribe\u00f1a. Los temas de trabajo tendr\u00e1n un espectro temporal delimitado y va desde la centuria decimon\u00f3nica hasta lo que va corrido del siglo XXI.<\/p>\n<p style=\"text-align: justify;\">As\u00ed las cosas, la invitaci\u00f3n a participar en este Congreso Internacional est\u00e1 abierta para todas aquellas personas que desde cualquier campo disciplinar examine con perspectiva hist\u00f3rica las relaciones entre el medio ambiente y la sociedad.<\/p>\n<p style=\"text-align: justify;\"><strong> <\/strong><\/p>\n<p style=\"text-align: justify;\"><strong> <\/strong><\/p>\n<p style=\"text-align: justify;\"><strong>MESAS TEM\u00c1TICAS<\/strong><\/p>\n<p style=\"text-align: justify;\"><strong> <\/strong><\/p>\n<ul style=\"text-align: justify;\">\n<li>Impactos en los recursos naturales y en los      servicios de los ecosistemas, generados por las actividades productivas      (miner\u00eda y actividades agr\u00edcolas, pecuarias, pesqueras, forestales e      industriales)<\/li>\n<li>Transformaciones en ecosistemas estrat\u00e9gicos      (sistemas monta\u00f1osos, bosques, p\u00e1ramos, sabanas, humedales, r\u00edos, mares,      estuarios y zonas costeras mar\u00edtimas y fluviales)<\/li>\n<li>Globalizaci\u00f3n y gobernanza ambiental      (Problem\u00e1ticas ambientales globales: Comercio internacional y ambiente,      Disparidades Norte-Sur, Exportaci\u00f3n de residuos, Tratados internacionales      y ambiente, Deuda Ecol\u00f3gica, Derecho ambiental internacional)<\/li>\n<li>Gesti\u00f3n administrativa (gremial y sectorial)      sobre conservaci\u00f3n del patrimonio ambiental<\/li>\n<li>Pol\u00edticas p\u00fablicas sobre biodiversidad y      estrategias de desarrollo\u00a0 para el      fomento de las eco-regiones<\/li>\n<li>Modelos empresariales de desarrollo      sostenible y sustentables (ecoturismo, bio-comercio, administraci\u00f3n y      promoci\u00f3n de \u00e1reas protegidas, log\u00edsticas verdes y producci\u00f3n limpia)<\/li>\n<li>Tensiones, confrontaciones      y acuerdos en las relaciones internacionales de los pa\u00edses de Am\u00e9rica      Latina y el Caribe sobre la protecci\u00f3n del medioambiente y la      biodiversidad. Relevancia del tema en los procesos de integraci\u00f3n      regional.<\/li>\n<li>Dependencia econ\u00f3mica,      sociocultural y tecnol\u00f3gica en las pr\u00e1cticas p\u00fablicas y privadas de      protecci\u00f3n o desprotecci\u00f3n del medioambiente.<\/li>\n<li>El papel del Estado      (nacional, provincial, estadual, departamental, distrital, municipal,      etc.) en la regulaci\u00f3n y control de las actividades productivas,\u00a0 de obras p\u00fablicas (producci\u00f3n de      energ\u00eda, comunicaciones, etc.) y de protecci\u00f3n del medioambiente frente a      las grandes corporaciones, y su acci\u00f3n frente a pr\u00e1cticas tradicionales      que afectan el medioambiente.<\/li>\n<li>Historiograf\u00eda de la historia ambiental y\/o      eco-historia<\/li>\n<li>La ense\u00f1anza de la historia ambiental<\/li>\n<li>La historia ambiental como objeto de estudio      de las ciencias naturales, sociales y humanas<\/li>\n<li>Teor\u00edas y m\u00e9todos de la historia ambiental<\/li>\n<li>Fuentes, fondos y archivos para la      reconstrucci\u00f3n de la historia ambiental latinoamericana y caribe\u00f1a.<\/li>\n<\/ul>\n<p style=\"text-align: justify;\">&nbsp;<\/p>\n<p>&nbsp;<\/p>\n<p><strong>METODOLOG\u00cdA<\/strong><\/p>\n<p style=\"text-align: justify;\">&nbsp;<\/p>\n<p style=\"text-align: justify;\">El Congreso se realizar\u00e1 con la modalidad de mesas tem\u00e1ticas con ponencias individuales, seguidas de una sesi\u00f3n de preguntas y comentarios de cada una. Tambi\u00e9n se realizar\u00e1n conferencias centrales a cargo de conferencistas invitados.<\/p>\n<p style=\"text-align: justify;\">&nbsp;<\/p>\n<p style=\"text-align: justify;\">Los interesados podr\u00e1n proponer mesas tem\u00e1ticas o enviar ponencias individuales. Las mesas tem\u00e1ticas deber\u00e1n contar con un m\u00ednimo de tres ponencias y un m\u00e1ximo de cinco, y los res\u00famenes ser\u00e1n evaluados individualmente.<\/p>\n<p style=\"text-align: justify;\">&nbsp;<\/p>\n<p style=\"text-align: justify;\"><strong> <\/strong><\/p>\n<p style=\"text-align: justify;\"><strong>PARTICIPACI\u00d3N<\/strong><\/p>\n<p style=\"text-align: justify;\">&nbsp;<\/p>\n<p style=\"text-align: justify;\">Para participar como ponente en el evento los interesados deben enviar una propuesta de ponencia en idioma ingl\u00e9s o espa\u00f1ol, de forma simult\u00e1nea a las siguientes direcciones de correo electr\u00f3nico:<\/p>\n<p style=\"text-align: justify;\"><a href=\"mailto:acenethperafan@hotmail.com\"><strong>acenethperafan@hotmail.com<\/strong><\/a><strong> <\/strong>y <a href=\"mailto:joelcar1@hotmail.com\"><strong>joelcar1@hotmail.com<\/strong><\/a><strong> <\/strong><\/p>\n<p style=\"text-align: justify;\">&nbsp;<\/p>\n<p style=\"text-align: justify;\">La propuesta debe contener la siguiente informaci\u00f3n:<\/p>\n<p style=\"text-align: justify;\"><span style=\"text-decoration: underline;\"> <\/span><\/p>\n<ol style=\"text-align: justify;\">\n<li>Datos personales (nombre y apellido, direcci\u00f3n postal y correo\u00a0\u00a0\u00a0\u00a0 electr\u00f3nico)\n<ol>\n<li>Datos profesionales (grado acad\u00e9mico y pertenencia institucional)<\/li>\n<li>T\u00edtulo de la ponencia, mesa tem\u00e1tica elegida, y un resumen de hasta 500 palabras, que se recibir\u00e1 hasta <strong>el 30 noviembre de 2014 <\/strong><\/li>\n<li>La ponencia completa debe ser enviada <strong>hasta el 31 de enero de 2015<\/strong>, en formato Word, espacio y medio, y con una extensi\u00f3n m\u00e1xima de 20 cuartillas, incluyendo la bibliograf\u00eda. Quien no cumpla con la fecha no podr\u00e1 aparecer en las memorias del evento.<\/li>\n<\/ol>\n<\/li>\n<\/ol>\n<p style=\"text-align: justify;\">&nbsp;<\/p>\n<p style=\"text-align: justify;\">Las cartas de aceptaci\u00f3n de ponencias ser\u00e1n enviadas por los coordinadores del evento hasta el <strong>15 de enero de 2015 <\/strong>y la programaci\u00f3n definitiva saldr\u00e1 el <strong>13 de febrero de 2015<\/strong>.<\/p>\n<p style=\"text-align: justify;\">&nbsp;<\/p>\n<p style=\"text-align: justify;\">&nbsp;<\/p>\n<p><strong>Valor de la inscripci\u00f3n hasta el 31 de enero de 2015:<\/strong><\/p>\n<p style=\"text-align: justify;\">&nbsp;<\/p>\n<p style=\"text-align: justify;\">Ponentes nacionales \u00a0\u00a0\u00a0\u00a0\u00a0\u00a0\u00a0\u00a0\u00a0\u00a0\u00a0\u00a0\u00a0\u00a0\u00a0\u00a0\u00a0\u00a0\u00a0\u00a0\u00a0 $ 200.000<\/p>\n<p style=\"text-align: justify;\">Ponentes extranjeros\u00a0 \u00a0\u00a0\u00a0\u00a0\u00a0\u00a0\u00a0\u00a0\u00a0\u00a0\u00a0\u00a0\u00a0\u00a0\u00a0\u00a0\u00a0\u00a0\u00a0 100 USD<\/p>\n<p style=\"text-align: justify;\">Participantes nacionales \u00a0\u00a0\u00a0 \u00a0\u00a0\u00a0\u00a0\u00a0\u00a0\u00a0\u00a0\u00a0\u00a0\u00a0 $ 250.000<\/p>\n<p style=\"text-align: justify;\">Participantes extranjeros \u00a0\u00a0 \u00a0\u00a0\u00a0\u00a0\u00a0\u00a0\u00a0\u00a0\u00a0\u00a0\u00a0 125 USD<\/p>\n<p style=\"text-align: justify;\">Estudiantes \u00a0\u00a0\u00a0\u00a0\u00a0\u00a0\u00a0\u00a0\u00a0\u00a0\u00a0\u00a0\u00a0\u00a0\u00a0\u00a0\u00a0\u00a0\u00a0\u00a0\u00a0\u00a0\u00a0\u00a0\u00a0 \u00a0\u00a0\u00a0\u00a0\u00a0\u00a0\u00a0\u00a0\u00a0\u00a0\u00a0 $ 150.000<\/p>\n<p style=\"text-align: justify;\"><strong> <\/strong><\/p>\n<p style=\"text-align: justify;\"><strong> <\/strong><\/p>\n<p style=\"text-align: justify;\"><strong> <\/strong><\/p>\n<p style=\"text-align: justify;\"><strong>Valor de la inscripci\u00f3n desde del 1 de febrero de 2015<\/strong><\/p>\n<p style=\"text-align: justify;\"><strong> <\/strong><\/p>\n<p style=\"text-align: justify;\">Ponentes nacionales \u00a0\u00a0\u00a0\u00a0\u00a0\u00a0\u00a0\u00a0\u00a0\u00a0\u00a0\u00a0 \u00a0\u00a0\u00a0\u00a0\u00a0\u00a0\u00a0\u00a0\u00a0\u00a0\u00a0 $ 250.000<\/p>\n<p style=\"text-align: justify;\">Ponentes Extranjeros \u00a0\u00a0\u00a0\u00a0\u00a0\u00a0\u00a0\u00a0\u00a0\u00a0\u00a0\u00a0\u00a0\u00a0\u00a0\u00a0\u00a0\u00a0\u00a0\u00a0\u00a0\u00a0\u00a0 130 USD<\/p>\n<p style=\"text-align: justify;\">Participantes nacionales \u00a0\u00a0\u00a0\u00a0\u00a0\u00a0\u00a0\u00a0\u00a0\u00a0\u00a0\u00a0\u00a0\u00a0\u00a0\u00a0\u00a0 $ 300.000<\/p>\n<p style=\"text-align: justify;\">Participantes extranjeros \u00a0\u00a0\u00a0\u00a0\u00a0\u00a0\u00a0\u00a0\u00a0\u00a0\u00a0\u00a0\u00a0\u00a0\u00a0\u00a0 160 USD<\/p>\n<p style=\"text-align: justify;\">Estudiantes \u00a0\u00a0\u00a0\u00a0\u00a0\u00a0\u00a0\u00a0\u00a0\u00a0\u00a0\u00a0\u00a0\u00a0\u00a0\u00a0\u00a0\u00a0\u00a0\u00a0\u00a0\u00a0\u00a0\u00a0\u00a0\u00a0\u00a0\u00a0\u00a0\u00a0\u00a0\u00a0\u00a0\u00a0\u00a0\u00a0\u00a0\u00a0 $ 200.000<\/p>\n<p style=\"text-align: justify;\"><strong> <\/strong><\/p>\n<p style=\"text-align: justify;\"><strong>Informaci\u00f3n e inscripciones<\/strong><\/p>\n<p style=\"text-align: justify;\">&nbsp;<\/p>\n<p style=\"text-align: justify;\">Dra. Aceneth Peraf\u00e1n Cabrera, Profesora Departamento de Historia, Universidad del Valle: <strong><a href=\"mailto:acenethperafan@hotmail.com\">acenethperafan@hotmail.com<\/a><\/strong><strong> <\/strong><\/p>\n<p style=\"text-align: justify;\"><strong> <\/strong><\/p>\n<p style=\"text-align: justify;\">Dr. Jorge Enrique El\u00edas-Caro: Secretario Ejecutivo Internacional ADHILAC \u00a0<strong><a href=\"mailto:joelcar1@hotmail.com\">joelcar1@hotmail.com<\/a><\/strong>. Ver promoci\u00f3n en <strong><a href=\"http:\/\/www.adhilac.com.ar\/\" target=\"_blank\">www.adhilac.com.ar<\/a><\/strong><strong>.<\/strong><\/p>\n<p style=\"text-align: justify;\">&nbsp;<\/p>\n<p style=\"text-align: justify;\">Consignar en la cuenta N\u00ba 484-93164-7 del Banco de Bogot\u00e1 a nombre de Universidad del Valle (Referencia 026439014) y enviar recibo de consignaci\u00f3n escaneado a las direcciones de correo electr\u00f3nico arriba se\u00f1aladas.<\/p>\n<p style=\"text-align: justify;\">&nbsp;<\/p>\n<p style=\"text-align: justify;\">Tambi\u00e9n se reciben los pagos por valor de inscripci\u00f3n el mismo d\u00eda antes de iniciar el evento al momento de registrar su participaci\u00f3n en el Congreso.<\/p>\n<p style=\"text-align: justify;\"><strong> <\/strong><\/p>\n<p style=\"text-align: justify;\">Si la transferencia es internacional y se har\u00e1 en D\u00f3lares debe hacerse seg\u00fan el siguiente procedimiento.<\/p>\n<p style=\"text-align: justify;\">&nbsp;<\/p>\n<p style=\"text-align: justify;\">INSTRUCCIONES PARA EL ENV\u00cdO DE TRANSFERENCIAS DESDE EL EXTERIOR EN D\u00d3LARES AMERICANOS (USD)<\/p>\n<p style=\"text-align: justify;\">&nbsp;<\/p>\n<p style=\"text-align: justify;\">1. Nombre completo del beneficiario en Colombia: UNIVERSIDAD DEL VALLE<\/p>\n<p style=\"text-align: justify;\">2. N\u00famero de cuenta del beneficiario en Banco de Bogot\u00e1: 484-21073-7<\/p>\n<p style=\"text-align: justify;\">3. Banco Beneficiario:<\/p>\n<p style=\"text-align: justify;\">&nbsp;<\/p>\n<div style=\"text-align: justify;\">\n<table border=\"0\" cellspacing=\"0\" cellpadding=\"0\" width=\"585\">\n<tbody>\n<tr>\n<td width=\"216\" valign=\"bottom\">BANCO   DEL BENEFICIARIO<\/td>\n<td width=\"78\" valign=\"bottom\">CIUDAD<\/td>\n<td width=\"96\" valign=\"bottom\">PA\u00cdS<\/td>\n<td width=\"135\" valign=\"bottom\">SWIFT<\/td>\n<td width=\"60\" valign=\"bottom\">CHIPS<\/td>\n<\/tr>\n<tr>\n<td width=\"216\" valign=\"bottom\">Banco de Bogot\u00e1<\/td>\n<td width=\"78\" valign=\"bottom\">Bogot\u00e1<\/td>\n<td width=\"96\" valign=\"bottom\">Colombia<\/td>\n<td width=\"135\" valign=\"bottom\">BBOGCOBB<\/td>\n<td width=\"60\" valign=\"bottom\">001959<\/td>\n<\/tr>\n<\/tbody>\n<\/table>\n<\/div>\n<p style=\"text-align: justify;\">&nbsp;<\/p>\n<p style=\"text-align: justify;\">4. Banco Corresponsal o Intermediario:<\/p>\n<p style=\"text-align: justify;\">&nbsp;<\/p>\n<div style=\"text-align: justify;\">\n<table border=\"0\" cellspacing=\"0\" cellpadding=\"0\" width=\"625\">\n<tbody>\n<tr>\n<td width=\"155\" valign=\"bottom\">BANCO   CORRESPONSAL<\/td>\n<td width=\"66\" valign=\"bottom\">CIUDAD<\/td>\n<td width=\"40\" valign=\"bottom\">PA\u00cdS<\/td>\n<td width=\"78\" valign=\"bottom\">SWIFT<\/td>\n<td width=\"113\" valign=\"bottom\">CUENTA   DEL BB<\/td>\n<td width=\"84\" valign=\"bottom\">DESTINO<\/td>\n<td width=\"88\" valign=\"bottom\">ABA<\/td>\n<\/tr>\n<tr>\n<td width=\"155\" valign=\"bottom\">CITIBANK<\/td>\n<td width=\"66\" valign=\"bottom\">NY<\/td>\n<td width=\"40\" valign=\"bottom\">USA<\/td>\n<td width=\"78\" valign=\"bottom\">CITIUS33<\/td>\n<td width=\"113\" valign=\"bottom\">10922754<\/td>\n<td width=\"84\" valign=\"bottom\">CLIENTES<\/td>\n<td width=\"88\" valign=\"bottom\">021000089<\/td>\n<\/tr>\n<\/tbody>\n<\/table>\n<\/div>\n<p style=\"text-align: justify;\">&nbsp;<\/p>\n<p style=\"text-align: justify;\">Direcci\u00f3n\u00a0del Banco: Citibank N.A. New York, 111 Wall Street.<\/p>\n<p style=\"text-align: justify;\">&nbsp;<\/p>\n<p style=\"text-align: justify;\">Si la transferencia es \u00a0internacional y se har\u00e1 en Euros debe hacerse seg\u00fan el siguiente procedimiento.<\/p>\n<p style=\"text-align: justify;\">INSTRUCCIONES PARA EL ENV\u00cdO DE TRANSFERENCIAS DESDE EL EXTERIOR EN EUROS (EUR)<\/p>\n<p style=\"text-align: justify;\">&nbsp;<\/p>\n<p style=\"text-align: justify;\">1. Nombre completo del beneficiario en Colombia: UNIVERSIDAD DEL VALLE<\/p>\n<p style=\"text-align: justify;\">2. N\u00famero de cuenta del beneficiario en Banco de Bogot\u00e1: 484-21073-7<\/p>\n<p style=\"text-align: justify;\">3. Banco Beneficiario:<\/p>\n<p style=\"text-align: justify;\">&nbsp;<\/p>\n<div style=\"text-align: justify;\">\n<table border=\"0\" cellspacing=\"0\" cellpadding=\"0\" width=\"625\">\n<tbody>\n<tr>\n<td width=\"231\" valign=\"bottom\">BANCO   DEL BENEFICIARIO<\/td>\n<td width=\"84\" valign=\"bottom\">CIUDAD<\/td>\n<td width=\"103\" valign=\"bottom\">PA\u00cdS<\/td>\n<td width=\"144\" valign=\"bottom\">SWIFT<\/td>\n<td width=\"64\" valign=\"bottom\">CHIPS<\/td>\n<\/tr>\n<tr>\n<td width=\"231\" valign=\"bottom\">Banco de Bogot\u00e1<\/td>\n<td width=\"84\" valign=\"bottom\">Bogot\u00e1<\/td>\n<td width=\"103\" valign=\"bottom\">Colombia<\/td>\n<td width=\"144\" valign=\"bottom\">BBOGCOBB<\/td>\n<td width=\"64\" valign=\"bottom\">001959<\/td>\n<\/tr>\n<\/tbody>\n<\/table>\n<\/div>\n<p style=\"text-align: justify;\">&nbsp;<\/p>\n<p style=\"text-align: justify;\">4. Banco Corresponsal o Intermediario:<\/p>\n<p style=\"text-align: justify;\">&nbsp;<\/p>\n<div style=\"text-align: justify;\">\n<table border=\"0\" cellspacing=\"0\" cellpadding=\"0\" width=\"669\">\n<tbody>\n<tr>\n<td width=\"198\" valign=\"bottom\">BANCO   CORRESPONSAL<\/td>\n<td width=\"89\" valign=\"bottom\">CIUDAD<\/td>\n<td width=\"104\" valign=\"bottom\">PA\u00cdS<\/td>\n<td width=\"109\" valign=\"bottom\">SWIFT<\/td>\n<td width=\"169\" valign=\"bottom\">CUENTA   DEL BB<\/td>\n<\/tr>\n<tr>\n<td width=\"198\" valign=\"bottom\">Deutsche   Bank AG<\/td>\n<td width=\"89\" valign=\"bottom\">Frankfurt<\/td>\n<td width=\"104\" valign=\"bottom\">Alemania<\/td>\n<td width=\"109\" valign=\"bottom\">DEUTDEFF<\/td>\n<td width=\"169\" valign=\"bottom\">10095129220000<\/td>\n<\/tr>\n<\/tbody>\n<\/table>\n<\/div>\n<p style=\"text-align: justify;\"><strong> <\/strong><\/p>\n<p style=\"text-align: justify;\"><strong>Comit\u00e9 Acad\u00e9mico<\/strong><\/p>\n<p style=\"text-align: justify;\"><strong> <\/strong><\/p>\n<p style=\"text-align: justify;\">Dra. Aceneth Peraf\u00e1n Cabrera, Universidad del Valle<\/p>\n<p style=\"text-align: justify;\">Dr. Enrique Javier Pe\u00f1a Salamanca, Universidad del Valle<\/p>\n<p style=\"text-align: justify;\">Dr. Mario Alejandro P\u00e9rez Rinc\u00f3n, Universidad del Valle<\/p>\n<p style=\"text-align: justify;\">Dr. Oscar Buitrago Berm\u00fadez, Universidad del Valle<\/p>\n<p style=\"text-align: justify;\">Msc. Nancy Motta Gonz\u00e1lez, Universidad del Valle<\/p>\n<p style=\"text-align: justify;\">Dr. Jorge Enrique El\u00edas-Caro, ADHILAC<\/p>\n<p style=\"text-align: justify;\">&nbsp;<\/p>\n<p style=\"text-align: justify;\"><strong>Comit\u00e9 Cient\u00edfico<\/strong><\/p>\n<p style=\"text-align: justify;\"><strong> <\/strong><\/p>\n<p style=\"text-align: justify;\">Dr. Sergio Guerra Vilaboy, Presidente ADHILAC<\/p>\n<p style=\"text-align: justify;\">Dra. Stefania Gallini, Universidad Nacional de Colombia<\/p>\n<p style=\"text-align: justify;\">Dra. Sandra Patricia Vilardy Quiroga, Instituto Von Humboldt (Colombia)<\/p>\n<p style=\"text-align: justify;\">Dr. Pablo Camus Gayan, Pontificia Universidad Cat\u00f3lica de Chile<\/p>\n<p style=\"text-align: justify;\">Dr. Valent\u00edn Cabero Di\u00e9guez, Universidad de Salamanca (Espa\u00f1a)<\/p>\n<p style=\"text-align: justify;\">Dr. Reinaldo Funes Monzote, Fundaci\u00f3n Naturaleza y el Hombre (Cuba)<\/p>\n<p style=\"text-align: justify;\">Dra. Elizet Payne, Universidad de Costa Rica (Costa Rica)<\/p>\n<p style=\"text-align: justify;\">Dr. Christian Cwik, Universidad de Colonia (Alemania)<\/p>\n<p style=\"text-align: justify;\">Dr. Joaqu\u00edn Viloria De la Hoz, Banco de la Rep\u00fablica (Colombia)<\/p>\n<p style=\"text-align: justify;\">Dr. Alejo Maldonado Gallardo, Universidad Michoacana (M\u00e9xico)<\/p>\n<p style=\"text-align: justify;\">Dra. Carolina Crisorio, Universidad de Buenos Aires (Argentina)<\/p>\n<p style=\"text-align: justify;\">Dr. Alberto Gull\u00f3n Abao, Universidad de C\u00e1diz (Espa\u00f1a)<\/p>\n<p style=\"text-align: justify;\">Dra. Johannie James Cruz, Universidad Nacional de Colombia<\/p>\n<p style=\"text-align: justify;\">Dra. Paola Mar\u00eda Ungar Ronderos, Instituto Von Humboldt (Colombia)<\/p>\n<p style=\"text-align: justify;\">&nbsp;<\/p>\n<p style=\"text-align: justify;\"><strong> <\/strong><\/p>\n<p style=\"text-align: justify;\"><strong> <\/strong><\/p>\n<p style=\"text-align: justify;\"><strong> <\/strong><\/p>\n<p style=\"text-align: justify;\"><strong> <\/strong><\/p>\n<p style=\"text-align: justify;\"><strong>Entidades que organizan y apoyan<\/strong><\/p>\n<p style=\"text-align: justify;\"><strong> <\/strong><\/p>\n<p style=\"text-align: justify;\">ADHILAC<\/p>\n<p style=\"text-align: justify;\">Universidad del Valle<\/p>\n<p style=\"text-align: justify;\">Biblioteca Departamental del Valle del Cauca<\/p>\n<p style=\"text-align: justify;\">Copa Airlines Colombia<\/p>\n<p style=\"text-align: justify;\">&nbsp;<\/p>\n<p style=\"text-align: justify;\">La aerol\u00ednea oficial del Congreso ofrecer\u00e1 descuentos especiales para los participantes del evento y sus acompa\u00f1antes; asimismo, los hoteles convenidos con la organizaci\u00f3n del Congreso dar\u00e1n tarifas preferenciales. En otra circular se dar\u00e1 informaci\u00f3n m\u00e1s detallada de estos aspectos.<\/p>\n<p style=\"text-align: justify;\"><strong> <\/strong><\/p>\n<p style=\"text-align: justify;\">Hoteles:<\/p>\n<p style=\"text-align: justify;\"><a href=\"https:\/\/adhilac.com.ar\/wp-content\/uploads\/2015\/03\/Nuevos-hoteles-para-Congreso-Historia-Ambiental.pdf\">Nuevos hoteles para Congreso Historia Ambiental<\/a><\/p>\n<p style=\"text-align: justify;\">&nbsp;<\/p>\n<p><strong>Publicado por ADHILAC Internacional \u00a9 www.adhilac.com.ar<\/strong><\/p>\n<p>Si Ud. desea asociarse de acuerdo a los Estatutos de ADHILAC\u00a0<a title=\"(ver)\" href=\"https:\/\/adhilac.com.ar\/?page_id=263\">(ver)<\/a> complete el siguiente formulario\u00a0<a title=\"(ver)\" href=\"https:\/\/adhilac.com.ar\/?page_id=3194\">(ver)<\/a><\/p>\n<p>E-mail: info@adhilac.com.ar<strong> <\/strong><\/p>\n<p>Twitter: @AdhilacInfo<\/p>\n","protected":false},"excerpt":{"rendered":"<p>\u201cLos conflictos por los ecosistemas estrat\u00e9gicos en Am\u00e9rica Latina y el Caribe. Siglos XIX-XXI\u201d &nbsp; NOTA: Se informa a toda la comunidad acad\u00e9mica interesada, que se ha ampliado el plazo de inscripci\u00f3n al Congreso Internacional de Historia Ambiental y Econom\u00eda Ecol\u00f3gica a celebrarse en la ciudad de Santiago de Cali, los d\u00edas 21 al 23 [&hellip;]<\/p>\n","protected":false},"author":37,"featured_media":0,"comment_status":"closed","ping_status":"closed","sticky":false,"template":"","format":"standard","meta":{"_crdt_document":"","footnotes":""},"categories":[69,3],"tags":[593,471],"class_list":["post-10356","post","type-post","status-publish","format-standard","hentry","category-adhilac-colombia","category-adhilac-inter","tag-economia-ecologia","tag-historia-ambiental"],"_links":{"self":[{"href":"https:\/\/adhilac.com.ar\/index.php?rest_route=\/wp\/v2\/posts\/10356","targetHints":{"allow":["GET"]}}],"collection":[{"href":"https:\/\/adhilac.com.ar\/index.php?rest_route=\/wp\/v2\/posts"}],"about":[{"href":"https:\/\/adhilac.com.ar\/index.php?rest_route=\/wp\/v2\/types\/post"}],"author":[{"embeddable":true,"href":"https:\/\/adhilac.com.ar\/index.php?rest_route=\/wp\/v2\/users\/37"}],"replies":[{"embeddable":true,"href":"https:\/\/adhilac.com.ar\/index.php?rest_route=%2Fwp%2Fv2%2Fcomments&post=10356"}],"version-history":[{"count":24,"href":"https:\/\/adhilac.com.ar\/index.php?rest_route=\/wp\/v2\/posts\/10356\/revisions"}],"predecessor-version":[{"id":10645,"href":"https:\/\/adhilac.com.ar\/index.php?rest_route=\/wp\/v2\/posts\/10356\/revisions\/10645"}],"wp:attachment":[{"href":"https:\/\/adhilac.com.ar\/index.php?rest_route=%2Fwp%2Fv2%2Fmedia&parent=10356"}],"wp:term":[{"taxonomy":"category","embeddable":true,"href":"https:\/\/adhilac.com.ar\/index.php?rest_route=%2Fwp%2Fv2%2Fcategories&post=10356"},{"taxonomy":"post_tag","embeddable":true,"href":"https:\/\/adhilac.com.ar\/index.php?rest_route=%2Fwp%2Fv2%2Ftags&post=10356"}],"curies":[{"name":"wp","href":"https:\/\/api.w.org\/{rel}","templated":true}]}}