{"id":10414,"date":"2015-01-23T14:25:21","date_gmt":"2015-01-23T17:25:21","guid":{"rendered":"https:\/\/adhilac.com.ar\/?p=10414"},"modified":"2015-01-26T05:47:05","modified_gmt":"2015-01-26T08:47:05","slug":"x-premio-libertador-al-pensamiento-critico","status":"publish","type":"post","link":"https:\/\/adhilac.com.ar\/?p=10414","title":{"rendered":"X Premio Libertador al Pensamiento Critico."},"content":{"rendered":"<h3><span style=\"color: #339966;\"><strong style=\"text-align: justify; font-size: 13px;\">NOTA<\/strong><strong style=\"text-align: justify; font-size: 13px;\"> <\/strong><strong style=\"text-align: justify; font-size: 13px;\">DE<\/strong><strong style=\"text-align: justify; font-size: 13px;\"> <\/strong><strong style=\"text-align: justify; font-size: 13px;\">PRENSA<\/strong><\/span><\/h3>\n<p style=\"text-align: justify;\"><strong><\/strong><\/p>\n<p style=\"text-align: justify;\"><strong> <\/strong><\/p>\n<p style=\"text-align: justify;\"><strong><a href=\"https:\/\/adhilac.com.ar\/wp-content\/uploads\/2015\/01\/Ch\u00e1vez-y-Bol\u00edvar-Echeverr\u00eda.jpg\"><img loading=\"lazy\" decoding=\"async\" class=\"alignleft size-medium wp-image-10415\" title=\"Ch\u00e1vez y Bol\u00edvar Echeverr\u00eda\" src=\"https:\/\/adhilac.com.ar\/wp-content\/uploads\/2015\/01\/Ch\u00e1vez-y-Bol\u00edvar-Echeverr\u00eda-300x225.jpg\" alt=\"\" width=\"300\" height=\"225\" srcset=\"https:\/\/adhilac.com.ar\/wp-content\/uploads\/2015\/01\/Ch\u00e1vez-y-Bol\u00edvar-Echeverr\u00eda-300x225.jpg 300w, https:\/\/adhilac.com.ar\/wp-content\/uploads\/2015\/01\/Ch\u00e1vez-y-Bol\u00edvar-Echeverr\u00eda.jpg 640w\" sizes=\"auto, (max-width: 300px) 100vw, 300px\" \/><\/a>Contin\u00faa abierta convocatoria para el <\/strong><strong>Premio<\/strong><strong> <\/strong><strong>Libertador<\/strong><strong> <\/strong><strong>al<\/strong><strong> <\/strong><strong>Pensamiento<\/strong><strong> <\/strong><strong>Cr\u00edtico<\/strong><strong> <\/strong><strong>2014<\/strong><strong> <\/strong><\/p>\n<p style=\"text-align: justify;\"><strong>Prensa<\/strong><strong> <\/strong><strong>Red<\/strong><strong> <\/strong><strong>de<\/strong><strong> <\/strong><strong>Intelectuales<\/strong><strong> <\/strong><strong>y<\/strong><strong> <\/strong><strong>Artistas<\/strong><strong> <\/strong><strong>en<\/strong><strong> <\/strong><strong>Defensa<\/strong><strong> <\/strong><strong>de<\/strong><strong> <\/strong><strong>la<\/strong><strong> <\/strong><strong>Humanidad<\/strong><strong> <\/strong><strong>(12-01-15)<\/strong><strong>. <\/strong>Desde el pasado mes de noviembre de 2014 se abri\u00f3 la convocatoria para participar en la X edici\u00f3n del Premio Libertador al Pensamiento Cr\u00edtico 2014, concurso que organiza el Ministerio del Poder Popular para la Cultura (MPPPC), bajo la coordinaci\u00f3n de la Red de Intelectuales, Artistas y Movimientos Sociales en Defensa de la Humanidad y que desde el a\u00f1o 2005, cuando fue instaurado por el Comandante Supremo Hugo Ch\u00e1vez con el prop\u00f3sito de \u201creconocer la labor reflexiva de autores que han desarrollado una visi\u00f3n distinta a la mirada monol\u00edtica del pensamiento \u00fanico\u201d.<!--more--><\/p>\n<p style=\"text-align: justify;\">Desde su creaci\u00f3n el Premio se ha caracterizado por destacar el \u201cesfuerzo te\u00f3rico por clarificar y denunciar aquellas situaciones que atentan contra la libertad e integridad esencial de todo ser humano\u201d; as\u00ed lo expresa el lineamiento base del Premio m\u00e1s importante que se otorga en Venezuela, y probablemente en el mundo de habla hispana.<\/p>\n<p style=\"text-align: justify;\">El Premio Libertador al Pensamiento Cr\u00edtico se otorga a aquella obra que por su postura cr\u00edtica y comprometida con la defensa de la humanidad, analice la realidad contempor\u00e1nea de forma global o sectorial, en cualquiera de los campos de la actividad social. Las Bases del Premio est\u00e1n siendo publicadas por la Red de Intelectuales en su portal: humanidadenred.org.ve y establecen, entre otros aspectos, que ser\u00e1n admitidos \u201clibros editados durante el 1 de enero y el 31 de diciembre del a\u00f1o 2014\u201d.<\/p>\n<p style=\"text-align: justify;\">Si bien el Premio Libertador al Pensamiento Cr\u00edtico reconoce al mejor libro de este g\u00e9nero publicado en castellano durante el a\u00f1o anterior al de la convocatoria (2014), pueden tambi\u00e9n participar aquellos que, editados originalmente en otro idioma, hayan sido traducidos a esta lengua en un lapso no mayor a tres a\u00f1os, y que \u201cdesde las perspectiva de que la construcci\u00f3n de otro mundo es necesaria\u201d, aborde temas como la guerra, la econom\u00eda, la pol\u00edtica, la democracia, la relaci\u00f3n con la naturaleza, los derechos humanos, los derechos de los pueblos, la integraci\u00f3n de los pa\u00edses, el racismo, el imperialismo, entre otros.<\/p>\n<p style=\"text-align: justify;\">El jurado calificador de esta 10ma edici\u00f3n se dar\u00e1 a conocer un mes antes del vencimiento del plazo de consignaci\u00f3n de las obras (15 de abril de 2015) en los portales web del MPPPC (<a href=\"http:\/\/www.mincultura.gob.ve\/\">mincultura.gob.ve<\/a>) y de la Red de Intelectuales, Artistas y Luchadores Sociales en Defensa de la Humanidad (<strong>humanidadenred.org.ve<\/strong>)<\/p>\n<p style=\"text-align: justify;\">El autor o autora de la obra galardonada ceder\u00e1 autom\u00e1ticamente los derechos de autor al MPPPC, ente que podr\u00e1 ejecutar la publicaci\u00f3n de la misma tanta veces como sea necesaria \u201cen Venezuela, en el resto de Nuestra Am\u00e9rica, as\u00ed como en otras regiones donde se considere pertinente su divulgaci\u00f3n\u201d.<\/p>\n<p style=\"text-align: justify;\">El ganador del Premio Libertador al Pensamiento Cr\u00edtico se hace acreedor de un monto de 150 mil d\u00f3lares, una pieza escult\u00f3rica representativa, un certificado y la publicaci\u00f3n de su obra por parte del MPPPC. El acto de premiaci\u00f3n se har\u00e1 en ceremonia p\u00fablica en la ciudad de Caracas.<\/p>\n<p style=\"text-align: justify;\">Las obras concursantes deben ser consignadas en las oficinas de la Red de Intelectuales, Artistas y Luchadores Sociales en Defensa de la Humanidad, ubicada en la Torre Norte del Centro Sim\u00f3n Bol\u00edvar, Piso 26, Caracas, Venezuela. Cualquier informaci\u00f3n adicional pueden escribir al siguiente correo: <a href=\"mailto:premiolibertador2014@gmail.com\">premiolibertador2014@gmail.com<\/a><strong> <\/strong><strong>(Fin\/)<\/strong><\/p>\n<p style=\"text-align: justify;\">&nbsp;<\/p>\n<p style=\"text-align: justify;\"><strong>REP\u00daBLICA BOLIVARIANA DE VENEZUELA- <\/strong><strong>MINISTERIO DEL PODER POPULAR PARA LA CULTURA<\/strong><\/p>\n<p style=\"text-align: justify;\"><strong>X PREMIO LIBERTADOR AL PENSAMIENTO CR\u00cdTICO &#8211; Edici\u00f3n 2014<\/strong><\/p>\n<p style=\"text-align: justify;\"><strong>El Ministerio del Poder Popular para la Cultura de la Rep\u00fablica Bolivariana de Venezuela hace p\u00fablica la presente convocatoria, con car\u00e1cter internacional, para el Premio Libertador al Pensamiento Cr\u00edtico, el cual se regir\u00e1 por las siguientes bases:<\/strong><strong> <\/strong><\/p>\n<p style=\"text-align: justify;\">&nbsp;<\/p>\n<p style=\"text-align: justify;\"><strong>Primera<\/strong><br \/>\nSe entiende por obra de pensamiento cr\u00edtico, a efectos de la presente convocatoria, a toda aquella obra escrita que, de una u otra manera, desde una posici\u00f3n comprometida con la defensa de la humanidad y desde la perspectiva de que la construcci\u00f3n de otro mundo es necesaria, analice cr\u00edticamente la realidad del mundo contempor\u00e1neo, en forma global o sectorial, en cualquiera de los campos de la actividad social. As\u00ed, la guerra, la econom\u00eda, la pol\u00edtica, la democracia, la relaci\u00f3n con la naturaleza, los derechos humanos, los derechos de los pueblos, la integraci\u00f3n de los pa\u00edses, el racismo, el imperialismo, son temas, entre otros, que pueden ser objeto de ese ejercicio de pensamiento cr\u00edtico.<\/p>\n<p style=\"text-align: justify;\">&nbsp;<\/p>\n<p style=\"text-align: justify;\"><strong>Segunda. <\/strong>El premio ser\u00e1 concedido anualmente al autor o autora del mejor libro editado por primera vez en castellano durante el a\u00f1o referido por la convocatoria. La convocatoria admite libros originalmente escritos o publicados en otros idiomas, siempre y cuando la edici\u00f3n original no anteceda en m\u00e1s de tres a\u00f1os al de su publicaci\u00f3n en castellano.<\/p>\n<p style=\"text-align: justify;\">&nbsp;<\/p>\n<p style=\"text-align: justify;\"><strong>Tercera. <\/strong>El premio consistir\u00e1 en una peque\u00f1a pieza escult\u00f3rica representativa, dise\u00f1ada al efecto, el certificado o diploma correspondiente, la cantidad de ciento cincuenta mil d\u00f3lares (US$ 150.000), libres de impuestos, y la publicaci\u00f3n de la obra.<\/p>\n<p style=\"text-align: justify;\">&nbsp;<\/p>\n<p style=\"text-align: justify;\"><strong>Cuarta. <\/strong>La presente convocatoria 2014, se refiere a libros editados durante el primero de enero de 2014 y el 31 de diciembre del a\u00f1o 2014.<\/p>\n<p style=\"text-align: justify;\">&nbsp;<\/p>\n<p style=\"text-align: justify;\"><strong>Quinta. <\/strong>Los libros deben ser presentados directamente o por correo certificado (privado o p\u00fablico) por su autor o autora, con la autorizaci\u00f3n irrestricta de la editorial en la que hayan sido publicados con anterioridad. Se admitir\u00e1n libros escritos por m\u00e1s de un autor o autora y los mismos podr\u00e1n participar en este certamen, no importa el lugar del mundo donde residan.<\/p>\n<p style=\"text-align: justify;\">&nbsp;<\/p>\n<p style=\"text-align: justify;\"><strong>Sexta. <\/strong>Las obras deber\u00e1n ser enviadas en n\u00famero de siete (7) ejemplares a la siguiente direcci\u00f3n: Ministerio del Poder Popular para la Cultura de Venezuela, Red de Intelectuales, Artistas y Movimientos Sociales en Defensa de la Humanidad, Torre Norte del Centro Sim\u00f3n Bol\u00edvar, Piso 26. C\u00f3digoPostal 1010. Caracas, Venezuela; acompa\u00f1adas de una comunicaci\u00f3n donde se indique claramente el objetivo de querer participar en el Premio Libertador al Pensamiento Cr\u00edtico. En el env\u00edo se incluir\u00e1n los datos personales del autor o autora: nombre y apellido, direcci\u00f3n completa, tel\u00e9fonos de contacto, correo electr\u00f3nico, as\u00ed como foto actualizada y resumen curricular.<\/p>\n<p style=\"text-align: justify;\">Para un mejor control de que su obra llegar\u00e1 a destino, se recomienda notificar al correo <a href=\"mailto:premiolibertador2014@gmail.com\">premiolibertador2014@gmail.com<\/a> que se ha enviado la misma, anexando copia del recibo entregado por el servicio de correos utilizado.<\/p>\n<p style=\"text-align: justify;\">&nbsp;<\/p>\n<p style=\"text-align: justify;\"><strong>S\u00e9ptima. <\/strong>El plazo para la admisi\u00f3n de obras participantes vence, para la presente convocatoria, el 15 de abril de 2014. Se admitir\u00e1n las obras que hayan sido enviadas por correo y tengan matasellos de origen de esta fecha o anterior. La lista de participantes ser\u00e1 hecha p\u00fablica en la p\u00e1gina web del Ministerio del Poder Popular para la Cultura de la Rep\u00fablica Bolivariana de Venezuela, as\u00ed como de la Red de Intelectuales, Artistas y Movimientos Sociales en Defensa de la Humanidad.<\/p>\n<p style=\"text-align: justify;\">&nbsp;<\/p>\n<p style=\"text-align: justify;\"><strong>Octava. <\/strong>El jurado estar\u00e1 constituido por cinco miembros, entre los cuales no debe haber m\u00e1s de dos venezolanos. La composici\u00f3n del jurado para la Convocatoria 2014 ser\u00e1 publicada en dichas p\u00e1ginas web un mes antes del vencimiento del plazo de consignaci\u00f3n de las obras. El jurado deber\u00e1 producir su veredicto durante la \u00faltima semana del mes de junio y acompa\u00f1arlo con un juicio razonado sobre la calidad e importancia de la obra premiada.<\/p>\n<p style=\"text-align: justify;\">&nbsp;<\/p>\n<p style=\"text-align: justify;\"><strong>Novena. <\/strong>El premio ser\u00e1 otorgado por mayor\u00eda de votos y no podr\u00e1 ser dividido ni declarado desierto. El jurado podr\u00e1 destacar con menciones, hasta cinco de las obras participantes. Se deja establecido espec\u00edficamente para todas las convocatorias que el haber obtenido con anterioridad el Premio Libertador al Pensamiento Cr\u00edtico, no le impide a un autor o autora volver a participar.<\/p>\n<p style=\"text-align: justify;\">&nbsp;<\/p>\n<p style=\"text-align: justify;\"><strong>D\u00e9cima. <\/strong>El Premio ser\u00e1 entregado al ganador o ganadora en un acto p\u00fablico en la ciudad de Caracas, en fecha que ser\u00e1 anunciada oportunamente.<\/p>\n<p style=\"text-align: justify;\">&nbsp;<\/p>\n<p style=\"text-align: justify;\"><strong>Und\u00e9cima. <\/strong>El autor o autora de la obra galardonada con el Premio Libertador al Pensamiento Cr\u00edtico, otorgar\u00e1 autom\u00e1ticamente permiso al Ministerio del Poder Popular para la Cultura para publicar la obra, tantas veces como sea necesario, en Venezuela, en el resto de Nuestra Am\u00e9rica, as\u00ed como en otras regiones donde se considere pertinente su divulgaci\u00f3n.<\/p>\n<p style=\"text-align: justify;\">&nbsp;<\/p>\n<p style=\"text-align: justify;\"><strong>Duod\u00e9cima. <\/strong>La participaci\u00f3n en esta convocatoria implica la aceptaci\u00f3n, sin reservas, de las presentes bases. Lo no previsto en ellas ser\u00e1 resuelto por el Ministerio del Poder Popular para la Cultura de la Rep\u00fablica Bolivariana de Venezuela.<\/p>\n<p style=\"text-align: justify;\">&nbsp;<\/p>\n<p style=\"text-align: justify;\">Reinaldo Iturriza<\/p>\n<p style=\"text-align: justify;\"><strong>Ministro del Poder Popular para la Cultura <\/strong><\/p>\n<p style=\"text-align: justify;\">&nbsp;<\/p>\n<p style=\"text-align: justify;\">Direcci\u00f3n: Ministerio del Poder Popular para la Cultura. Red de Intelectuales, Artistas y Movimientos Sociales en Defensa de la Humanidad, Torre Norte del Centro Sim\u00f3n Bol\u00edvar, Piso 26. C\u00f3digo Postal 1010. Caracas, Venezuela.<\/p>\n<p style=\"text-align: justify;\">Tel\u00e9fonos: +58 (212) 509.57.19. E-mail: <a href=\"mailto:premiolibertador2014@gmail.com\">premiolibertador2014@gmail.com<\/a><\/p>\n<p style=\"text-align: justify;\">Web: <a href=\"http:\/\/www.ministeriodelacultura.gob.ve\/\">www.ministeriodelacultura.gob.ve<\/a> | <a href=\"http:\/\/www.humanidadenred.org.ve\/\">www.humanidadenred.org.ve<\/a><\/p>\n<p style=\"text-align: justify;\">&nbsp;<\/p>\n<p style=\"text-align: justify;\"><strong>Rif. <\/strong>G-20004640-6 <strong>| Dep\u00f3sito legal<\/strong><\/p>\n<p style=\"text-align: justify;\">Baje los documentos en pdf<\/p>\n<p style=\"text-align: justify;\"><strong><a href=\"https:\/\/adhilac.com.ar\/wp-content\/uploads\/2015\/01\/Bases-Premio-Libertador.pdf\">Bases Premio Libertador<\/a><\/strong><\/p>\n<p style=\"text-align: justify;\"><strong><a href=\"https:\/\/adhilac.com.ar\/wp-content\/uploads\/2015\/01\/Nuestro-Premio-Libertador_-Legado-cr\u00edtico.pdf\">Nuestro Premio Libertador_ Legado cr\u00edtico<\/a><br \/>\n<\/strong><\/p>\n<p>&nbsp;<\/p>\n<p><strong>Publicado por ADHILAC Internacional \u00a9 www.adhilac.com.ar<\/strong><\/p>\n<p>Si Ud. desea asociarse de acuerdo a los Estatutos de ADHILAC\u00a0<a title=\"(ver)\" href=\"https:\/\/adhilac.com.ar\/?page_id=263\">(ver)<\/a> complete el formulario correspondiente\u00a0<a title=\"(Ver)\" href=\"https:\/\/adhilac.com.ar\/?page_id=4779\" target=\"_blank\">(ver)<\/a><\/p>\n<p>E-mail:\u00a0<a title=\"info@adhilac.com.ar\" href=\"https:\/\/adhilac.com.ar\/info@adhilac.com.ar\" target=\"_blank\">info@adhilac.com.ar<\/a> \u2013 \u00a0Twitter: @AdhilacInfo<\/p>\n","protected":false},"excerpt":{"rendered":"<p>NOTA DE PRENSA Contin\u00faa abierta convocatoria para el Premio Libertador al Pensamiento Cr\u00edtico 2014 Prensa Red de Intelectuales y Artistas en Defensa de la Humanidad (12-01-15). Desde el pasado mes de noviembre de 2014 se abri\u00f3 la convocatoria para participar en la X edici\u00f3n del Premio Libertador al Pensamiento Cr\u00edtico 2014, concurso que organiza el [&hellip;]<\/p>\n","protected":false},"author":1,"featured_media":0,"comment_status":"closed","ping_status":"closed","sticky":false,"template":"","format":"standard","meta":{"_crdt_document":"","footnotes":""},"categories":[384,40],"tags":[168,383],"class_list":["post-10414","post","type-post","status-publish","format-standard","hentry","category-cientistas-sociales","category-informaciones","tag-pensamiento-critico","tag-premio"],"_links":{"self":[{"href":"https:\/\/adhilac.com.ar\/index.php?rest_route=\/wp\/v2\/posts\/10414","targetHints":{"allow":["GET"]}}],"collection":[{"href":"https:\/\/adhilac.com.ar\/index.php?rest_route=\/wp\/v2\/posts"}],"about":[{"href":"https:\/\/adhilac.com.ar\/index.php?rest_route=\/wp\/v2\/types\/post"}],"author":[{"embeddable":true,"href":"https:\/\/adhilac.com.ar\/index.php?rest_route=\/wp\/v2\/users\/1"}],"replies":[{"embeddable":true,"href":"https:\/\/adhilac.com.ar\/index.php?rest_route=%2Fwp%2Fv2%2Fcomments&post=10414"}],"version-history":[{"count":3,"href":"https:\/\/adhilac.com.ar\/index.php?rest_route=\/wp\/v2\/posts\/10414\/revisions"}],"predecessor-version":[{"id":10431,"href":"https:\/\/adhilac.com.ar\/index.php?rest_route=\/wp\/v2\/posts\/10414\/revisions\/10431"}],"wp:attachment":[{"href":"https:\/\/adhilac.com.ar\/index.php?rest_route=%2Fwp%2Fv2%2Fmedia&parent=10414"}],"wp:term":[{"taxonomy":"category","embeddable":true,"href":"https:\/\/adhilac.com.ar\/index.php?rest_route=%2Fwp%2Fv2%2Fcategories&post=10414"},{"taxonomy":"post_tag","embeddable":true,"href":"https:\/\/adhilac.com.ar\/index.php?rest_route=%2Fwp%2Fv2%2Ftags&post=10414"}],"curies":[{"name":"wp","href":"https:\/\/api.w.org\/{rel}","templated":true}]}}