{"id":10460,"date":"2015-03-28T07:22:52","date_gmt":"2015-03-28T10:22:52","guid":{"rendered":"https:\/\/adhilac.com.ar\/?p=10460"},"modified":"2015-04-03T07:48:24","modified_gmt":"2015-04-03T10:48:24","slug":"coloquio-internacional-antiimperialismo-latinoamericano-costa-rica-13-al-15-de-abril-de-2015","status":"publish","type":"post","link":"https:\/\/adhilac.com.ar\/?p=10460","title":{"rendered":"Coloquio Internacional &#8211; Antiimperialismo Latinoamericano. Costa Rica. 13 al 15 de abril de 2015"},"content":{"rendered":"<h3 style=\"text-align: right;\"><span style=\"color: #339966;\"><a href=\"https:\/\/adhilac.com.ar\/wp-content\/uploads\/2015\/02\/coloqAnttim.jpg\"><img loading=\"lazy\" decoding=\"async\" class=\"size-full wp-image-10501 alignleft\" title=\"coloqAnttim\" src=\"https:\/\/adhilac.com.ar\/wp-content\/uploads\/2015\/02\/coloqAnttim.jpg\" alt=\"\" width=\"259\" height=\"332\" srcset=\"https:\/\/adhilac.com.ar\/wp-content\/uploads\/2015\/02\/coloqAnttim.jpg 431w, https:\/\/adhilac.com.ar\/wp-content\/uploads\/2015\/02\/coloqAnttim-233x300.jpg 233w\" sizes=\"auto, (max-width: 259px) 100vw, 259px\" \/><\/a>Historia, memoria, tradiciones, legados y pr\u00e1cticas contempor\u00e1neas<\/span><\/h3>\n<p>Heredia, 22 de enero de 2015<\/p>\n<p>CIRCULAR 04-2015<\/p>\n<p style=\"text-align: justify;\">Estimados Profesores: La Universidad Nacional de Costa Rica, la Vicerrector\u00eda de Extensi\u00f3n, el Instituto de Estudios Latinoamericanos (IDELA), en colaboraci\u00f3n con el Grupo de Trabajo CLACSO sobre el antiimperialismo en Am\u00e9rica Latina. Discursos, pr\u00e1cticas, imaginarios, y la Universidad Cat\u00f3lica Redemptoris Mater (UNICA) de Nicaragua,\u00a0se complacen recordarle que el Coloquio Internacional El Antiimperialismo Latinoamericano \u2013historia, memoria, tradiciones y pr\u00e1cticas-, se llevar\u00e1 a cabo entre el 13 y el 15 de abril de 2015 en el Campus Omar Dengo de la Universidad Nacional de Costa Rica, sita en la ciudad de Heredia, Costa Rica.<!--more--><\/p>\n<p style=\"text-align: justify;\">En el primer Coloquio Internacional sobre esta tem\u00e1tica, El antiimperialismo latinoamericano \u2013discursos y pr\u00e1cticas. Homenaje a Augusto C\u00e9sar Sandino-, realizado en la sede de la Universidad UNICA en Managua, Nicaragua, ejecutado en junio del 2014, se resolvi\u00f3 realizar un segundo Coloquio en Costa Rica, en v\u00edsperas de la conmemoraci\u00f3n en el 2016 en este pa\u00eds, y en toda Centroam\u00e9rica, de la conmemoraci\u00f3n de la Guerra Centroamericana contra los Filibusteros, que tiene como fecha emblem\u00e1tica para Costa Rica la llamada Batalla de Rivas del 11 de abril de 1856, de la cual se cumple el 160 aniversario.<\/p>\n<p style=\"text-align: justify;\">Es en este contexto que llamamos a celebrar el Coloquio Internacional Antiimperialismo Latinoamericano en el seno del Instituto de Estudios Latinoamericanos de la Universidad Nacional de Costa Rica, unidad acad\u00e9mica que, a trav\u00e9s de sus m\u00e1s de 40 a\u00f1os de existencia, ha tenido esta dimensi\u00f3n de la identidad y la pr\u00e1ctica pol\u00edtica latinoamericana como central.<\/p>\n<p style=\"text-align: justify;\"><strong>Fechas importantes:<\/strong><\/p>\n<p style=\"text-align: justify;\">&#8211; Fecha l\u00edmite para el env\u00edo de resumen de ponencia: <strong>s\u00e1bado 28 de febrero de 201<\/strong>5.<\/p>\n<p style=\"text-align: justify;\">&#8211; Fecha l\u00edmite de recepci\u00f3n de ponencia texto completo: <strong>viernes 13 de marzo de 2015<\/strong>.<\/p>\n<p style=\"text-align: justify;\">Como indicamos en la primera circular, este evento es organizado por el Instituto de Estudios Latinoamericanos y la Vicerrector\u00eda de Extensi\u00f3n de la UNA, en las personas de la Dra. Marybel Soto Ram\u00edrez, el Dr. Rafael Cuevas Molina y un servidor Dr. Mario Oliva Medina.<\/p>\n<p style=\"padding-left: 30px; text-align: justify;\"><strong>Contactos:<\/strong><\/p>\n<p style=\"text-align: justify;\"><strong>Coordinaci\u00f3n general <\/strong><br \/>\nDr. Mario Oliva Medina \u00a0&#8211; \u00a0mario.oliva.medina@una.cr<\/p>\n<p style=\"text-align: justify;\"><strong>Coordinaci\u00f3n acad\u00e9mica<\/strong><br \/>\nDr. Rafael Cuevas M. \u00a0&#8211;\u00a0rafael.cuevas.molina@una.cr<br \/>\nDra. Marybel Soto R. &#8211;\u00a0marybelsoto09@gmail.com<\/p>\n<p style=\"text-align: justify;\">Cualquier otro particular, se pueden dirigir a la Vicerrector\u00eda de Extensi\u00f3n de la Universidad Nacional, Heredia Costa Rica, mediante los n\u00fameros +5062277- 3419, +5062277-3119, fax +5062237-6465, a los correos electr\u00f3nicos victor.vargas.gonzalez@una.cr o extension@una.cr<\/p>\n<p style=\"text-align: justify;\">Atentamente,<\/p>\n<p style=\"text-align: justify;\">Dr. Mario Oliva Medina<\/p>\n<p style=\"text-align: justify;\">Baje la Circular en pdf<\/p>\n<p style=\"text-align: justify;\"><a href=\"https:\/\/adhilac.com.ar\/wp-content\/uploads\/2015\/02\/C-I-Antiimperialismo-Latinoamericano.pdf\">C-I-Antiimperialismo Latinoamericano<\/a><\/p>\n<p><strong>Publicado por ADHILAC Internacional \u00a9 www.adhilac.com.ar<\/strong><\/p>\n<p>Si Ud.\u00a0DESEA Asociarse de acuerdo a los Estatutos de ADHILAC\u00a0<a title=\"(Ver)\" href=\"https:\/\/adhilac.com.ar\/?page_id=263\">(ver)<\/a> Completa el Formulario Correspondiente\u00a0<a title=\"(Ver)\" href=\"https:\/\/adhilac.com.ar\/?page_id=4779\" target=\"_blank\">(ver)<\/a><\/p>\n<p>E-mail:\u00a0<a title=\"info@adhilac.com.ar\" href=\"https:\/\/adhilac.com.ar\/info@adhilac.com.ar\" target=\"_blank\">info@adhilac.com.ar<\/a><strong> <\/strong><\/p>\n<p>Twitter: @ AdhilacInfo<\/p>\n<p style=\"text-align: justify;\">&nbsp;<\/p>\n","protected":false},"excerpt":{"rendered":"<p>Historia, memoria, tradiciones, legados y pr\u00e1cticas contempor\u00e1neas Heredia, 22 de enero de 2015 CIRCULAR 04-2015 Estimados Profesores: La Universidad Nacional de Costa Rica, la Vicerrector\u00eda de Extensi\u00f3n, el Instituto de Estudios Latinoamericanos (IDELA), en colaboraci\u00f3n con el Grupo de Trabajo CLACSO sobre el antiimperialismo en Am\u00e9rica Latina. Discursos, pr\u00e1cticas, imaginarios, y la Universidad Cat\u00f3lica Redemptoris [&hellip;]<\/p>\n","protected":false},"author":2,"featured_media":0,"comment_status":"closed","ping_status":"closed","sticky":false,"template":"","format":"standard","meta":{"_crdt_document":"","footnotes":""},"categories":[5,40],"tags":[487,414],"class_list":["post-10460","post","type-post","status-publish","format-standard","hentry","category-congresos","category-informaciones","tag-antiimperialismo","tag-historia-america-latina"],"_links":{"self":[{"href":"https:\/\/adhilac.com.ar\/index.php?rest_route=\/wp\/v2\/posts\/10460","targetHints":{"allow":["GET"]}}],"collection":[{"href":"https:\/\/adhilac.com.ar\/index.php?rest_route=\/wp\/v2\/posts"}],"about":[{"href":"https:\/\/adhilac.com.ar\/index.php?rest_route=\/wp\/v2\/types\/post"}],"author":[{"embeddable":true,"href":"https:\/\/adhilac.com.ar\/index.php?rest_route=\/wp\/v2\/users\/2"}],"replies":[{"embeddable":true,"href":"https:\/\/adhilac.com.ar\/index.php?rest_route=%2Fwp%2Fv2%2Fcomments&post=10460"}],"version-history":[{"count":10,"href":"https:\/\/adhilac.com.ar\/index.php?rest_route=\/wp\/v2\/posts\/10460\/revisions"}],"predecessor-version":[{"id":10642,"href":"https:\/\/adhilac.com.ar\/index.php?rest_route=\/wp\/v2\/posts\/10460\/revisions\/10642"}],"wp:attachment":[{"href":"https:\/\/adhilac.com.ar\/index.php?rest_route=%2Fwp%2Fv2%2Fmedia&parent=10460"}],"wp:term":[{"taxonomy":"category","embeddable":true,"href":"https:\/\/adhilac.com.ar\/index.php?rest_route=%2Fwp%2Fv2%2Fcategories&post=10460"},{"taxonomy":"post_tag","embeddable":true,"href":"https:\/\/adhilac.com.ar\/index.php?rest_route=%2Fwp%2Fv2%2Ftags&post=10460"}],"curies":[{"name":"wp","href":"https:\/\/api.w.org\/{rel}","templated":true}]}}