{"id":10523,"date":"2015-03-26T12:37:42","date_gmt":"2015-03-26T15:37:42","guid":{"rendered":"https:\/\/adhilac.com.ar\/?p=10523"},"modified":"2015-04-03T07:51:53","modified_gmt":"2015-04-03T10:51:53","slug":"coloquio-internacional-%e2%80%9cla-integracion-en-america-latina-y-el-caribe-alternativas-historicas-y-proyeccion-actual-a-200-anos-de-la-carta-de-jamaica-de-simon-bolivar%e2%80%9d","status":"publish","type":"post","link":"https:\/\/adhilac.com.ar\/?p=10523","title":{"rendered":"Coloquio Internacional \u201cLa integraci\u00f3n en Am\u00e9rica Latina y el Caribe: alternativas hist\u00f3ricas y proyecci\u00f3n actual\u00bb. La Habana. 6-9 septiembre 2015"},"content":{"rendered":"<h3><span style=\"color: #339966;\">A 200 a\u00f1os de la Carta de Jamaica de Sim\u00f3n Bol\u00edvar<\/span><\/h3>\n<p><strong><span style=\"color: #000000;\">SEGUNDA CIRCULAR<\/span><\/strong><\/p>\n<p style=\"text-align: justify;\"><strong>La Habana. 6 a 9 de septiembre de 2015<\/strong><\/p>\n<p style=\"text-align: justify;\">La Secci\u00f3n Cubana de la Asociaci\u00f3n de Historiadores Latinoamericanos y del Caribe (ADHILAC) y la C\u00e1tedra Bolivariana de la Universidad de La Habana, reitera la convocatoria al<strong> Coloquio Internacional \u201c<em>La integraci\u00f3n en Am\u00e9rica Latina y el Caribe: alternativas hist\u00f3ricas y proyecci\u00f3n actual, a 200 a\u00f1os de la Carta de Jamaica de Sim\u00f3n Bol\u00edvar\u201d, <\/em><\/strong>en ocasi\u00f3n de conmemorarse el bicentenario de su elaboraci\u00f3n por el <em>Libertador<\/em> el 6 de septiembre de 1815<em>. <\/em>Este coloquio internacional se desarrollar\u00e1 entre los d\u00edas 6 y 9 de septiembre de 2015 \u00a0y tendr\u00e1 por sede la Casa Sim\u00f3n Bol\u00edvar y\u00a0 la Casa del Benem\u00e9rito de las Am\u00e9ricas \u201cBenito Ju\u00e1rez\u201d, ambas situadas en la calle Mercaderes en La Habana Vieja, Cuba.<!--more--> El Coloquio cuenta con el coauspicio de las siguientes instituciones o asociaciones:<\/p>\n<p style=\"padding-left: 30px;\">-Oficina del Historiador de la Ciudad de La Habana<br \/>\n-Instituto de Historia de Cuba<br \/>\n-Red de Intelectuales, Artistas y Movimientos Sociales En Defensa de la Humanidad<br \/>\n-Red de Integraci\u00f3n de Am\u00e9rica Latina y el Caribe (REDIALC)<br \/>\n-Centro de Cultura Hispanoamericano de la Universidad de Huelva (Espa\u00f1a)<br \/>\n-Instituto de Estudios Hispanoamericanos de la Universidad Central de Venezuela (UCV)<br \/>\n-Centro de Investigaciones sobre Am\u00e9rica Latina y el Caribe de la .Universidad Nacional Aut\u00f3noma de M\u00e9xico (UNAM)<br \/>\n-Universidad Andina Sim\u00f3n Bol\u00edvar (Ecuador)<\/p>\n<p>El temario contempla los siguientes temas y mesas de trabajo:<\/p>\n<p style=\"text-align: justify;\"><span style=\"font-family: Consolas, Monaco, 'Courier New', Courier, monospace; font-size: 12px; line-height: 18px;\"> <\/span><\/p>\n<p style=\"padding-left: 30px; text-align: justify;\">-Primeras ideas y proyectos de uni\u00f3n hispanoamericana.<\/p>\n<p style=\"padding-left: 30px;\"><span style=\"text-align: justify;\">-Las ideas de Francisco Miranda y el continente colombiano.<\/span><\/p>\n<p style=\"padding-left: 30px; text-align: justify;\">-El ideal unionista durante las luchas por la independencia.<\/p>\n<p style=\"padding-left: 30px; text-align: justify;\">-La Carta de Jamaica de Bol\u00edvar y su trascendencia hist\u00f3rica.<\/p>\n<p style=\"padding-left: 30px; text-align: justify;\">-La Carta de Jamaica y el Congreso de Viena.<\/p>\n<p style=\"padding-left: 30px; text-align: justify;\">-El Congreso de Panam\u00e1.<\/p>\n<p style=\"padding-left: 30px; text-align: justify;\">-La disgregaci\u00f3n hispanoamericana.<\/p>\n<p style=\"padding-left: 30px; text-align: justify;\">-Recuperaci\u00f3n del legado del Congreso <em>anficti\u00f3nico durante el siglo XIX.<\/em><\/p>\n<h1 style=\"padding-left: 30px; text-align: justify;\"><em> <\/em><\/h1>\n<p style=\"padding-left: 30px; text-align: justify;\">-Idea de Am\u00e9rica Latina.<\/p>\n<p style=\"padding-left: 30px; text-align: justify;\"><em> <\/em><\/p>\n<p style=\"padding-left: 30px; text-align: justify;\"><em>-El antillanismo.<\/em><\/p>\n<p style=\"padding-left: 30px; text-align: justify;\"><em> <\/em><\/p>\n<p style=\"padding-left: 60px; text-align: justify;\"><em>&#8211;Intelectuales por la unidad de nuestra Am\u00e9rica.<\/em><\/p>\n<h1 style=\"padding-left: 60px; text-align: justify;\"><em> <\/em><\/h1>\n<p style=\"padding-left: 60px; text-align: justify;\"><em>&#8211;<\/em><em>-La uni\u00f3n de nuestra Am\u00e9rica en Jos\u00e9 Mart\u00ed y la guerra necesaria de 1895.<\/em><\/p>\n<p style=\"padding-left: 30px; text-align: justify;\"><em> <\/em><\/p>\n<p style=\"padding-left: 30px; text-align: justify;\"><em>-Panamericanismo versus bolivarianismo.<\/em><\/p>\n<p style=\"padding-left: 30px; text-align: justify;\"><em> <\/em><\/p>\n<p style=\"padding-left: 30px; text-align: justify;\"><em>-Los proyectos integracionistas en la primera mitad del siglo XX.<\/em><\/p>\n<p style=\"padding-left: 30px; text-align: justify;\"><em> <\/em><\/p>\n<p style=\"padding-left: 30px; text-align: justify;\"><em>-Las izquierdas y la integraci\u00f3n de Am\u00e9rica Latina: de Sandino al Che Guevara.<\/em><\/p>\n<p style=\"padding-left: 30px; text-align: justify;\"><em> <\/em><\/p>\n<p style=\"padding-left: 30px; text-align: justify;\"><em>-Avances y retrocesos contempor\u00e1neos en la integraci\u00f3n latinoamericana.<\/em><\/p>\n<p style=\"padding-left: 30px; text-align: justify;\"><em> <\/em><\/p>\n<p style=\"padding-left: 30px; text-align: justify;\"><em>-Los proyectos integracionistas regionales en la segunda mitad del siglo XX.<\/em><\/p>\n<p style=\"padding-left: 30px; text-align: justify;\"><em> <\/em><\/p>\n<p style=\"padding-left: 30px; text-align: justify;\"><em>-El ALCA, una f\u00f3rmula integracionista neopanamericana.<\/em><\/p>\n<p style=\"padding-left: 30px; text-align: justify;\"><em> <\/em><\/p>\n<p style=\"padding-left: 30px; text-align: justify;\"><em>-Las nuevas propuestas unionistas latinoamericanas.<\/em><\/p>\n<p style=\"padding-left: 30px; text-align: justify;\"><em> <\/em><\/p>\n<p style=\"padding-left: 30px; text-align: justify;\"><em>-Los movimientos sociales y los procesos de integraci\u00f3n en Am\u00e9rica Latina y el Caribe.<\/em><\/p>\n<p style=\"padding-left: 30px; text-align: justify;\"><em> <\/em><\/p>\n<p style=\"padding-left: 30px; text-align: justify;\"><em>-La mujer y las emociones en Europa y Am\u00e9rica siglos XVII \u2013 XIX: su impacto en la identidad.<\/em><\/p>\n<p style=\"padding-left: 30px; text-align: justify;\"><em> <\/em><\/p>\n<p style=\"padding-left: 30px; text-align: justify;\"><em>-Ecolog\u00eda pol\u00edtica e integraci\u00f3n regional.<\/em><\/p>\n<p style=\"padding-left: 30px; text-align: justify;\"><em> <\/em><\/p>\n<p style=\"padding-left: 30px; text-align: justify;\"><em>-Exclusiones pol\u00edticas: g\u00e9nero, territorio, clase y raza. Siglos XIX y XX.<\/em><\/p>\n<p style=\"padding-left: 30px; text-align: justify;\"><em> <\/em><\/p>\n<p style=\"padding-left: 30px; text-align: justify;\"><em>-El imaginario de la integraci\u00f3n latinoamericana y caribe\u00f1a: diversas expresiones.<\/em><\/p>\n<p style=\"padding-left: 30px; text-align: justify;\"><em> <\/em><\/p>\n<p style=\"padding-left: 30px; text-align: justify;\"><em>-Las artes y la literatura ante el bicentenario y la integraci\u00f3n\u00a0 latinoamericana. Impacto y actualidad. <\/em><\/p>\n<p style=\"padding-left: 30px; text-align: justify;\"><em> <\/em><\/p>\n<p style=\"padding-left: 30px; text-align: justify;\"><em>-Los medios y el audiovisual en la conformaci\u00f3n de las ideas sobre independencia e integraci\u00f3n.<\/em><\/p>\n<p style=\"padding-left: 30px; text-align: justify;\"><em><br \/>\n<\/em><\/p>\n<p style=\"text-align: justify;\">El Coloquio contar\u00e1 con conferencistas principales, invitados especialmente por REDIALC, y paneles para la presentaci\u00f3n de ponencias, organizadas seg\u00fan el temario del evento.<\/p>\n<p style=\"text-align: justify;\"><em> <\/em><\/p>\n<p style=\"text-align: justify;\">Para formalizar su inscripci\u00f3n, los interesados, tanto nacionales como extranjeros, deber\u00e1n enviar a los organizadores del Coloquio por e-mail, antes del 25 de julio de 2015, un breve resumen de su ponencia, de uno o dos p\u00e1rrafos de extensi\u00f3n, junto a sus datos acad\u00e9micos y profesionales. La admisi\u00f3n est\u00e1 sujeta a la decisi\u00f3n de un Comit\u00e9 de Evaluaci\u00f3n que a vuelta de correo electr\u00f3nico emitir\u00e1 la constancia de aceptaci\u00f3n correspondiente en el menor plazo posible.<\/p>\n<p style=\"text-align: justify;\">&nbsp;<\/p>\n<p style=\"text-align: justify;\">La cuota de inscripci\u00f3n ser\u00e1 de 50.00 \u00a0(CUC). (moneda convertible cubana) y para los estudiantes regir\u00e1 una tarifa especial de 25.00 (CUC). La acreditaci\u00f3n, tanto de ponentes como de observadores, se har\u00e1 el primer d\u00eda del evento. Los cubanos pagaran en moneda nacional (CUP). Los miembros de ADHILAC, nacionales o extranjeros, deben abonar s\u00f3lo media cuota de inscripci\u00f3n.<\/p>\n<p style=\"text-align: justify;\">&nbsp;<\/p>\n<p style=\"text-align: justify;\">Durante el Coloquio los ponentes deber\u00e1n entregar en forma electr\u00f3nica el texto \u00edntegro de sus trabajos, el cual no deber\u00e1 exceder de 10 p\u00e1ginas, pues los ponentes solo dispondr\u00e1n de 15 minutos para la presentaci\u00f3n de sus trabajos.<\/p>\n<p style=\"text-align: justify;\">&nbsp;<\/p>\n<p style=\"text-align: justify;\">El acceso a Cuba puede realizarse a trav\u00e9s de las agencias de turismo que habitualmente realizan viajes a Cuba.<\/p>\n<p style=\"text-align: justify;\">&nbsp;<\/p>\n<p style=\"text-align: justify;\">Para cualquier informaci\u00f3n adicional, as\u00ed como para la inscripci\u00f3n, los interesados deben comunicarse con los coordinadores del coloquio<\/p>\n<p style=\"text-align: justify;\">Dr. Sergio Guerra Vilaboy, <a href=\"mailto:serguev@ach.ohc.cu\">serguev@ach.ohc.cu<\/a>,<\/p>\n<p style=\"text-align: justify;\">Mtr. Carlos Oliva Campos <a href=\"mailto:carlosoc@ffh.uh.cu\">carlosoc@ffh.uh.cu<\/a><\/p>\n<p style=\"text-align: justify;\">Mtr. Ren\u00e9 Villaboy Zaldivar (<a href=\"mailto:rene@ffh.uh.cu\">rene@ffh.uh.cu<\/a>).<\/p>\n<p style=\"text-align: justify;\">Tambi\u00e9n pueden llamar a los tel\u00e9fonos (53) 78323200 y 78307328 del Departamento de Historia de la Universidad de La Habana, en L y 27, n\u00famero 160, El Vedado, La Habana, Cuba o consultar la p\u00e1gina web de la Asociaci\u00f3n de Historiadores Latinoamericanos y del Caribe: <a href=\"http:\/\/www.adhilac.com.ar\/\">www.adhilac.com.ar<\/a>.<\/p>\n<p style=\"text-align: justify;\"><a title=\"PRIMERA CIRCULAR\" href=\"https:\/\/adhilac.com.ar\/?p=9758\" target=\"_blank\">PRIMERA CIRCULAR<\/a><\/p>\n<p><strong>Publicado por ADHILAC Internacional \u00a9 www.adhilac.com.ar<\/strong><\/p>\n<p>Si Ud.\u00a0DESEA Asociarse de acuerdo a los Estatutos de ADHILAC\u00a0<a title=\"(Ver)\" href=\"https:\/\/adhilac.com.ar\/?page_id=263\">(ver)<\/a> Completa el Formulario Correspondiente\u00a0<a title=\"(Ver)\" href=\"https:\/\/adhilac.com.ar\/?page_id=4779\" target=\"_blank\">(ver)<\/a><\/p>\n<p>E-mail:\u00a0<a title=\"info@adhilac.com.ar\" href=\"https:\/\/adhilac.com.ar\/info@adhilac.com.ar\" target=\"_blank\">info@adhilac.com.ar<\/a><strong> <\/strong><\/p>\n<p>Twitter: @ AdhilacInfo<\/p>\n","protected":false},"excerpt":{"rendered":"<p>A 200 a\u00f1os de la Carta de Jamaica de Sim\u00f3n Bol\u00edvar SEGUNDA CIRCULAR La Habana. 6 a 9 de septiembre de 2015 La Secci\u00f3n Cubana de la Asociaci\u00f3n de Historiadores Latinoamericanos y del Caribe (ADHILAC) y la C\u00e1tedra Bolivariana de la Universidad de La Habana, reitera la convocatoria al Coloquio Internacional \u201cLa integraci\u00f3n en Am\u00e9rica [&hellip;]<\/p>\n","protected":false},"author":37,"featured_media":0,"comment_status":"closed","ping_status":"closed","sticky":false,"template":"","format":"standard","meta":{"_crdt_document":"","footnotes":""},"categories":[18,3,5,40],"tags":[454,538],"class_list":["post-10523","post","type-post","status-publish","format-standard","hentry","category-adhilac-cuba","category-adhilac-inter","category-congresos","category-informaciones","tag-congresos-2","tag-integracion-latinoamericana"],"_links":{"self":[{"href":"https:\/\/adhilac.com.ar\/index.php?rest_route=\/wp\/v2\/posts\/10523","targetHints":{"allow":["GET"]}}],"collection":[{"href":"https:\/\/adhilac.com.ar\/index.php?rest_route=\/wp\/v2\/posts"}],"about":[{"href":"https:\/\/adhilac.com.ar\/index.php?rest_route=\/wp\/v2\/types\/post"}],"author":[{"embeddable":true,"href":"https:\/\/adhilac.com.ar\/index.php?rest_route=\/wp\/v2\/users\/37"}],"replies":[{"embeddable":true,"href":"https:\/\/adhilac.com.ar\/index.php?rest_route=%2Fwp%2Fv2%2Fcomments&post=10523"}],"version-history":[{"count":15,"href":"https:\/\/adhilac.com.ar\/index.php?rest_route=\/wp\/v2\/posts\/10523\/revisions"}],"predecessor-version":[{"id":10540,"href":"https:\/\/adhilac.com.ar\/index.php?rest_route=\/wp\/v2\/posts\/10523\/revisions\/10540"}],"wp:attachment":[{"href":"https:\/\/adhilac.com.ar\/index.php?rest_route=%2Fwp%2Fv2%2Fmedia&parent=10523"}],"wp:term":[{"taxonomy":"category","embeddable":true,"href":"https:\/\/adhilac.com.ar\/index.php?rest_route=%2Fwp%2Fv2%2Fcategories&post=10523"},{"taxonomy":"post_tag","embeddable":true,"href":"https:\/\/adhilac.com.ar\/index.php?rest_route=%2Fwp%2Fv2%2Ftags&post=10523"}],"curies":[{"name":"wp","href":"https:\/\/api.w.org\/{rel}","templated":true}]}}