{"id":10597,"date":"2015-03-13T13:42:45","date_gmt":"2015-03-13T16:42:45","guid":{"rendered":"https:\/\/adhilac.com.ar\/?p=10597"},"modified":"2015-03-17T16:12:36","modified_gmt":"2015-03-17T19:12:36","slug":"francisco-bilbao-la-vigencia-de-un-revolucionario-ccc-floreal-gorini-buenos-aires-20-de-marzo-de-2015","status":"publish","type":"post","link":"https:\/\/adhilac.com.ar\/?p=10597","title":{"rendered":"Francisco Bilbao, la vigencia de un revolucionario. CCC Floreal Gorini. Buenos Aires. 20 de marzo de 2015"},"content":{"rendered":"<div>\n<h3><span style=\"color: #339966;\">Centro Cultural de la Cooperaci\u00f3n Floreal Gorini<\/span><\/h3>\n<\/div>\n<p style=\"text-align: justify;\"><strong>Francisco Bilbao, la vigencia de un revolucionario<\/strong><\/p>\n<div style=\"text-align: justify;\"><img loading=\"lazy\" decoding=\"async\" class=\"alignleft\" style=\"border: 0px;\" title=\"franciscobilbao3\" src=\"https:\/\/mail.google.com\/mail\/u\/0\/?ui=2&amp;ik=31c22b8d02&amp;view=fimg&amp;th=14c2941ed49c3074&amp;attid=0.2&amp;disp=emb&amp;attbid=ANGjdJ8UWtytQBq5butMEX2dE_90xDWdxh2QE5z06urF06gS6kgiUq5-70w2QmEqoijQFSFtm8qstfdIday1qDhW4F6v2JiRgNOg5ahL3qgyJsR1T7wz5QqF_I6lefQ&amp;sz=w576-h722&amp;ats=1426624876785&amp;rm=14c2941ed49c3074&amp;zw&amp;atsh=1\" border=\"0\" alt=\"franciscobilbao3\" width=\"288\" height=\"361\" \/><\/div>\n<div style=\"text-align: justify;\">\n<div><strong>Expositor: Juan Francisco Mart\u00ednez Paria (Coordinador del Departamento de Historia del CCC)<\/strong><\/div>\n<div><strong>Organiza: Departamento\u00a0 de Historia<\/strong><\/div>\n<\/div>\n<div style=\"text-align: justify;\"><\/div>\n<div style=\"text-align: justify;\"><em>Francisco Bilbao<\/em> (1823-1865) fue uno de los intelectuales latinoamericanos m\u00e1s originales y cr\u00edticos del siglo XIX. Sin embargo, su vida y obra es poco conocida en la regi\u00f3n y especialmente en la Argentina, donde paso sus \u00faltimos a\u00f1os de existencia militando a favor de la Confederaci\u00f3n. En esta charla nos proponemos rescatarlo del olvido, abordando los hitos fundamentales de su biograf\u00eda y las l\u00edneas directrices de su pensamiento: el igualitarismo social, el liberalismo radical, el latinoamericanismo y el anti-imperialismo. <!--more-->En su \u00e9poca, sus ideas revolucionarias le valieron el destierro y la persecuci\u00f3n por parte de\u00a0 las clases dominantes. Hoy, recobran inusitada vigencia.<\/div>\n<div style=\"text-align: justify;\"><\/div>\n<div style=\"text-align: justify;\">\n<div style=\"text-align: center;\">Viernes 20 de Marzo \u2013 Sala Jacobo Laks -3\u00ba Piso &#8211; 19:00 horas<\/div>\n<div style=\"text-align: center;\"><strong>Centro Cultural de la Cooperaci\u00f3n <\/strong>\u2013 Av. Corrientes 1543<\/div>\n<\/div>\n<div style=\"text-align: justify;\"><strong> <\/strong><\/div>\n<p><strong>Publicado por ADHILAC Internacional \u00a9 www.adhilac.com.ar<\/strong><\/p>\n<p>Si Ud.\u00a0DESEA Asociarse de acuerdo a los Estatutos de ADHILAC\u00a0<a title=\"(Ver)\" href=\"https:\/\/adhilac.com.ar\/?page_id=263\">(ver)<\/a> Completa el Formulario Correspondiente\u00a0<a title=\"(Ver)\" href=\"https:\/\/adhilac.com.ar\/?page_id=4779\" target=\"_blank\">(ver)<\/a><\/p>\n<p>E-mail:\u00a0<a title=\"info@adhilac.com.ar\" href=\"https:\/\/adhilac.com.ar\/info@adhilac.com.ar\" target=\"_blank\">info@adhilac.com.ar<\/a><strong> <\/strong><\/p>\n<p>Twitter: @ AdhilacInfo<\/p>\n<p>&nbsp;<\/p>\n","protected":false},"excerpt":{"rendered":"<p>Centro Cultural de la Cooperaci\u00f3n Floreal Gorini Francisco Bilbao, la vigencia de un revolucionario Expositor: Juan Francisco Mart\u00ednez Paria (Coordinador del Departamento de Historia del CCC) Organiza: Departamento\u00a0 de Historia Francisco Bilbao (1823-1865) fue uno de los intelectuales latinoamericanos m\u00e1s originales y cr\u00edticos del siglo XIX. Sin embargo, su vida y obra es poco conocida [&hellip;]<\/p>\n","protected":false},"author":2,"featured_media":0,"comment_status":"closed","ping_status":"closed","sticky":false,"template":"","format":"standard","meta":{"_crdt_document":"","footnotes":""},"categories":[40],"tags":[67,77,282],"class_list":["post-10597","post","type-post","status-publish","format-standard","hentry","category-informaciones","tag-argentina","tag-chile","tag-liberalismo"],"_links":{"self":[{"href":"https:\/\/adhilac.com.ar\/index.php?rest_route=\/wp\/v2\/posts\/10597","targetHints":{"allow":["GET"]}}],"collection":[{"href":"https:\/\/adhilac.com.ar\/index.php?rest_route=\/wp\/v2\/posts"}],"about":[{"href":"https:\/\/adhilac.com.ar\/index.php?rest_route=\/wp\/v2\/types\/post"}],"author":[{"embeddable":true,"href":"https:\/\/adhilac.com.ar\/index.php?rest_route=\/wp\/v2\/users\/2"}],"replies":[{"embeddable":true,"href":"https:\/\/adhilac.com.ar\/index.php?rest_route=%2Fwp%2Fv2%2Fcomments&post=10597"}],"version-history":[{"count":5,"href":"https:\/\/adhilac.com.ar\/index.php?rest_route=\/wp\/v2\/posts\/10597\/revisions"}],"predecessor-version":[{"id":10601,"href":"https:\/\/adhilac.com.ar\/index.php?rest_route=\/wp\/v2\/posts\/10597\/revisions\/10601"}],"wp:attachment":[{"href":"https:\/\/adhilac.com.ar\/index.php?rest_route=%2Fwp%2Fv2%2Fmedia&parent=10597"}],"wp:term":[{"taxonomy":"category","embeddable":true,"href":"https:\/\/adhilac.com.ar\/index.php?rest_route=%2Fwp%2Fv2%2Fcategories&post=10597"},{"taxonomy":"post_tag","embeddable":true,"href":"https:\/\/adhilac.com.ar\/index.php?rest_route=%2Fwp%2Fv2%2Ftags&post=10597"}],"curies":[{"name":"wp","href":"https:\/\/api.w.org\/{rel}","templated":true}]}}