{"id":10654,"date":"2015-07-01T12:34:49","date_gmt":"2015-07-01T15:34:49","guid":{"rendered":"https:\/\/adhilac.com.ar\/?p=10654"},"modified":"2015-07-02T20:51:34","modified_gmt":"2015-07-02T23:51:34","slug":"vi-jornadas-de-historia-del-ccc-floreal-gorini-congreso-internacional-adhilac-del-congreso-de-tucuman-a-la-patria-grande-en-el-siglo-xxi-buenos-aires-6-y-7-de-julio-de-2015","status":"publish","type":"post","link":"https:\/\/adhilac.com.ar\/?p=10654","title":{"rendered":"VI Jornadas de Historia del CCC Floreal Gorini &#8211; Congreso Internacional de ADHILAC. Buenos Aires. 6 y 7 de julio de 2015"},"content":{"rendered":"<h3 style=\"text-align: justify;\"><span style=\"color: #339966;\">Del Congreso de Tucum\u00e1n a la Patria Grande en el siglo XXI<\/span><\/h3>\n<p style=\"text-align: center;\"><span style=\"color: #339966;\"><strong><a href=\"https:\/\/adhilac.com.ar\/wp-content\/uploads\/2015\/06\/VI-Jornadas-de-Historia.jpg\"><img loading=\"lazy\" decoding=\"async\" class=\"alignleft size-full wp-image-10907\" title=\"A0470615\" src=\"https:\/\/adhilac.com.ar\/wp-content\/uploads\/2015\/06\/VI-Jornadas-de-Historia.jpg\" alt=\"\" width=\"194\" height=\"349\" srcset=\"https:\/\/adhilac.com.ar\/wp-content\/uploads\/2015\/06\/VI-Jornadas-de-Historia.jpg 1500w, https:\/\/adhilac.com.ar\/wp-content\/uploads\/2015\/06\/VI-Jornadas-de-Historia-167x300.jpg 167w, https:\/\/adhilac.com.ar\/wp-content\/uploads\/2015\/06\/VI-Jornadas-de-Historia-570x1024.jpg 570w\" sizes=\"auto, (max-width: 194px) 100vw, 194px\" \/><\/a>6 y 7 de julio de 2015<\/strong><br \/>\n<\/span><\/p>\n<p style=\"text-align: justify;\"><strong>VI JORNADAS DE HISTORIA <\/strong><strong>CENTRO CULTURAL DE LA COOPERACION \u00abFLOREAL GORINI\u201d &#8211; <\/strong><strong>CONGRESO INTERNACIONAL DE LA ASOCIACION DE HISTORIADORES LATINOAMERICANOS Y DEL CARIBE (ADHILAC)<\/strong><br \/>\n<strong><em> <\/em><\/strong><\/p>\n<p style=\"text-align: justify;\"><strong><em>Del Congreso de Tucum\u00e1n a la Patria Grande en el siglo XXI<\/em><\/strong><br \/>\n<strong> <\/strong><\/p>\n<p style=\"text-align: justify;\"><strong> <\/strong><\/p>\n<p style=\"text-align: center;\"><strong>PROGRAMACI\u00d3N<\/strong><strong> <\/strong><\/p>\n<p style=\"text-align: justify;\">ACREDITACION: Lunes 6 de julio. 3\u00ba Piso. De 14 a 15 hs.<\/p>\n<p style=\"text-align: justify;\"><strong> <\/strong><\/p>\n<p style=\"text-align: justify;\"><strong> <\/strong><\/p>\n<p style=\"text-align: justify;\"><strong>Primera Parte<\/strong><\/p>\n<p style=\"text-align: justify;\"><strong>La conformaci\u00f3n de las nuevas rep\u00fablicas, la institucionalidad regional y la independencia inconclusa. Aspectos pol\u00edticos, econ\u00f3micos y socioculturales. (Siglo XIX).<!--more--><\/strong><\/p>\n<p style=\"text-align: justify;\"><strong> <\/strong><\/p>\n<p style=\"text-align: justify;\">&nbsp;<\/p>\n<p style=\"text-align: justify;\"><strong>Mesa 1: Lunes 6 julio 15 a 17 hs\u00a0 &#8211; Sala Jacobo Laks 3\u00ba piso<\/strong><\/p>\n<p style=\"text-align: justify;\"><strong>Crisis del sistema colonial, el proceso de independencia, propuestas pol\u00edticas y corrientes de pensamiento \u00bfuni\u00f3n o disgregaci\u00f3n?<\/strong><\/p>\n<p style=\"text-align: justify;\">&nbsp;<\/p>\n<p style=\"text-align: justify;\"><span style=\"color: #000080;\">&#8211; <em>El Corso: Herramienta para perjudicar el comercio espa\u00f1ol de ultramar. <\/em><strong>Benicio Oscar Ahumada.<\/strong> Argentina.<\/span><\/p>\n<p style=\"text-align: justify;\"><span style=\"color: #000080;\"><em>&#8211; Disputa por el poder: conflictos entre la \u00e9lite y el corregidor de Pamplona de Indias, virreinato de la Nueva Granada, 1808-1810. <\/em><strong>Lina Constanza D\u00edaz Boada.<\/strong> Centro de Historia Argentina y Americana (CHAyA), Instituto de Investigaciones en Humanidades y Ciencias Sociales (IdIHCS). Facultad de Humanidades y Ciencia de la Educaci\u00f3n. Universidad Nacional de La Plata. CONICET. Argentina.<\/span><\/p>\n<p style=\"text-align: justify;\"><span style=\"color: #000080;\">&#8211; <em>Soberan\u00edas en pugna. Trayectoria andina del General \u00c1lvarez de Arenales.<\/em><em> <\/em><strong>Ana Mar\u00eda Lorandi<\/strong>. Facultad de Filosof\u00eda y Letras- UBA. CONICET. Argentina.<\/span><\/p>\n<p style=\"text-align: justify;\"><span style=\"color: #000080;\">&#8211; <em>El verdadero car\u00e1cter del Congreso de Tucum\u00e1n. <\/em><strong>Jens Christian Rath. <\/strong>Argentina.<\/span><\/p>\n<p style=\"text-align: justify;\">&nbsp;<\/p>\n<p style=\"text-align: justify;\"><strong>Mesa 2: Martes 7 de julio de 14 a 16 hs. Sala Jacobo Laks 3\u00ba piso<\/strong><\/p>\n<p style=\"text-align: justify;\"><strong>Corrientes de pensamiento en el siglo XIX y XX<\/strong><\/p>\n<p style=\"text-align: justify;\">&nbsp;<\/p>\n<p style=\"text-align: justify;\"><span style=\"color: #000080;\">&#8211; <em>Revoluci\u00f3n y Naci\u00f3n. Rescate te\u00f3rico e impotencia pr\u00e1ctica en Esteban Echeverr\u00eda.<\/em> <strong>Cristina Mateu. <\/strong>Facultad de Ciencias Econ\u00f3micas. Universidad de Buenos Aires. Vocal de ADHILAC. Argentina.<\/span><\/p>\n<p style=\"text-align: justify;\"><span style=\"color: #000080;\">&#8211; <em>El proyecto de una Argentina europea de Sarmiento y la Generaci\u00f3n del 37 como obst\u00e1culo a la integraci\u00f3n de Argentina a Latinoam\u00e9rica. <\/em><strong>Paul Eduardo Femenia<\/strong>. Universidad Nacional de San Juan. Argentina.<\/span><\/p>\n<p style=\"text-align: justify;\"><span style=\"color: #000080;\">&#8211; <em>Legislaci\u00f3n ind\u00edgena republicana: los casos de Colombia y Argentina. <\/em><strong>Andr\u00e9s Felipe Pab\u00f3n Lara. <\/strong>Colombia. Universidad Torcuato Di Tella. Argentina.<\/span><\/p>\n<p style=\"text-align: justify;\"><span style=\"color: #000080;\"><em>-Nuevas formas de imaginar la soberan\u00eda territorial en la Argentina de mediados del siglo XX: el papel de la ciencia y la t\u00e9cnica modernas.<\/em> <strong>Hern\u00e1n Comastri.<\/strong> CBC. Universidad de Buenos Aires. CONICET. Argentina.<\/span><\/p>\n<p style=\"text-align: justify;\">&nbsp;<\/p>\n<p style=\"text-align: justify;\"><strong>Mesa 3 Lunes 6 julio 17.15 a 19 hs\u00a0 &#8211; Sala Jacobo Laks 3\u00ba piso<\/strong><\/p>\n<p style=\"text-align: justify;\"><strong>Corrientes de pensamiento en el siglo XIX y XX<\/strong><\/p>\n<p style=\"text-align: justify;\"><strong> <\/strong><\/p>\n<p style=\"text-align: justify;\">&nbsp;<\/p>\n<p style=\"text-align: justify;\"><span style=\"color: #000080;\">&#8211; <em>Un proyecto historiogr\u00e1fico con vocaci\u00f3n americanista. Los historiadores argentinos en el II Congreso Internacional de Historia de Am\u00e9rica.<\/em> <strong>Martha Rodr\u00edguez. <\/strong> Programa de Investigaciones en Historiograf\u00eda Argentina (PIHA). Instituto de Historia Argentina y Americana \u201cDr. Emilio Ravignani\u201d. UBA. CONICET. Argentina.<\/span><\/p>\n<p style=\"text-align: justify;\"><span style=\"color: #000080;\">&#8211; \u201c<em>La cultura argentina es como un \u00e1rbol con dos ra\u00edces\u201d. Ferm\u00edn Ch\u00e1vez y la nueva conciencia para la periferia. <\/em> <strong>Ariel Juli\u00e1n Otal Landi. <\/strong>Instituto Superior del Profesorado \u201cDr. Joaqu\u00edn V. Gonz\u00e1lez\u201d. Argentina.<\/span><\/p>\n<p style=\"text-align: justify;\"><span style=\"color: #000080;\">&#8211; <em>Las concepciones de Am\u00e9rica Latina en la diplomacia del Brasil Imperial (siglo XIX). <\/em><strong>Anderson Claytom Ferreira Brettas. <\/strong>Instituto Federal del Tri\u00e1ngulo Mineiro. Minas Gerais. Brasil. Vicepresidente de ADHILAC.<\/span><\/p>\n<p style=\"text-align: justify;\"><span style=\"color: #000080;\"><strong>&#8211; <\/strong><em>Lucha anticolonial y rivalidades imperiales: marcas fundacionales y disyuntivas de la pol\u00edtica exterior argentina en torno al problema de la independencia nacional. <\/em><strong>Claudio R. Spiguel. <\/strong>Facultad de Ciencias Econ\u00f3micas. Universidad de Buenos Aires. Argentina.<\/span><\/p>\n<p style=\"text-align: justify;\">&nbsp;<\/p>\n<p style=\"text-align: justify;\"><strong> <\/strong><\/p>\n<p style=\"text-align: justify;\"><strong>Mesa 4: Martes 7 de julio de 16.15 a 18.15 hs Sala Jacobo Laks 3\u00ba piso<\/strong><\/p>\n<p style=\"text-align: justify;\"><strong>Conflictos intrarregionales. Intervenci\u00f3n militar o presencia econ\u00f3mica \u00a0de las grandes potencias en Nuestra Am\u00e9rica.<\/strong><\/p>\n<p style=\"text-align: justify;\">&nbsp;<\/p>\n<p style=\"text-align: justify;\"><span style=\"color: #000080;\">&#8211; <em>La guerra contra la Confederaci\u00f3n Peruano-Boliviana\u00a0 y los intereses ingleses durante el conflicto (1836-1839). <\/em><strong>Mat\u00edas S\u00e1nchez. <\/strong>Universidad Nacional de Luj\u00e1n. Argentina.<\/span><\/p>\n<p style=\"text-align: justify;\"><span style=\"color: #000080;\">&#8211; <em>Chile y Argentina en el Estrecho de Magallanes (1843-1878)<\/em>. <strong>Mar\u00eda Fabiola Serralunga. <\/strong>Estudios Hist\u00f3ricos Navales. Armada Argentina.<\/span><\/p>\n<p style=\"text-align: justify;\"><span style=\"color: #000080;\">&#8211; <em>El americanismo, la escalada colonialista y la Guerra de la Triple Alianza (1864-1870).<\/em><strong> Esteban Chiarad\u00eda. <\/strong>Facultad de Filosof\u00eda y Letras. Universidad de Buenos Aires.<\/span><\/p>\n<p style=\"text-align: justify;\"><span style=\"color: #000080;\">&#8211; <em>Crisis y Guerra: Conflicto de intereses en el Pac\u00edfico sudamericano 1870 \u2013 1878. <\/em><strong>Ernesto Gabriel Morales Erroch. <\/strong>Escuela de posgrado \u2013 Escuela Superior de Guerra Naval. Lima. Per\u00fa.<\/span><\/p>\n<p style=\"text-align: justify;\"><span style=\"color: #000080;\"><em>&#8211; <\/em><em>La dependencia petrolera argentina: claves pol\u00edticas e hist\u00f3ricas de una pol\u00e9mica vigente. <\/em><strong>Pablo Jaitte<\/strong>. Facultad de Ciencias Econ\u00f3micas. Facultad de Filosof\u00eda y Letras. Universidad de Buenos Aires.<\/span><\/p>\n<p style=\"text-align: justify;\"><em> <\/em><\/p>\n<p style=\"text-align: justify;\"><strong> <\/strong><\/p>\n<p style=\"text-align: justify;\">&nbsp;<\/p>\n<p style=\"text-align: justify;\"><strong> <\/strong><\/p>\n<p style=\"text-align: justify;\"><strong>Segunda Parte<\/strong><\/p>\n<p style=\"text-align: justify;\"><strong>Del Centenario al Bicentenario \u00bfhacia una segunda independencia? El cambio de \u00e9poca y la uni\u00f3n de Am\u00e9rica Latina y el Caribe: desaf\u00edos, logros y obst\u00e1culos en el siglo XXI.<\/strong><\/p>\n<p style=\"text-align: justify;\">&nbsp;<\/p>\n<p style=\"text-align: justify;\"><strong> <\/strong><\/p>\n<p style=\"text-align: justify;\"><strong>Mesa 5: Lunes 15 a 17 hs Sala Meyer Dubrovsky<\/strong><\/p>\n<p style=\"text-align: justify;\"><strong>Grandes movimientos sociales y pol\u00edticos del siglo XX<\/strong><\/p>\n<p style=\"text-align: justify;\">&nbsp;<\/p>\n<p style=\"text-align: justify;\"><span style=\"color: #000080;\">&#8211; Instrumentos para la integraci\u00f3n nacional en M\u00e9xico: el papel de los deportes tras la Revoluci\u00f3n de 1910. <strong>Gabriel Angelotti Pasteur<\/strong>. Facultad de Ciencias Antropol\u00f3gicas. Universidad Aut\u00f3noma de Yucat\u00e1n. M\u00e9xico.<\/span><\/p>\n<p style=\"text-align: justify;\"><span style=\"color: #000080;\"><em>&#8211; El Partido Comunista Argentino en la Guerra Civil Espa\u00f1ola.<\/em> <strong>Rodrigo Pedro Isequilla. <\/strong>Becario del Centro Cultural de la Cooperaci\u00f3n \u201cFloreal Gorini\u201d. Argentina.<\/span><\/p>\n<p style=\"text-align: justify;\"><span style=\"color: #000080;\">&#8211; <em>Las sociedades ind\u00edgenas en el marco de la conformaci\u00f3n del Estado argentino: un problema hist\u00f3rico y pedag\u00f3gico. <\/em><strong>Nicol\u00e1s Kogan <\/strong>UBA, ADHILAC, UNIPE, Centro Cultural de la Cooperaci\u00f3n Floreal Gorini.<\/span><\/p>\n<p style=\"text-align: justify;\"><span style=\"color: #000080;\"><em>&#8211; La Iglesia progresista y la nueva configuraci\u00f3n pol\u00edtica en Am\u00e9rica Latina.<strong> <\/strong><\/em><strong>Jo\u00e3o Leondenes Facundo de Souza Junior. <\/strong>Universidade Estadual do Cear\u00e1 (UECE), Brasil \u2013 Universidad Nacional de La Plata, Argentina. Estudiante.<\/span><\/p>\n<p style=\"text-align: justify;\"><span style=\"color: #000080;\"><br \/>\n<\/span><\/p>\n<p style=\"text-align: justify;\"><strong> <\/strong><\/p>\n<p style=\"text-align: justify;\"><strong> <\/strong><\/p>\n<p style=\"text-align: justify;\"><strong> <\/strong><\/p>\n<p style=\"text-align: justify;\"><strong>Mesa 7: Lunes 6 de julio de 17.15 a 19.15 hs Sala Dubrovsky<\/strong><\/p>\n<p style=\"text-align: justify;\"><strong>Am\u00e9rica Latina y las relaciones con las grandes potencias<\/strong><\/p>\n<p style=\"text-align: justify;\">&nbsp;<\/p>\n<p style=\"text-align: justify;\"><span style=\"color: #000080;\">&#8211; <em>Invasi\u00f3n estadounidense de las Islas Malvinas Ayer y Hoy. \u00bfReconoce Estados Unidos la Soberan\u00eda Argentina Sobre Malvinas?<\/em> <strong>Pablo Jos\u00e9 Reid. <\/strong>I.N.S.P. Joaqu\u00edn V. Gonz\u00e1lez. Argentina.<\/span><\/p>\n<p style=\"text-align: justify;\"><span style=\"color: #000080;\"><em>&#8211; Las relaciones exteriores entre Argentina y Europa Occidental en los noventa. El caso espa\u00f1ol y los marcos de la dependencia (1989-2000)<\/em><strong>. Norberto Aguirre<\/strong>. Facultad de Ciencias Econ\u00f3micas. Universidad de Buenos Aires. ADHILAC Argentina.<\/span><\/p>\n<p style=\"text-align: justify;\"><span style=\"color: #000080;\">&#8211; <em>El eslab\u00f3n m\u00e1s reciente de una nueva cadena de dependencia Argentina-China: asociaci\u00f3n estrat\u00e9gica integral y \u201cneo-subdesarrollismo\u201d. <\/em><strong>Rub\u00e9n Laufer<\/strong>. Facultad de Ciencias Econ\u00f3micas. Facultad de Filosof\u00eda y Letras. Universidad de Buenos Aires. ADHILAC Argentina.<\/span><\/p>\n<p style=\"text-align: justify;\"><span style=\"color: #000080;\">&#8211; <em>Debates en torno a<\/em><em>l TIAR: la transici\u00f3n desde un esquema con eje en Washington hacia una organizaci\u00f3n de defensa de Nuestra Am\u00e9rica. <\/em><strong>Leandro Morgenfeld. <\/strong>Universidad de Buenos Aires. CONICET. Argentina.<\/span><\/p>\n<p style=\"text-align: justify;\">&nbsp;<\/p>\n<p style=\"text-align: justify;\"><strong> <\/strong><\/p>\n<p style=\"text-align: justify;\"><strong>Mesa 8: Lunes 19.15 a 21 hs Sala Meyer Dubrovsky<\/strong><\/p>\n<p style=\"text-align: justify;\"><strong>Proyectos integracionistas y las propuestas sobre la Patria Grande. Historia y nuevos desaf\u00edos<\/strong><\/p>\n<p style=\"text-align: justify;\"><span style=\"color: #000080;\">&#8211; <em>La integraci\u00f3n iberoamericana: un an\u00e1lisis hist\u00f3rico de cara al futuro. <\/em><strong>Hugo Lilli.<\/strong> Instituto Ideario Artiguista. Argentina.<\/span><\/p>\n<p style=\"text-align: justify;\"><span style=\"color: #000080;\"><em>&#8211;<\/em><em> Integraci\u00f3n y fronteras en el Gran Caribe. Nuevas visiones.<strong> <\/strong><\/em><strong>Jorge El\u00edas Caro<\/strong>. Universidad de Magdalena, Santa Marta. Colombia. Vicepresidente de ADHILAC.<\/span><\/p>\n<p style=\"text-align: justify;\"><span style=\"color: #000080;\">&#8211; <em>La CELAC: \u00bfmaterializaci\u00f3n de un legado hist\u00f3rico?<\/em><strong> Emiliano Dreon. <\/strong>Universidad Nacional de La Plata. Argentina.<\/span><\/p>\n<p style=\"text-align: justify;\"><span style=\"color: #000080;\">&#8211; Juli\u00e1n Kan <em> <\/em><em>Actores sociales y pol\u00edticos en la reconfiguraci\u00f3n de la integraci\u00f3n latinoamericana reciente (2000-2005)<\/em>. Facultad de Filosof\u00eda y Letras. Universidad de Buenos Aires. Argentina.<\/span><\/p>\n<p style=\"text-align: justify;\">&nbsp;<\/p>\n<p style=\"text-align: justify;\"><strong> <\/strong><\/p>\n<p style=\"text-align: justify;\"><strong> <\/strong><\/p>\n<p style=\"text-align: justify;\"><strong> <\/strong><\/p>\n<p style=\"text-align: justify;\"><strong> <\/strong><\/p>\n<p style=\"text-align: justify;\"><strong>Mesa 6: Martes 7 de julio de 16.15 a 18.15 hs Sala Meyer Dubrovsky<\/strong><\/p>\n<p style=\"text-align: justify;\"><strong>Reformismo, golpe de Estado y lucha armada en el marco de la guerra fr\u00eda.<em> <\/em><\/strong><\/p>\n<p style=\"text-align: justify;\"><em> <\/em><\/p>\n<p style=\"text-align: justify;\"><span style=\"color: #000080;\"><em>&#8211; \u201cEncuentro Nacional de los Argentinos\u201d: una aproximaci\u00f3n al debate en torno a las v\u00edas hacia el socialismo en Am\u00e9rica Latina.<\/em> <strong>Roberto Deibe. <\/strong>Centro Cultural de la Cooperaci\u00f3n \u201cFloreal Gorini\u201d.<\/span><\/p>\n<p style=\"text-align: justify;\"><span style=\"color: #000080;\"><em>&#8211; El Gobierno Revolucionario Nacionalista ecuatoriano del general Guillermo Rodr\u00edguez Lara, 1972-1976: una dictadura militar con mano de seda. <\/em><strong>Kl\u00e9ver Antonio\u00a0 Bravo<\/strong>. Universidad de las Fuerzas Armadas-ESPE. Quito, Ecuador.<\/span><\/p>\n<p style=\"text-align: justify;\"><span style=\"color: #000080;\">&#8211; <em>FARC-EP y Sendero Luminoso, Lucha armada en el Siglo XX.<\/em><strong> Federico<em> <\/em><\/strong><strong>Kramer<\/strong>. Profesorado de Historia. I.S.F.D.T N\u00b0 46 \u201c2 de Abril de 1982\u201d. Argentina. Estudiante.<\/span><\/p>\n<p style=\"text-align: justify;\"><span style=\"color: #000080;\"><em>&#8211; Deuda econ\u00f3mica y deuda ecol\u00f3gica en Latinoam\u00e9rica: puerta al extractivismo<\/em><strong>. <\/strong><em> <\/em><strong>Aleida Azamar Alonso.<\/strong> Departamento de Producci\u00f3n Econ\u00f3mica. Universidad Aut\u00f3noma Metropolitana, Unidad Xochimilco.<\/span><\/p>\n<p style=\"text-align: justify;\">&nbsp;<\/p>\n<p style=\"text-align: justify;\"><strong> <\/strong><\/p>\n<p style=\"text-align: justify;\"><strong> <\/strong><\/p>\n<p style=\"text-align: justify;\"><strong>MESA REDONDA<\/strong><\/p>\n<p style=\"text-align: justify;\"><strong>Martes 7 de julio a las 19 hs <\/strong><\/p>\n<p style=\"text-align: justify;\"><strong>Sala Ra\u00fal Gonz\u00e1lez Tu\u00f1\u00f3n <\/strong><\/p>\n<p style=\"text-align: justify;\">&nbsp;<\/p>\n<p style=\"text-align: justify;\"><span style=\"color: #000080;\">\u00ab<em>Los desaf\u00edos de Nuestra Am\u00e9rica. Procesos de integraci\u00f3n y v\u00ednculos con las grandes potencias extrarregionales<\/em>.\u00bb<\/span><\/p>\n<p style=\"text-align: justify;\"><span style=\"color: #000080;\">Leandro Morgenfeld (UBA\/CONICET), Norberto Aguirre (FCE UBA), Jorge Enrique Elias Caro (Universidad de Magdalena, Santa Marta, Colombia), Carolina Crisorio (FCE, CBC, UBA). Secretaria Ejecutiva de ADHILAC.<\/span><\/p>\n<p style=\"text-align: justify;\"><span style=\"color: #000080;\">Coordinaci\u00f3n: Alejandro Pisnoy Centro Cultural de la Cooperaci\u00f3n Floreal Gorini.<\/span><\/p>\n<p style=\"text-align: justify;\">&nbsp;<\/p>\n<h3 style=\"text-align: center;\">* * *<\/h3>\n<p style=\"text-align: justify;\"><strong>CONVOCATORIA<\/strong><\/p>\n<p style=\"padding-left: 60px; text-align: justify;\"><em>Yo deseo m\u00e1s que otro alguno ver formar en Am\u00e9rica la m\u00e1s grande naci\u00f3n del mundo, menos por su extensi\u00f3n y riquezas que por su libertad y gloria. [\u2026] <\/em><em>Es una idea grandiosa pretender formar de todo el mundo nuevo una sola naci\u00f3n con un solo v\u00ednculo que ligue sus partes entre s\u00ed y con el todo. <\/em>Sim\u00f3n Bol\u00edvar. Kingston Jamaica. 6 de septiembre de 1815<\/p>\n<p style=\"text-align: justify;\"><em> <\/em><\/p>\n<p style=\"text-align: justify;\">&nbsp;<\/p>\n<p style=\"text-align: justify;\"><strong> <\/strong><\/p>\n<p style=\"text-align: justify;\">El Centro Cultural de la Cooperaci\u00f3n (CCC) Floreal Gorini y la Asociaci\u00f3n de Historiadores Latinoamericanos y del Caribe (ADHILAC) invitan a participar en las VI Jornadas de Historia del CCC Floreal Gorini &#8211; Congreso Internacional ADHILAC: <strong><em>Del Congreso de Tucum\u00e1n a la Patria Grande en el siglo XXI.<\/em><\/strong><em> <\/em>El mismo tendr\u00e1 lugar\u00a0 los d\u00edas 6 y 7 de julio de 2015 en Avda. Corrientes 1543. Ciudad Aut\u00f3noma de Buenos Aires. Argentina.<\/p>\n<p style=\"text-align: justify;\"><strong> <\/strong><\/p>\n<p style=\"text-align: justify;\"><strong>PRIMERA CIRCULAR<\/strong><\/p>\n<p style=\"text-align: justify;\">Quedaba un largo trecho para consolidar la independencia pol\u00edtica de la mayor\u00eda de las colonias hispanas. Aun hoy existen cuestiones que permiten afirmar que la plena independencia de la regi\u00f3n todav\u00eda no se encuentra<strong> <\/strong>consolidada y mantienen vigente la afirmaci\u00f3n de Jos\u00e9 Mart\u00ed \u201cha llegado para la Am\u00e9rica espa\u00f1ola la hora de declarar su segunda independencia\u201d (Diario La Naci\u00f3n, 2 de noviembre de 1889).<\/p>\n<p style=\"text-align: justify;\">La definitiva derrota napole\u00f3nica inclin\u00f3 el escenario internacional a favor de las fuerzas ultra conservadoras coaligadas en la Santa Alianza. El proceso revolucionario iniciado en los primeros a\u00f1os del siglo XIX en Nuestra Am\u00e9rica, \u00a0tuvo su punto culminante en mayo de 1810 en el R\u00edo de la Plata. El deseo de cortar los lazos coloniales de aquellos sectores que se sent\u00edan encorsetados por las imposiciones metropolitanas logr\u00f3 consolidar la independencia en aquellos lugares en los que los sectores subalternos participaron activamente. Al mismo tiempo este proceso dio lugar a debates y confrontaciones.<\/p>\n<p style=\"text-align: justify;\">&nbsp;<\/p>\n<p style=\"text-align: justify;\">\u201c<em>En muchas partes de Am\u00e9rica Latina los alcances sociales sobrepasaron los objetivos pol\u00edticos al obligar a incluir un programa de transformaci\u00f3n revolucionaria de la sociedad. Desde el Norte de M\u00e9xico hasta el Virreinato del R\u00edo de la Plata, la guerra emancipadora se distingui\u00f3 por la lucha permanente del pueblo, y sus dirigentes m\u00e1s consecuentes, para enlazar las tareas de la liberaci\u00f3n nacional con la revoluci\u00f3n social. En cada ocasi\u00f3n que se intent\u00f3 dar una soluci\u00f3n revolucionaria a los problemas de la sociedad colonial fueron amenazados los intereses de los sectores privilegiados. De ah\u00ed que durante todo el ciclo emancipador la contienda se desarrollara en dos niveles: por parte de las clases populares contra el poder colonial y la aristocracia criolla, y de \u00e9sta contra las metr\u00f3polis europeas y el peligro de un incontrolado levantamiento de masas (miedo a la revoluci\u00f3n)<\/em>\u201d (Sergio Guerra Vilaboy, M\u00e9xico, 1993).<\/p>\n<p style=\"text-align: justify;\">&nbsp;<\/p>\n<p style=\"text-align: justify;\">En efecto muchos tem\u00edan perder el control sobre aquellos sectores populares o que se difundiera el peligroso ejemplo de Hait\u00ed. Los proyectos de organizaci\u00f3n pol\u00edtica m\u00e1s democr\u00e1ticos o m\u00e1s restringidos desembocaron en guerras intestinas que debilitaron \u00a0el frente patriota que se encontraba amenazado por el apetito restaurador de la metr\u00f3poli y el apoyo de las grandes potencias. Casi todos los nuevos gobiernos cayeron frente a la embestida realista, incluso Artigas que\u00a0 hab\u00eda coaligado a las provincias del litoral declarando la independencia de la metr\u00f3poli y de Buenos Aires, en junio de 1816 fue atacado por los portugueses de Brasil. En ese peligroso escenario s\u00f3lo la determinaci\u00f3n de los hombres m\u00e1s comprometidos con la causa como San Martin y Belgrano lograron que los diputados reunidos a fines de 1815 en el marco del Congreso de San Miguel de Tucum\u00e1n declararan la independencia de las Provincias Unidas de Am\u00e9rica del Sur el 9 de julio de 1816.<\/p>\n<p style=\"text-align: justify;\">&nbsp;<\/p>\n<p style=\"text-align: justify;\">En estas VI Jornadas de Historia del Centro Cultural de la Cooperaci\u00f3n y Congreso Internacional de ADHILAC convocamos a reflexionar acerca del proceso iniciado hace doscientos a\u00f1os que permiti\u00f3 la separaci\u00f3n pol\u00edtica de la antigua metr\u00f3poli y las embestidas pol\u00edticas, econ\u00f3micas y militares de las grandes potencias extraterritoriales, como tambi\u00e9n a analizar los nuevos desaf\u00edos que la regi\u00f3n enfrenta en este cambio de \u00e9poca.<\/p>\n<p style=\"text-align: justify;\">&nbsp;<\/p>\n<p style=\"text-align: justify;\">Es de destacar que si bien se frustr\u00f3 la conformaci\u00f3n de la idea grandiosa de Sim\u00f3n Bol\u00edvar, expresada en la Carta de Jamaica escrita en 1815, de pretender formar de todo el Mundo Nuevo una sola Naci\u00f3n con un s\u00f3lo v\u00ednculo que ligue sus partes entre s\u00ed y con \u00e9l todo; la posibilidad de la construcci\u00f3n de una Patria Grande nunca fue abandonada. Contra ese objetivo han actuado no s\u00f3lo los intereses sectoriales en el seno de nuestras rep\u00fablicas, sino tambi\u00e9n \u00a0las grandes potencias extraterritoriales, a) intentando controlar instituciones, intervenir en cuestiones de pol\u00edtica interna de nuestras naciones de manera directa o indirecta, etc., b) obstaculizando los procesos de integraci\u00f3n regional desde el panamericanismo opuesto a Bol\u00edvar hasta los a\u00f1os recientes, a pesar de lo cual se ha logrado avanzar en\u00a0 la conformaci\u00f3n de instituciones unitarias como MERCOSUR, ALBA, UNASUR, CELAC, etc. c) presionando y utilizando como un factor de dominaci\u00f3n la econom\u00eda (manejo de la deuda externa, fondos buitre, autonom\u00eda del sector financiero, papel de la inversi\u00f3n extranjera directa, etc.), d) recurriendo a diversas formas de control estrat\u00e9gico-militares (neocolonialismo de los \u201cestados asociados\u201d, las islas Malvinas, la existencia de bases militares en varios pa\u00edses de la regi\u00f3n, etc.)\u00a0 e) demostrando apetencias geogr\u00e1ficas para controlar recursos naturales, recursos alimentarios, energ\u00e9ticos, acu\u00edferos, etc. y f) socioculturales (medios de comunicaci\u00f3n, industrias culturales, educaci\u00f3n, etc.).<\/p>\n<p style=\"text-align: justify;\">&nbsp;<\/p>\n<p style=\"text-align: justify;\">Otra cuesti\u00f3n importante para analizar es el peso de los sectores econ\u00f3micos, pol\u00edticos y socioculturales que desean mantener y expandir su poder a costa de otros sectores socioecon\u00f3micos internos, y muchas veces asociados a las grandes potencias extraterritoriales.<\/p>\n<p style=\"text-align: justify;\">&nbsp;<\/p>\n<p style=\"text-align: justify;\">&nbsp;<\/p>\n<p style=\"text-align: justify;\">Por todo ello, en el Bicentenario de nuestra independencia invitamos a enviar trabajos sobre los siguientes ejes tem\u00e1ticos:<\/p>\n<p style=\"text-align: justify;\">&nbsp;<\/p>\n<p style=\"text-align: justify;\">I)\u00a0\u00a0\u00a0\u00a0\u00a0\u00a0 La conformaci\u00f3n de las nuevas rep\u00fablicas, la institucionalidad regional y la independencia inconclusa. Aspectos pol\u00edticos, econ\u00f3micos y socioculturales. (Siglo XIX)<\/p>\n<p style=\"text-align: justify;\">&#8211;\u00a0\u00a0\u00a0\u00a0\u00a0\u00a0\u00a0\u00a0\u00a0 Corrientes de pensamiento latinoamericano: las propuestas independentistas: \u00bfuni\u00f3n o disgregaci\u00f3n?<\/p>\n<p style=\"text-align: justify;\">&#8211;\u00a0\u00a0\u00a0\u00a0\u00a0\u00a0\u00a0\u00a0\u00a0 Panamericanismo vs. bolivarismo. Proyectos integracionistas. La disgregaci\u00f3n hispana.<\/p>\n<p style=\"text-align: justify;\">&#8211;\u00a0\u00a0\u00a0\u00a0\u00a0\u00a0\u00a0\u00a0\u00a0 Conflictos regionales e intervenci\u00f3n de las grandes potencias (toma de Malvinas, bloqueos y otras aventuras militares, Guerra del Paraguay, Guerra del Pac\u00edfico, etc.)<\/p>\n<p style=\"text-align: justify;\">&#8211;\u00a0\u00a0\u00a0\u00a0\u00a0\u00a0\u00a0\u00a0\u00a0 Las relaciones econ\u00f3micas entre las nuevas rep\u00fablicas y la dependencia de las grandes potencias extrarregionales.<\/p>\n<p style=\"text-align: justify;\">&#8211;\u00a0\u00a0\u00a0\u00a0\u00a0\u00a0\u00a0\u00a0\u00a0 Actores y movimientos sociales y la mirada sobre el proceso de la independencia.<\/p>\n<p style=\"text-align: justify;\">&nbsp;<\/p>\n<p style=\"text-align: justify;\">&nbsp;<\/p>\n<p style=\"text-align: justify;\">II) Del Centenario al Bicentenario \u00bfhacia una segunda independencia? El cambio de \u00e9poca y la uni\u00f3n de Am\u00e9rica Latina y el Caribe: desaf\u00edos, logros y obst\u00e1culos en el siglo XXI.<\/p>\n<p style=\"text-align: justify;\">a)\u00a0\u00a0\u00a0\u00a0\u00a0 Grandes movimientos sociales del siglo XX.<\/p>\n<p style=\"text-align: justify;\">b)\u00a0\u00a0\u00a0\u00a0 Proyectos integracionistas y las propuestas sobre la Patria Grande.<\/p>\n<p style=\"text-align: justify;\">&#8211;\u00a0\u00a0\u00a0\u00a0\u00a0\u00a0\u00a0\u00a0\u00a0 Los proyectos integracionistas de la primera mitad del siglo XX.<\/p>\n<p style=\"text-align: justify;\">&#8211;\u00a0\u00a0\u00a0\u00a0\u00a0\u00a0\u00a0\u00a0\u00a0 Propuestas de integraci\u00f3n regional en el marco de la Guerra Fr\u00eda. Neopanamericanismo.<\/p>\n<p style=\"text-align: justify;\">c)\u00a0\u00a0\u00a0\u00a0\u00a0 La dependencia<\/p>\n<p style=\"text-align: justify;\">&#8211;\u00a0\u00a0\u00a0\u00a0\u00a0\u00a0\u00a0\u00a0\u00a0 Las relaciones asim\u00e9tricas de Am\u00e9rica Latina y el Caribe con las instituciones internacionales pol\u00edticas (ONU, OEA),\u00a0 militares (TIAR, etc.).<\/p>\n<p style=\"text-align: justify;\">&#8211;\u00a0\u00a0\u00a0\u00a0\u00a0\u00a0\u00a0\u00a0\u00a0 La dependencia econ\u00f3mica de Am\u00e9rica Latina y el Caribe con las grandes potencias extrarregionales. Deuda externa y v\u00ednculo con las instituciones econ\u00f3micas internacionales: (FMI, BM, CEPAL, ALALC-ALADI etc.)<\/p>\n<p style=\"text-align: justify;\">d)\u00a0\u00a0\u00a0\u00a0 Un cambio de \u00e9poca y las propuestas de integraci\u00f3n regional desde Am\u00e9rica Latina y el Caribe: MERCOSUR, ALBA, UNASUR, CELAC, etc.<\/p>\n<p style=\"text-align: justify;\">&nbsp;<\/p>\n<p style=\"text-align: justify;\">&nbsp;<\/p>\n<p style=\"text-align: justify;\"><strong>FECHAS DE ENTREGA Y FORMAS DE PARTICIPACION<\/strong><\/p>\n<p style=\"text-align: justify;\">&nbsp;<\/p>\n<p style=\"text-align: justify;\"><strong> <\/strong><\/p>\n<p style=\"text-align: justify;\"><strong>1. PARTICIPACION CON PUBLICACION<\/strong><\/p>\n<p style=\"text-align: justify;\">&nbsp;<\/p>\n<p style=\"text-align: justify;\"><strong>1.1. <\/strong><strong>RESUMENES<\/strong><\/p>\n<p style=\"text-align: justify;\">Los res\u00famenes ser\u00e1n incluidos en un CDRom con ISSN. Deber\u00e1n constar de un m\u00e1ximo de 300 palabras.<\/p>\n<p style=\"text-align: justify;\">&nbsp;<\/p>\n<p style=\"text-align: justify;\"><strong>1.1.1. <\/strong><strong>FECHA LIMITE DE LOS RESUMENES 10 DE JUNIO DE 2015. <\/strong> Enviar a<\/p>\n<p style=\"text-align: justify;\">Alejandro Pisnoy: <a href=\"mailto:jornadasdehistoria2015@gmail.com\">jornadasdehistoria2015@gmail.com<\/a><\/p>\n<p style=\"text-align: justify;\">Carolina Crisorio: <a href=\"mailto:info@adhilac.com.ar\">info@adhilac.com.ar<\/a><\/p>\n<p style=\"text-align: justify;\">&nbsp;<\/p>\n<p style=\"text-align: justify;\">&nbsp;<\/p>\n<p style=\"text-align: justify;\"><strong>1.1.2. <\/strong><strong>DATOS OBLIGATORIOS<\/strong><\/p>\n<p style=\"text-align: justify;\">&nbsp;<\/p>\n<p style=\"text-align: justify;\">Nombre\/s y Apellido\/s<\/p>\n<p style=\"text-align: justify;\">T\u00edtulo de la ponencia<\/p>\n<p style=\"text-align: justify;\">Instituci\u00f3n a la que pertenece<\/p>\n<p style=\"text-align: justify;\">E-mail<\/p>\n<p style=\"text-align: justify;\">Direcci\u00f3n Postal<\/p>\n<p style=\"text-align: justify;\">T\u00edtulo profesional y entidad emisora (Profesor, licenciado, master, doctor, estudiante)<\/p>\n<p style=\"text-align: justify;\">Documento de Identidad<\/p>\n<p style=\"text-align: justify;\">Hoja A4 &#8211; Letra Arial 11<\/p>\n<p style=\"text-align: justify;\"><strong> <\/strong><\/p>\n<p style=\"text-align: justify;\">&nbsp;<\/p>\n<p style=\"text-align: justify;\"><strong>1.2. <\/strong><strong>PONENCIAS<\/strong><\/p>\n<p style=\"text-align: justify;\">Las ponencias deben tener un m\u00ednimo de 6 carillas (p\u00e1ginas o cuartillas). Incluir 3 palabras clave.<\/p>\n<p style=\"text-align: justify;\">&nbsp;<\/p>\n<p style=\"text-align: justify;\"><strong>1.2.1. <\/strong><strong>FECHA LIMITE DE LAS PONENCIAS <\/strong> <strong>15 de junio de 2015. <\/strong>Enviar a<strong> <\/strong><\/p>\n<p style=\"text-align: justify;\">Alejandro Pisnoy: <a href=\"mailto:jornadasdehistoria2015@gmail.com\">jornadasdehistoria2015@gmail.com<\/a><\/p>\n<p style=\"text-align: justify;\">Carolina Crisorio: <a href=\"mailto:info@adhilac.com.ar\">info@adhilac.com.ar<\/a><\/p>\n<p style=\"text-align: justify;\">&nbsp;<\/p>\n<p style=\"text-align: justify;\"><strong>1.2.2. <\/strong><strong>NORMAS PARA LAS PONENCIAS<\/strong><\/p>\n<p style=\"text-align: justify;\">&nbsp;<\/p>\n<p style=\"text-align: justify;\"><strong>Llamadas: <\/strong><\/p>\n<p style=\"text-align: justify;\">Deben ir <span style=\"text-decoration: underline;\">al final del texto<\/span> (y no a pie de p\u00e1gina)<\/p>\n<p style=\"text-align: justify;\">&nbsp;<\/p>\n<p style=\"text-align: justify;\"><strong>Citas: <\/strong><\/p>\n<p style=\"text-align: justify;\">Cita de autor o compilador de libro (en papel o digital)<\/p>\n<p style=\"text-align: justify;\">Nombre\/s y Apellido\/s: <em>T\u00edtulo (en it\u00e1lica), <\/em>editorial, ciudad, fecha, volumen,<\/p>\n<p style=\"text-align: justify;\">P\u00e1gina\/s de referencia.<\/p>\n<p style=\"text-align: justify;\">Cita de libro colectivo<\/p>\n<p style=\"text-align: justify;\">Nombre\/s y Apellido\/s : \u201ct\u00edtulo del cap\u00edtulo\u201d (entre comillas) en varios autores<\/p>\n<p style=\"text-align: justify;\">(VV AA) <em>T\u00edtulo del libro (en it\u00e1lica)<\/em>,\u00a0 editorial, ciudad, fecha, volumen, p\u00e1gina\/s de referencia.<\/p>\n<p style=\"text-align: justify;\">Cita de Revista Cient\u00edfica<\/p>\n<p style=\"text-align: justify;\">Nombre\/s y Apellido\/s: \u201ct\u00edtulo del trabajo\u201d (entre comillas) en <em>Nombre de la revista (it\u00e1lica) <\/em>n\u00famero (a\u00f1o de publicaci\u00f3n), editorial, p\u00e1gina\/s de referencia<\/p>\n<p style=\"text-align: justify;\">&nbsp;<\/p>\n<p style=\"text-align: justify;\"><strong>1.2.3. <\/strong><strong>PUBLICACION<\/strong><\/p>\n<p style=\"text-align: justify;\">Los trabajos presentados <strong>podr\u00e1n ser seleccionados<\/strong> para su publicaci\u00f3n por el Centro Cultural de la Cooperaci\u00f3n Floreal Gorini, y\/o por la Asociaci\u00f3n de Historiadores Latinoamericanos y del Caribe para su portal de web (<a href=\"http:\/\/www.adhilac.com.ar\/\">www.adhilac.com.ar<\/a>) o para Ariadna Tucma Revista Latinoamericana (<a href=\"http:\/\/www.ariadnatucma.com.ar\/\">www.ariadnatucma.com.ar<\/a>) con ISSN y referato. Se otorgar\u00e1n 40 d\u00edas de plazo al finalizar las VI Jornadas de Historia para que los autores puedan revisar y corregir la presentaci\u00f3n.<\/p>\n<p style=\"text-align: justify;\">&nbsp;<\/p>\n<ol style=\"text-align: justify;\">\n<li><strong>2. <\/strong><strong>PARTICIPACION SIN PUBLICACION<\/strong><\/li>\n<\/ol>\n<p style=\"text-align: justify;\">Los investigadores que deseen participar en las Jornadas pero no deseen realizar una publicaci\u00f3n deber\u00e1n indicar al pie del resumen el siguiente texto:<\/p>\n<p style=\"text-align: justify;\">&nbsp;<\/p>\n<p style=\"text-align: justify;\"><strong><em>PARTICIPARE COMO PONENTE PERO NO PUBLICARE LA PONENCIA <\/em><\/strong><\/p>\n<p style=\"text-align: justify;\"><strong> <\/strong><\/p>\n<ol style=\"text-align: justify;\">\n<li><strong>3. <\/strong><strong>SEDE DEL EVENTO<\/strong><\/li>\n<\/ol>\n<p style=\"text-align: justify;\">Centro Cultural de la Cooperaci\u00f3n Floreal Gorini. Avda. Corrientes 1543. Ciudad Aut\u00f3noma de Buenos Aires.<\/p>\n<p style=\"text-align: justify;\">&nbsp;<\/p>\n<p style=\"text-align: justify;\"><strong>INFORMES E INSCRIPCION<\/strong><\/p>\n<p style=\"text-align: justify;\">&nbsp;<\/p>\n<p style=\"text-align: justify;\">Alejandro Pisnoy: <a href=\"mailto:jornadasdehistoria2015@gmail.com\">jornadasdehistoria2015@gmail.com<\/a><\/p>\n<p style=\"text-align: justify;\">Carolina Crisorio: <a href=\"mailto:info@adhilac.com.ar\">info@adhilac.com.ar<\/a><\/p>\n<p style=\"text-align: justify;\">&nbsp;<\/p>\n<p style=\"text-align: justify;\"><strong>COMIT\u00c9 ORGANIZADOR<\/strong><\/p>\n<p style=\"text-align: justify;\">Horacio L\u00f3pez. Centro Cultural de la Cooperaci\u00f3n (CCC) Floreal Gorini.<\/p>\n<p style=\"text-align: justify;\">Alejandro Pisnoy. Instituto del Profesorado Joaqu\u00edn V. Gonz\u00e1lez- CCC Floreal Gorini. Departamento de Historia.<\/p>\n<p style=\"text-align: justify;\">Carolina Crisorio. Universidad de Buenos Aires. Asociaci\u00f3n de Historiadores Latinoamericanos y del Caribe (ADHILAC)..<\/p>\n<p style=\"text-align: justify;\">Juan Francisco Mart\u00ednez Per\u00eda. CCC Floreal Gorini. Depto de Historia<\/p>\n<p style=\"text-align: justify;\">Lucas Ricci. CCC Floreal Gorini. Depto de Historia<\/p>\n<p style=\"text-align: justify;\">Cristina Mateu. Universidad de Buenos Aires.\u00a0 ADHILAC<\/p>\n<p style=\"text-align: justify;\">Sergio Guerra Vilaboy Universidad de La Habana. Cuba.<\/p>\n<p style=\"text-align: justify;\">Jorge Enrique Elias Caro &#8211; Universidad de Magdalena. Santa Marta, Colombia.<br \/>\nVictor Jacinto Flecha Univ. Cat\u00f3lica Nuestra Se\u00f1ora de la Asunci\u00f3n. Paraguay.<br \/>\nHern\u00e1n Venegas Delgado. Universidad Aut\u00f3noma de Coahuila. M\u00e9xico.<\/p>\n<p style=\"text-align: justify;\"><strong> <\/strong><\/p>\n<p style=\"text-align: justify;\"><strong>NOTA<\/strong><\/p>\n<p style=\"text-align: justify;\">La informaci\u00f3n se ir\u00e1 actualizando en<\/p>\n<p style=\"text-align: justify;\"><a href=\"http:\/\/www.centrocultural.coop\/\">www.centrocultural.coop<\/a><\/p>\n<p style=\"text-align: justify;\"><a href=\"http:\/\/www.adhilac.com.ar\/\">www.adhilac.com.ar<\/a><\/p>\n<p style=\"text-align: justify;\">@Adhilacinfo<\/p>\n<p style=\"text-align: justify;\"><strong>Publicado por ADHILAC Internacional \u00a9 www.adhilac.com.ar<\/strong><\/p>\n<p style=\"text-align: justify;\">Si Ud. desea asociarse de acuerdo a los Estatutos de ADHILAC\u00a0<a title=\"(ver)\" href=\"https:\/\/adhilac.com.ar\/?page_id=263\">(ver)<\/a> complete el siguiente formulario\u00a0<a title=\"(ver)\" href=\"https:\/\/adhilac.com.ar\/?page_id=3194\">(ver)<\/a><\/p>\n<p style=\"text-align: justify;\">E-mail: info@adhilac.com.ar<strong> <\/strong><\/p>\n<p style=\"text-align: justify;\">Twitter: @AdhilacInfo<\/p>\n<p style=\"text-align: justify;\">&nbsp;<\/p>\n","protected":false},"excerpt":{"rendered":"<p>Del Congreso de Tucum\u00e1n a la Patria Grande en el siglo XXI 6 y 7 de julio de 2015 VI JORNADAS DE HISTORIA CENTRO CULTURAL DE LA COOPERACION \u00abFLOREAL GORINI\u201d &#8211; CONGRESO INTERNACIONAL DE LA ASOCIACION DE HISTORIADORES LATINOAMERICANOS Y DEL CARIBE (ADHILAC) Del Congreso de Tucum\u00e1n a la Patria Grande en el siglo XXI [&hellip;]<\/p>\n","protected":false},"author":2,"featured_media":0,"comment_status":"closed","ping_status":"closed","sticky":false,"template":"","format":"standard","meta":{"_crdt_document":"","footnotes":""},"categories":[10,3,5,40],"tags":[13,14,49,28],"class_list":["post-10654","post","type-post","status-publish","format-standard","hentry","category-adhil-arg","category-adhilac-inter","category-congresos","category-informaciones","tag-america-latina","tag-bicentenario","tag-independencia","tag-integracion-americana"],"_links":{"self":[{"href":"https:\/\/adhilac.com.ar\/index.php?rest_route=\/wp\/v2\/posts\/10654","targetHints":{"allow":["GET"]}}],"collection":[{"href":"https:\/\/adhilac.com.ar\/index.php?rest_route=\/wp\/v2\/posts"}],"about":[{"href":"https:\/\/adhilac.com.ar\/index.php?rest_route=\/wp\/v2\/types\/post"}],"author":[{"embeddable":true,"href":"https:\/\/adhilac.com.ar\/index.php?rest_route=\/wp\/v2\/users\/2"}],"replies":[{"embeddable":true,"href":"https:\/\/adhilac.com.ar\/index.php?rest_route=%2Fwp%2Fv2%2Fcomments&post=10654"}],"version-history":[{"count":18,"href":"https:\/\/adhilac.com.ar\/index.php?rest_route=\/wp\/v2\/posts\/10654\/revisions"}],"predecessor-version":[{"id":10920,"href":"https:\/\/adhilac.com.ar\/index.php?rest_route=\/wp\/v2\/posts\/10654\/revisions\/10920"}],"wp:attachment":[{"href":"https:\/\/adhilac.com.ar\/index.php?rest_route=%2Fwp%2Fv2%2Fmedia&parent=10654"}],"wp:term":[{"taxonomy":"category","embeddable":true,"href":"https:\/\/adhilac.com.ar\/index.php?rest_route=%2Fwp%2Fv2%2Fcategories&post=10654"},{"taxonomy":"post_tag","embeddable":true,"href":"https:\/\/adhilac.com.ar\/index.php?rest_route=%2Fwp%2Fv2%2Ftags&post=10654"}],"curies":[{"name":"wp","href":"https:\/\/api.w.org\/{rel}","templated":true}]}}