{"id":10669,"date":"2015-04-09T20:07:31","date_gmt":"2015-04-09T23:07:31","guid":{"rendered":"https:\/\/adhilac.com.ar\/?p=10669"},"modified":"2015-04-10T20:14:44","modified_gmt":"2015-04-10T23:14:44","slug":"panama-exponen-en-foro-de-rectores-experiencias-de-cuba","status":"publish","type":"post","link":"https:\/\/adhilac.com.ar\/?p=10669","title":{"rendered":"Panam\u00e1. Exponen en Foro de Rectores experiencias de Cuba"},"content":{"rendered":"<h3 style=\"text-align: justify;\"><span style=\"color: #339966;\">Estamos haciendo historia, afirma Presidente de Panam\u00e1<\/span><\/h3>\n<p style=\"text-align: justify;\">Inauguraci\u00f3n del Foro de Rectores.Exponen en Foro de Rectores experiencias de Cuba<\/p>\n<p style=\"text-align: justify;\">Ciudad de Panam\u00e1.- La educaci\u00f3n universitaria y la capacitaci\u00f3n laboral y t\u00e9cnica son claves para erradicar las desigualdades del continente, sostuvo este jueves el presidente de Panam\u00e1, Juan Carlos Varela, al inaugurar el Foro de Rectores previo a la VII Cumbre de las Am\u00e9ricas.<!--more--><\/p>\n<p style=\"text-align: justify;\">Subray\u00f3 que para materializar ese prop\u00f3sito hay que garantizar el acceso y la permanencia de los j\u00f3venes en una educaci\u00f3n de primer nivel, despojada de toda discriminaci\u00f3n.<\/p>\n<p style=\"text-align: justify;\">Ante unos 600 rectores de la diversa geograf\u00eda americana, Varela detall\u00f3 que las cifras regionales ubican a la cobertura universitaria como un gran desaf\u00edo, por la deserci\u00f3n que se registra en la matr\u00edcula.<\/p>\n<p style=\"text-align: justify;\">Hoy estamos haciendo historia en nuestro continente, sentenci\u00f3 el jefe de Estado paname\u00f1o, quien espera que el foro inaugurado este jueves devenga abono para que los gobernantes, en su enorme responsabilidad, tomen decisiones vitales hacia la ense\u00f1anza superior.<\/p>\n<p style=\"text-align: justify;\"><strong>Cuba muestra al mundo que instruir es posible y necesario<\/strong><\/p>\n<p style=\"text-align: justify;\">Eusebio Leal Spengler, Eduardo Torres Cuevas y Sergio Guerra Vilaboy son invitados especiales que dialogan este jueves en el Foro de los Rectores, el cual transcurre en Panam\u00e1 como acontecimiento de estreno en el contexto de la Cumbre de las Am\u00e9ricas.<\/p>\n<p style=\"text-align: justify;\">Tambi\u00e9n 13 rectores de la isla integran la delegaci\u00f3n caribe\u00f1a a la cita, donde exponen los resultados en la formaci\u00f3n de recursos humanos y su aporte a la superaci\u00f3n de ese capital en la regi\u00f3n.<\/p>\n<p style=\"text-align: justify;\">En el Foro de los Rectores, inaugurado este jueves en Panam\u00e1, la delegaci\u00f3n cubana muestra la experiencia de la isla en la educaci\u00f3n, que deviene referente para estos tiempos, donde el mundo asume como desaf\u00edos lograr el libre acceso y la democratizaci\u00f3n de universidades.<\/p>\n<p style=\"text-align: justify;\">M\u00e1s de un mill\u00f3n 100 mil profesionales se han graduado en Cuba, realidad que hoy deja claro en Panam\u00e1 de que a pesar de las limitantes econ\u00f3micas es posible potenciar la instrucci\u00f3n del ser humano.<\/p>\n<p style=\"text-align: justify;\">Publicado el jueves, 09 de abril de 2015 05:23 pm -04:00 \u00a0<em>Redacci\u00f3n Central<\/em><\/p>\n<p><strong>Publicado por ADHILAC Internacional \u00a9 www.adhilac.com.ar<\/strong><\/p>\n<p>Si Ud. desea asociarse de acuerdo a los Estatutos de ADHILAC\u00a0<a title=\"(ver)\" href=\"https:\/\/adhilac.com.ar\/?page_id=263\">(ver)<\/a> complete el siguiente formulario\u00a0<a title=\"(ver)\" href=\"https:\/\/adhilac.com.ar\/?page_id=3194\">(ver)<\/a><\/p>\n<p>E-mail: info@adhilac.com.ar<strong> <\/strong><\/p>\n<p>Twitter: @AdhilacInfo<\/p>\n","protected":false},"excerpt":{"rendered":"<p>Estamos haciendo historia, afirma Presidente de Panam\u00e1 Inauguraci\u00f3n del Foro de Rectores.Exponen en Foro de Rectores experiencias de Cuba Ciudad de Panam\u00e1.- La educaci\u00f3n universitaria y la capacitaci\u00f3n laboral y t\u00e9cnica son claves para erradicar las desigualdades del continente, sostuvo este jueves el presidente de Panam\u00e1, Juan Carlos Varela, al inaugurar el Foro de Rectores [&hellip;]<\/p>\n","protected":false},"author":2,"featured_media":0,"comment_status":"closed","ping_status":"closed","sticky":false,"template":"","format":"standard","meta":{"_crdt_document":"","footnotes":""},"categories":[18,3],"tags":[63,615,497],"class_list":["post-10669","post","type-post","status-publish","format-standard","hentry","category-adhilac-cuba","category-adhilac-inter","tag-cuba","tag-educacion-superior","tag-panama"],"_links":{"self":[{"href":"https:\/\/adhilac.com.ar\/index.php?rest_route=\/wp\/v2\/posts\/10669","targetHints":{"allow":["GET"]}}],"collection":[{"href":"https:\/\/adhilac.com.ar\/index.php?rest_route=\/wp\/v2\/posts"}],"about":[{"href":"https:\/\/adhilac.com.ar\/index.php?rest_route=\/wp\/v2\/types\/post"}],"author":[{"embeddable":true,"href":"https:\/\/adhilac.com.ar\/index.php?rest_route=\/wp\/v2\/users\/2"}],"replies":[{"embeddable":true,"href":"https:\/\/adhilac.com.ar\/index.php?rest_route=%2Fwp%2Fv2%2Fcomments&post=10669"}],"version-history":[{"count":1,"href":"https:\/\/adhilac.com.ar\/index.php?rest_route=\/wp\/v2\/posts\/10669\/revisions"}],"predecessor-version":[{"id":10670,"href":"https:\/\/adhilac.com.ar\/index.php?rest_route=\/wp\/v2\/posts\/10669\/revisions\/10670"}],"wp:attachment":[{"href":"https:\/\/adhilac.com.ar\/index.php?rest_route=%2Fwp%2Fv2%2Fmedia&parent=10669"}],"wp:term":[{"taxonomy":"category","embeddable":true,"href":"https:\/\/adhilac.com.ar\/index.php?rest_route=%2Fwp%2Fv2%2Fcategories&post=10669"},{"taxonomy":"post_tag","embeddable":true,"href":"https:\/\/adhilac.com.ar\/index.php?rest_route=%2Fwp%2Fv2%2Ftags&post=10669"}],"curies":[{"name":"wp","href":"https:\/\/api.w.org\/{rel}","templated":true}]}}