{"id":10701,"date":"2015-07-07T09:47:56","date_gmt":"2015-07-07T12:47:56","guid":{"rendered":"https:\/\/adhilac.com.ar\/?p=10701"},"modified":"2015-08-13T12:14:14","modified_gmt":"2015-08-13T15:14:14","slug":"coloquio-internacional-%e2%80%9cla-integracion-en-america-latina-y-el-caribe-alternativas-historicas-y-proyeccion-actual-a-200-anos-de-la-carta-de-jamaica-de-simon-bolivar%e2%80%9d-2","status":"publish","type":"post","link":"https:\/\/adhilac.com.ar\/?p=10701","title":{"rendered":"Coloquio Internacional \u201cLa integraci\u00f3n en Am\u00e9rica Latina y el Caribe: alternativas hist\u00f3ricas y proyecci\u00f3n actual, a 200 a\u00f1os de la Carta de Jamaica de Sim\u00f3n Bol\u00edvar\u201d"},"content":{"rendered":"<h3 lang=\"x-unicode\"><span style=\"color: #339966;\">LA HABANA,\u00a07 y 9 de septiembre de 2015<\/span><\/h3>\n<div style=\"text-align: center;\" lang=\"x-unicode\">ASOCIACI\u00d3N DE HISTORIADORES<\/div>\n<div style=\"text-align: center;\" lang=\"x-unicode\">LATINOAMERICANOS y DEL CARIBE\u00a0\u00a0\u00a0 (ADHILAC)&nbsp;<\/p>\n<p><a href=\"https:\/\/adhilac.com.ar\/wp-content\/uploads\/2015\/06\/ULTIMO-LLAMADO-A-PONENCIAS-DE-ADHILAC-La-HabanaCuba-2015.pdf\">ULTIMO LLAMADO A PONENCIAS DE ADHILAC<\/a><\/p>\n<p>TERCERA CIRCULAR<\/p>\n<\/div>\n<div style=\"text-align: justify;\" lang=\"x-unicode\">\n<p>La Secci\u00f3n Cubana de la Asociaci\u00f3n de Historiadores Latinoamericanos y  del Caribe (ADHILAC) y la C\u00e1tedra Bolivariana de la Universidad de La  Habana, reiteran su convocatoria al Coloquio Internacional \u201cLa  integraci\u00f3n en Am\u00e9rica Latina y el Caribe: alternativas hist\u00f3ricas y  proyecci\u00f3n actual, a 200 a\u00f1os de la Carta de Jamaica de Sim\u00f3n Bol\u00edvar\u201d,  en ocasi\u00f3n de conmemorarse el bicentenario de su elaboraci\u00f3n por el  Libertador el 6 de septiembre de 1815.<!--more--> Este coloquio internacional se  desarrollar\u00e1 entre los d\u00edas 7 y 9 de septiembre de 2015\u00a0 y tendr\u00e1 por  sede la Casa Sim\u00f3n Bol\u00edvar y la Casa del Benem\u00e9rito de las Am\u00e9ricas  \u201cBenito Ju\u00e1rez\u201d, ambas situadas en la calle Mercaderes, entre Obrap\u00eda y  Lamparilla, en La Habana, Cuba. La inauguraci\u00f3n ser\u00e1 el 7 de septiembre  de 2015 a las 10 am ante la estatua del Libertador, ubicada en la  esquina de Mercaderes y Obrap\u00eda, La Habana Vieja, donde se depositara  una ofrenda floral.<\/p>\n<p>El Coloquio cuenta hasta el momento con el coauspicio de las siguientes  instituciones o asociaciones:<\/p>\n<p>-Oficina del Historiador de la Ciudad de La Habana<br \/>\n-Instituto de Historia de Cuba<br \/>\n-Red de Intelectuales, Artistas y Movimientos Sociales En Defensa de la  Humanidad<br \/>\n-Red de Integraci\u00f3n de Am\u00e9rica Latina y el Caribe (REDIALC)<br \/>\n-Centro de Cultura Hispanoamericano de la Universidad de Huelva  (Espa\u00f1a)<br \/>\n-Instituto de Estudios Hispanoamericanos de la Universidad Central de  Venezuela (UCV)<br \/>\n-Centro de Investigaciones sobre Am\u00e9rica Latina y el Caribe de la  Universidad Nacional Aut\u00f3noma de M\u00e9xico (UNAM)<br \/>\n-Universidad Andina Sim\u00f3n Bol\u00edvar (Ecuador)<\/p>\n<\/div>\n<div style=\"text-align: justify; padding-left: 30px;\" lang=\"x-unicode\">El temario contempla los siguientes temas y mesas de trabajo:<\/div>\n<div style=\"text-align: justify;\" lang=\"x-unicode\">-Primeras ideas y proyectos de uni\u00f3n hispanoamericana<br \/>\n-El pensamiento de Francisco Miranda y el continente colombiano<br \/>\n-El ideal unionista durante las luchas por la independencia.<br \/>\n-La Carta de Jamaica de Bol\u00edvar y su trascendencia hist\u00f3rica<br \/>\n-La Carta de Jamaica y el Congreso de Viena<br \/>\n-El Congreso de Panam\u00e1<br \/>\n-La disgregaci\u00f3n hispanoamericana<br \/>\n-Recuperaci\u00f3n del legado del Congreso anficti\u00f3nico durante el siglo XIX<br \/>\n-Idea de Am\u00e9rica Latina<br \/>\n-El antillanismo<\/div>\n<div style=\"text-align: justify;\" lang=\"x-unicode\">&#8211;Intelectuales por la unidad de nuestra Am\u00e9rica<br \/>\n&#8211;La uni\u00f3n de nuestra Am\u00e9rica en Jos\u00e9 Mart\u00ed y la guerra necesaria de  1895<\/div>\n<div style=\"text-align: justify;\" lang=\"x-unicode\">-Panamericanismo versus bolivarianismo<br \/>\n-Los proyectos integracionistas en la primera mitad del siglo XX.<br \/>\n-Las izquierdas y la integraci\u00f3n de Am\u00e9rica Latina: de Sandino al Che  Guevara<br \/>\n-Avances y retrocesos contempor\u00e1neos en la integraci\u00f3n latinoamericana<br \/>\n-Los proyectos integracionistas regionales en la segunda mitad del  siglo XX<br \/>\n-El ALCA, una f\u00f3rmula integracionista neopanamericana<br \/>\n-Las nuevas propuestas unionistas latinoamericanas<br \/>\n-Los movimientos sociales y los procesos de integraci\u00f3n en Am\u00e9rica  Latina y el Caribe<br \/>\n-La mujer y las emociones en Europa y Am\u00e9rica siglos XVII \u2013 XIX: su  impacto en la identidad<br \/>\n-Ecolog\u00eda pol\u00edtica e integraci\u00f3n regional<br \/>\n-Exclusiones pol\u00edticas: g\u00e9nero, territorio, clase y raza. Siglos XIX y  XX. Su impacto en la integraci\u00f3n latinoamericana y caribe\u00f1a<br \/>\n-El imaginario de la integraci\u00f3n de Am\u00e9rica Latina y el Caribe:  diversas expresiones<br \/>\n-Las artes y la literatura ante el bicentenario y la integraci\u00f3n\u00a0  latinoamericana. Resonancia y actualidad.<br \/>\n-Los medios y el audiovisual en la conformaci\u00f3n de las ideas sobre  independencia e integraci\u00f3n.&nbsp;<\/p>\n<p>El Coloquio contar\u00e1 con conferencistas principales, invitados  especialmente por REDIALC, y paneles para la presentaci\u00f3n de ponencias,  organizadas seg\u00fan el temario del evento. Tambi\u00e9n est\u00e1 previsto un foro  de estudiantes universitarios.<\/p>\n<p>Para formalizar su inscripci\u00f3n, los interesados, tanto nacionales como  extranjeros, deber\u00e1n enviar a los organizadores del Coloquio por e.  mail, antes del 25 de julio de 2015, un breve resumen de su ponencia, de  uno o dos p\u00e1rrafos de extensi\u00f3n, junto a sus datos acad\u00e9micos y  profesionales. La admisi\u00f3n est\u00e1 sujeta a la decisi\u00f3n de un Comit\u00e9 de  Evaluaci\u00f3n que a vuelta de correo electr\u00f3nico emitir\u00e1 la constancia de  aceptaci\u00f3n correspondiente en el menor plazo posible.<\/p>\n<p>La cuota de inscripci\u00f3n ser\u00e1 de 50.00\u00a0 (CUC). (moneda convertible  cubana) y para los estudiantes regir\u00e1 una tarifa especial de 25.00  (CUC). La acreditaci\u00f3n, tanto de ponentes como de observadores, se har\u00e1  el primer d\u00eda del evento. Los cubanos pagaran en moneda nacional (CUP).  Los miembros de ADHILAC, nacionales o extranjeros, deben abonar s\u00f3lo  media cuota de inscripci\u00f3n.<\/p>\n<p>Durante el Coloquio los ponentes deber\u00e1n entregar en forma electr\u00f3nica  el texto \u00edntegro de sus trabajos, el cual no deber\u00e1 exceder de 10  p\u00e1ginas. Los ponentes solo dispondr\u00e1n de 15 minutos para la presentaci\u00f3n  de sus trabajos.<\/p>\n<p>El acceso a Cuba puede realizarse a trav\u00e9s de las agencias de turismo  que habitualmente realizan viajes a Cuba. Para reservar en los hoteles  del \u00e1rea de La Habana Vieja,\u00a0 lugar del evento, debe contactarse con<\/p>\n<p>Orlando Ramos Blanco<br \/>\nPresidente \/ General Manager<br \/>\nOficios 110 e\/ Amargura y Lamparilla.<br \/>\nHabana Vieja. Cuba. CP: 10100<br \/>\n(53) 7866-4058<br \/>\n<a href=\"http:\/\/www.viajessancristobal.cu\/\">www.viajessancristobal.cu<\/a><\/p>\n<p>Para cualquier informaci\u00f3n adicional, as\u00ed como para la inscripci\u00f3n, los  interesados deben comunicarse con los coordinadores del coloquio<\/p>\n<\/div>\n<div style=\"text-align: justify; padding-left: 60px;\" lang=\"x-unicode\">Dr.  Sergio Guerra Vilaboy, <a href=\"mailto:serguev@ach.ohc.cu\">serguev@ach.ohc.cu<\/a>,<\/div>\n<div style=\"text-align: justify; padding-left: 60px;\" lang=\"x-unicode\">Mtr. Carlos Oliva Campos  <a href=\"mailto:carlosoc@ffh.uh.cu\">carlosoc@ffh.uh.cu<\/a><\/div>\n<div style=\"text-align: justify; padding-left: 60px;\" lang=\"x-unicode\">Mtr. Ren\u00e9 Villaboy Zaldivar (<a href=\"mailto:rene@ffh.uh.cu\">rene@ffh.uh.cu<\/a>).<\/div>\n<div style=\"text-align: justify;\" lang=\"x-unicode\">Tambi\u00e9n pueden llamar a los tel\u00e9fonos (53) 78323200 y 78307328 del  Departamento de Historia de la Universidad de La Habana, ubicado en L y  27, n\u00famero 160, El Vedado, La Habana, Cuba, o consultar la p\u00e1gina web de  la Asociaci\u00f3n de Historiadores Latinoamericanos y del Caribe:  <a href=\"http:\/\/www.adhilac.com.ar\/\">www.adhilac.com.ar<\/a>.<\/div>\n<p><strong>Publicado por ADHILAC Internacional \u00a9 www.adhilac.com.ar<\/strong><\/p>\n<p>Si Ud. desea asociarse de acuerdo a los Estatutos de ADHILAC\u00a0<a title=\"(ver)\" href=\"https:\/\/adhilac.com.ar\/?page_id=263\">(ver)<\/a> complete el siguiente formulario\u00a0<a title=\"(ver)\" href=\"https:\/\/adhilac.com.ar\/?page_id=3194\">(ver)<\/a><\/p>\n<p>E-mail: info@adhilac.com.ar<strong> <\/strong><\/p>\n<p>Twitter: @AdhilacInfo<\/p>\n<p style=\"text-align: justify;\">&nbsp;<\/p>\n","protected":false},"excerpt":{"rendered":"<p>LA HABANA,\u00a07 y 9 de septiembre de 2015 ASOCIACI\u00d3N DE HISTORIADORES LATINOAMERICANOS y DEL CARIBE\u00a0\u00a0\u00a0 (ADHILAC)&nbsp; ULTIMO LLAMADO A PONENCIAS DE ADHILAC TERCERA CIRCULAR La Secci\u00f3n Cubana de la Asociaci\u00f3n de Historiadores Latinoamericanos y del Caribe (ADHILAC) y la C\u00e1tedra Bolivariana de la Universidad de La Habana, reiteran su convocatoria al Coloquio Internacional \u201cLa integraci\u00f3n [&hellip;]<\/p>\n","protected":false},"author":2,"featured_media":0,"comment_status":"closed","ping_status":"closed","sticky":false,"template":"","format":"standard","meta":{"_crdt_document":"","footnotes":""},"categories":[18,3,5],"tags":[63,28],"class_list":["post-10701","post","type-post","status-publish","format-standard","hentry","category-adhilac-cuba","category-adhilac-inter","category-congresos","tag-cuba","tag-integracion-americana"],"_links":{"self":[{"href":"https:\/\/adhilac.com.ar\/index.php?rest_route=\/wp\/v2\/posts\/10701","targetHints":{"allow":["GET"]}}],"collection":[{"href":"https:\/\/adhilac.com.ar\/index.php?rest_route=\/wp\/v2\/posts"}],"about":[{"href":"https:\/\/adhilac.com.ar\/index.php?rest_route=\/wp\/v2\/types\/post"}],"author":[{"embeddable":true,"href":"https:\/\/adhilac.com.ar\/index.php?rest_route=\/wp\/v2\/users\/2"}],"replies":[{"embeddable":true,"href":"https:\/\/adhilac.com.ar\/index.php?rest_route=%2Fwp%2Fv2%2Fcomments&post=10701"}],"version-history":[{"count":14,"href":"https:\/\/adhilac.com.ar\/index.php?rest_route=\/wp\/v2\/posts\/10701\/revisions"}],"predecessor-version":[{"id":11006,"href":"https:\/\/adhilac.com.ar\/index.php?rest_route=\/wp\/v2\/posts\/10701\/revisions\/11006"}],"wp:attachment":[{"href":"https:\/\/adhilac.com.ar\/index.php?rest_route=%2Fwp%2Fv2%2Fmedia&parent=10701"}],"wp:term":[{"taxonomy":"category","embeddable":true,"href":"https:\/\/adhilac.com.ar\/index.php?rest_route=%2Fwp%2Fv2%2Fcategories&post=10701"},{"taxonomy":"post_tag","embeddable":true,"href":"https:\/\/adhilac.com.ar\/index.php?rest_route=%2Fwp%2Fv2%2Ftags&post=10701"}],"curies":[{"name":"wp","href":"https:\/\/api.w.org\/{rel}","templated":true}]}}