{"id":10745,"date":"2015-05-02T05:42:50","date_gmt":"2015-05-02T08:42:50","guid":{"rendered":"https:\/\/adhilac.com.ar\/?p=10745"},"modified":"2015-05-06T11:53:44","modified_gmt":"2015-05-06T14:53:44","slug":"v-seminario-internacional-de-historia-economica-cartagena-de-indias-colombia-agosto-11-12-y-13","status":"publish","type":"post","link":"https:\/\/adhilac.com.ar\/?p=10745","title":{"rendered":"V SEMINARIO INTERNACIONAL DE HISTORIA ECONOMICA  Cartagena de Indias, &#8211; Colombia  Agosto 11, 12 y 13"},"content":{"rendered":"<h3 style=\"text-align: justify;\"><span style=\"color: #339966;\"><strong>Convoca<\/strong><\/span><\/h3>\n<p style=\"text-align: justify;\"><strong> <strong><a href=\"https:\/\/adhilac.com.ar\/wp-content\/uploads\/2015\/05\/Univ-Cartagena.jpg\"><img loading=\"lazy\" decoding=\"async\" title=\"Univ Cartagena\" src=\"https:\/\/adhilac.com.ar\/wp-content\/uploads\/2015\/05\/Univ-Cartagena.jpg\" alt=\"\" width=\"323\" height=\"148\" \/><\/a><\/strong><\/strong><\/p>\n<p style=\"text-align: justify;\"><strong>Apoya<\/strong><\/p>\n<p style=\"text-align: justify;\"><strong><a href=\"https:\/\/adhilac.com.ar\/wp-content\/uploads\/2015\/02\/Logo-ADHILAC-Internacional.jpg\"><img loading=\"lazy\" decoding=\"async\" class=\"size-full wp-image-10474 alignleft\" title=\"Logo-ADHILAC-Internacional\" src=\"https:\/\/adhilac.com.ar\/wp-content\/uploads\/2015\/02\/Logo-ADHILAC-Internacional.jpg\" alt=\"\" width=\"142\" height=\"223\" \/><\/a>Asociaci\u00f3n de Historiadores Latinoamericanos y del Caribe<\/strong><\/p>\n<p style=\"text-align: justify;\"><strong>ADHILAC <\/strong><\/p>\n<p style=\"text-align: justify;\"><strong><br \/>\n<\/strong><\/p>\n<p style=\"text-align: justify;\"><strong> <\/strong><\/p>\n<p style=\"text-align: justify;\"><strong> <\/strong><\/p>\n<p style=\"text-align: justify;\"><strong> <\/strong><strong> <\/strong><\/p>\n<p style=\"text-align: justify;\"><strong> <\/strong><\/p>\n<p style=\"text-align: justify;\"><strong> <\/strong><\/p>\n<p style=\"text-align: justify;\"><strong> <\/strong><\/p>\n<p style=\"text-align: justify;\"><strong>V SEMINARIO INTERNACIONAL DE HISTORIA ECONOMICA<\/strong><\/p>\n<p style=\"padding-left: 210px;\"><strong>Los d\u00edas 11, 12 y 13 de agosto 2015<\/strong><br \/>\n<strong>Cartagena de Indias &#8211; Colombia<!--more--><\/strong><\/p>\n<p style=\"text-align: justify;\">El seminario internacional de historia econ\u00f3mica, con sede permanente en la universidad de Cartagena, viene desarroll\u00e1ndose desde 2011, cuyo fin es\u00a0 propiciar un espacio de encuentro y reflexi\u00f3n alrededor de temas relacionados con la historia econ\u00f3mica y su interrelaci\u00f3n con otras disciplinas de las ciencias sociales.<\/p>\n<p style=\"text-align: justify;\">El <strong><em>V Seminario Internacional de Historia Econ\u00f3mica<\/em><\/strong>, girara en torno a varios ejes tem\u00e1ticos relacionados con el an\u00e1lisis econ\u00f3mico desde una perspectiva hist\u00f3rica, por tanto se invita a los investigadores y comunidad acad\u00e9mica a participar en calidad de ponente o asistente.<\/p>\n<p style=\"text-align: justify;\"><strong>Mesas tem\u00e1ticas.<\/strong><\/p>\n<p style=\"text-align: justify;\">El debate en torno a la globalizaci\u00f3n comercial y estructuras econ\u00f3micas<\/p>\n<ol style=\"text-align: justify;\">\n<li>Articulaci\u00f3n entre econom\u00eda, \u00a0demograf\u00eda y sociedad<\/li>\n<li>Globalizaci\u00f3n en America Latina<\/li>\n<li>Empresas, empresarios e inversi\u00f3n de capitales<\/li>\n<li>Redes y circuitos comerciales, hac\u00eda la construcci\u00f3n de convergencias econ\u00f3micas.<\/li>\n<li>Historia econ\u00f3mica y social<\/li>\n<li>Econom\u00edas mundos.<\/li>\n<\/ol>\n<p style=\"text-align: justify;\"><strong>Metodolog\u00eda.<\/strong><\/p>\n<p style=\"text-align: justify;\">El Congreso estar\u00e1 organizado por mesas tem\u00e1ticas, espacio en los que los ponentes presentar\u00e1n sus reflexiones investigativas, para concluir con una sesi\u00f3n de preguntas y comentarios por parte de los participantes. Adem\u00e1s conferencias centrales relacionadas con la tem\u00e1tica del evento.<\/p>\n<p style=\"text-align: justify;\"><strong>Participaci\u00f3n.<\/strong><\/p>\n<p style=\"text-align: justify;\">Los participantes deber\u00e1n enviar sus res\u00famenes de ponencia hasta el 20 de junio. La carta de aceptaci\u00f3n de ponencias ser\u00e1n enviadas por los coordinadores desde el momento en que se reciba hasta el 30 de junio, el texto completo para publicaci\u00f3n de memorias en medios magn\u00e9tico hasta el 15 de julio.<\/p>\n<p style=\"text-align: justify;\">Los res\u00famenes deben ser enviados\u00a0 a: <a href=\"mailto:mdelacruzv@unicartagena.edu.co\">mdelacruzv@unicartagena.edu.co<\/a>.\u00a0 <a href=\"mailto:racevedop@unicartagena.edu.co\">racevedop@unicartagena.edu.co<\/a>.<\/p>\n<p style=\"text-align: justify;\">El idioma del encuentro ser\u00e1 espa\u00f1ol, \u00a0ingl\u00e9s y portugu\u00e9s.<\/p>\n<p style=\"text-align: justify;\">La propuesta de inscripci\u00f3n debe contener:<\/p>\n<ol style=\"text-align: justify;\">\n<li>Datos personales, ( nombres, apellidos, correo electr\u00f3nico y direcci\u00f3n postal)<\/li>\n<li>Datos profesionales (Grado acad\u00e9mico\u00a0 y filiaci\u00f3n institucional)<\/li>\n<li>T\u00edtulo de la ponencia,\u00a0 mesa elegida y un resumen hasta 350 palabras.<\/li>\n<\/ol>\n<p style=\"text-align: justify;\"><strong>Valor de la Inscripci\u00f3n.<\/strong><\/p>\n<p style=\"text-align: justify;\">Para ponentes nacionales e internacionales el costo de inscripci\u00f3n es de 80 USD, para participantes nacionales y extranjeros 80 USD d\u00f3lares, estudiantes ponentes y no ponentes 40 USD.<\/p>\n<p style=\"text-align: justify;\"><strong>Coordinadores acad\u00e9micos<\/strong>:<\/p>\n<p>Dra. Maribel de La Cruz Vergara (Universidad de Cartagena)<br \/>\nDr. Rafael Acevedo Puello (Universidad de Cartagena)<\/p>\n<p style=\"text-align: justify;\"><strong>Comit\u00e9 de apoyo.<\/strong><\/p>\n<p>Elkin Mora. (Universidad de Cartagena)<br \/>\nGrupo y semillero de investigaci\u00f3n HECOPOLIS<\/p>\n<p style=\"text-align: justify;\"><strong>Sede del evento<\/strong><\/p>\n<p style=\"text-align: justify;\"><strong> <\/strong><\/p>\n<p style=\"text-align: justify;\">El evento se realizar\u00e1\u00a0 en la Universidad de Cartagena\u00a0 (Claustro de\u00a0 la Merced) y en el Palacio de la Inquisici\u00f3n, en la ciudad amurallada.<\/p>\n<p style=\"text-align: justify;\">Cartagena de Indias es una ciudad colonial, Patrimonio de la Humanidad. Adem\u00e1s por su car\u00e1cter de ciudad tur\u00edstica, ofrece a sus visitantes un amplio portafolio hotelero, gastron\u00f3mico y sitios de inter\u00e9s hist\u00f3rico, los cuales podr\u00e1 consultar a trav\u00e9s de los siguientes enlaces:<\/p>\n<p style=\"text-align: justify;\">&nbsp;<\/p>\n<p style=\"text-align: justify;\"><a href=\"http:\/\/www.colombia.travel\/es\/a-donde-ir\/caribe\/cartagena-de-indias\">http:\/\/www.colombia.travel\/es\/a-donde-ir\/caribe\/cartagena-de-indias<\/a><\/p>\n<p style=\"text-align: justify;\"><a href=\"http:\/\/www.tripadvisor.co\/Tourism-g297476-Cartagena_Cartagena_District_Bolivar_Department-Vacations.html\">http:\/\/www.tripadvisor.co\/Tourism-g297476-Cartagena_Cartagena_District_Bolivar_Department-Vacations.html<\/a>.<\/p>\n<p style=\"text-align: justify;\"><a href=\"http:\/\/www.despegar.com.ar\/turismo\/ctg\/cartagena+de+indias\/\">http:\/\/www.despegar.com.ar\/turismo\/ctg\/cartagena+de+indias\/<\/a>.<\/p>\n<p style=\"text-align: justify;\"><a href=\"http:\/\/www.cartagenadeindias.travel\/\">http:\/\/www.cartagenadeindias.travel<\/a>.<\/p>\n<p><strong>Publicado por ADHILAC Internacional \u00a9 www.adhilac.com.ar<\/strong><\/p>\n<p>Si Ud. desea asociarse de acuerdo a los Estatutos de ADHILAC\u00a0<a title=\"(ver)\" href=\"https:\/\/adhilac.com.ar\/?page_id=263\">(ver)<\/a> complete el siguiente formulario\u00a0<a title=\"(ver)\" href=\"https:\/\/adhilac.com.ar\/?page_id=3194\">(ver)<\/a><\/p>\n<p>E-mail: info@adhilac.com.ar<strong> <\/strong><\/p>\n<p>Twitter: @AdhilacInfo<\/p>\n","protected":false},"excerpt":{"rendered":"<p>Convoca Apoya Asociaci\u00f3n de Historiadores Latinoamericanos y del Caribe ADHILAC V SEMINARIO INTERNACIONAL DE HISTORIA ECONOMICA Los d\u00edas 11, 12 y 13 de agosto 2015 Cartagena de Indias &#8211; Colombia<\/p>\n","protected":false},"author":2,"featured_media":0,"comment_status":"closed","ping_status":"closed","sticky":false,"template":"","format":"standard","meta":{"_crdt_document":"","footnotes":""},"categories":[3,5,40],"tags":[26,130],"class_list":["post-10745","post","type-post","status-publish","format-standard","hentry","category-adhilac-inter","category-congresos","category-informaciones","tag-colombia","tag-historia-economica"],"_links":{"self":[{"href":"https:\/\/adhilac.com.ar\/index.php?rest_route=\/wp\/v2\/posts\/10745","targetHints":{"allow":["GET"]}}],"collection":[{"href":"https:\/\/adhilac.com.ar\/index.php?rest_route=\/wp\/v2\/posts"}],"about":[{"href":"https:\/\/adhilac.com.ar\/index.php?rest_route=\/wp\/v2\/types\/post"}],"author":[{"embeddable":true,"href":"https:\/\/adhilac.com.ar\/index.php?rest_route=\/wp\/v2\/users\/2"}],"replies":[{"embeddable":true,"href":"https:\/\/adhilac.com.ar\/index.php?rest_route=%2Fwp%2Fv2%2Fcomments&post=10745"}],"version-history":[{"count":9,"href":"https:\/\/adhilac.com.ar\/index.php?rest_route=\/wp\/v2\/posts\/10745\/revisions"}],"predecessor-version":[{"id":10753,"href":"https:\/\/adhilac.com.ar\/index.php?rest_route=\/wp\/v2\/posts\/10745\/revisions\/10753"}],"wp:attachment":[{"href":"https:\/\/adhilac.com.ar\/index.php?rest_route=%2Fwp%2Fv2%2Fmedia&parent=10745"}],"wp:term":[{"taxonomy":"category","embeddable":true,"href":"https:\/\/adhilac.com.ar\/index.php?rest_route=%2Fwp%2Fv2%2Fcategories&post=10745"},{"taxonomy":"post_tag","embeddable":true,"href":"https:\/\/adhilac.com.ar\/index.php?rest_route=%2Fwp%2Fv2%2Ftags&post=10745"}],"curies":[{"name":"wp","href":"https:\/\/api.w.org\/{rel}","templated":true}]}}