{"id":10754,"date":"2015-04-26T06:00:31","date_gmt":"2015-04-26T09:00:31","guid":{"rendered":"https:\/\/adhilac.com.ar\/?p=10754"},"modified":"2015-05-04T06:04:49","modified_gmt":"2015-05-04T09:04:49","slug":"charlas-sobre-la-historia-del-partido-comunista-argentino-cefma-buenos-aires-desde-el-6-de-mayo-de-2015","status":"publish","type":"post","link":"https:\/\/adhilac.com.ar\/?p=10754","title":{"rendered":"Charlas sobre la Historia del Partido Comunista Argentino. CEFMA. Buenos Aires. Desde el 6 de mayo de 2015."},"content":{"rendered":"<div><img loading=\"lazy\" decoding=\"async\" class=\"alignleft\" src=\"https:\/\/mail.google.com\/mail\/u\/0\/?ui=2&amp;ik=31c22b8d02&amp;view=fimg&amp;th=14d1c2461fb3122d&amp;attid=0.1&amp;disp=emb&amp;realattid=cccec2e4cf943d00_0.1&amp;attbid=ANGjdJ-TxLrHVPzSOKYQ3O6pM4n9Vy_cr8bDi6TfyxkuQ9WVbUmjUQEE7gFUNGaTXbxUpOGiKLIPU7Izvv-nEUtfxFQabTN8i_FQSn59trVKvmcPM7DH7pJshkLa6qg&amp;sz=s0-l75-ft&amp;ats=1430745128135&amp;rm=14d1c2461fb3122d&amp;zw&amp;atsh=1\" alt=\"\" width=\"200\" height=\"200\" \/><\/div>\n<div style=\"text-align: justify;\">Este mi\u00e9rcoles 6 de mayo damos inicio al ciclo de charlas sobre la Historia del Partido Comunista argentino que tendr\u00e1 lugar los primeros mi\u00e9rcoles de cada mes en el Centro de Estudios de Formaci\u00f3n Marxista (CEFMA), H\u00e9ctor P. Agosti. En esta oportunidad, inauguramos estos encuentros con la presentaci\u00f3n del equipo que conforma la Comisi\u00f3n de Historia del PC argentino, contando la presencia de Daniel Campione a cargo de la exposici\u00f3n principal acerca de los or\u00edgenes del Partido Socialista Internacional.<!--more--><\/div>\n<div style=\"text-align: justify;\"><\/div>\n<div style=\"text-align: justify;\">En los pr\u00f3ximos encuentros contaremos con la participaci\u00f3n de miembros del equipo de la Comisi\u00f3n y de especialistas en Historia del movimiento obrero invitados para abordar las distintas etapas del recorrido del comunismo en Argentina. Las charlas son de asistencia libre y gratuita y no requieren inscripci\u00f3n previa.<\/div>\n<div style=\"text-align: justify;\"><\/div>\n<div style=\"text-align: justify;\">\n<div dir=\"ltr\">\n<div><span style=\"font-size: medium;\"><strong>Mi\u00e9rcoles 6 de mayo, 19 horas<\/strong><br \/>\n<strong><br \/>\nCharlas sobre la Historia del Partido Comunista<br \/>\n<\/strong><\/span><\/div>\n<div><strong><span style=\"font-size: medium;\"><br \/>\n\u201cLos or\u00edgenes del PSI, debates y nacimiento de un partido\u201d.<\/p>\n<p><\/span><\/strong><\/div>\n<div><strong><span style=\"font-size: medium;\">Con Daniel Campione<\/span><\/strong><\/div>\n<div><strong><span style=\"font-size: medium;\"><br \/>\nCoordinaci\u00f3n: Mercedes L\u00f3pez Cantera.<\/span><\/strong><\/div>\n<p><strong><span style=\"font-size: medium;\"> <\/span><\/strong><span style=\"font-size: medium;\">Los pr\u00f3ximos encuentros ser\u00e1n:<\/span><\/p>\n<p><span style=\"text-decoration: underline;\">Mi\u00e9rcoles 10 de junio<\/span><span style=\"font-size: medium;\">, \u201cEl PC en los a\u00f1os \u201930: huelgas obreras y represi\u00f3n\u201d, con Nora Huertas y Mercedes L\u00f3pez Cantera.<\/span><\/p>\n<div><span style=\"font-size: medium;\"><br \/>\n<\/span><\/div>\n<div>\n<div><span style=\"font-size: medium;\"><span style=\"text-decoration: underline;\">Mi\u00e9rcoles 8 de julio<\/span>, \u201cMovimiento obrero y PC. El per\u00edodo de entreguerras. El caso de Mar del Plata\u201d, con Diego Ceruso (Revista Archivos) y Lucas Gonz\u00e1lez (Mar del Plata).<br \/>\n<\/span><\/div>\n<p><span style=\"font-size: medium;\"><br \/>\n<\/span><\/div>\n<p><span style=\"font-size: medium;\">Los esperamos en nuestra sede central de Callao 274, CABA<\/span><\/p>\n<\/div>\n<\/div>\n<p><strong>Publicado por ADHILAC Internacional \u00a9 www.adhilac.com.ar<\/strong><\/p>\n<p>Si Ud. desea asociarse de acuerdo a los Estatutos de ADHILAC\u00a0<a title=\"(ver)\" href=\"https:\/\/adhilac.com.ar\/?page_id=263\">(ver)<\/a> complete el siguiente formulario\u00a0<a title=\"(ver)\" href=\"https:\/\/adhilac.com.ar\/?page_id=3194\">(ver)<\/a><\/p>\n<p>E-mail: info@adhilac.com.ar<strong> <\/strong><\/p>\n<p>Twitter: @AdhilacInfo<\/p>\n<p style=\"text-align: justify;\">&nbsp;<\/p>\n","protected":false},"excerpt":{"rendered":"<p>Este mi\u00e9rcoles 6 de mayo damos inicio al ciclo de charlas sobre la Historia del Partido Comunista argentino que tendr\u00e1 lugar los primeros mi\u00e9rcoles de cada mes en el Centro de Estudios de Formaci\u00f3n Marxista (CEFMA), H\u00e9ctor P. Agosti. En esta oportunidad, inauguramos estos encuentros con la presentaci\u00f3n del equipo que conforma la Comisi\u00f3n de [&hellip;]<\/p>\n","protected":false},"author":2,"featured_media":0,"comment_status":"closed","ping_status":"closed","sticky":false,"template":"","format":"standard","meta":{"_crdt_document":"","footnotes":""},"categories":[40],"tags":[67,244],"class_list":["post-10754","post","type-post","status-publish","format-standard","hentry","category-informaciones","tag-argentina","tag-partido-comunista"],"_links":{"self":[{"href":"https:\/\/adhilac.com.ar\/index.php?rest_route=\/wp\/v2\/posts\/10754","targetHints":{"allow":["GET"]}}],"collection":[{"href":"https:\/\/adhilac.com.ar\/index.php?rest_route=\/wp\/v2\/posts"}],"about":[{"href":"https:\/\/adhilac.com.ar\/index.php?rest_route=\/wp\/v2\/types\/post"}],"author":[{"embeddable":true,"href":"https:\/\/adhilac.com.ar\/index.php?rest_route=\/wp\/v2\/users\/2"}],"replies":[{"embeddable":true,"href":"https:\/\/adhilac.com.ar\/index.php?rest_route=%2Fwp%2Fv2%2Fcomments&post=10754"}],"version-history":[{"count":1,"href":"https:\/\/adhilac.com.ar\/index.php?rest_route=\/wp\/v2\/posts\/10754\/revisions"}],"predecessor-version":[{"id":10755,"href":"https:\/\/adhilac.com.ar\/index.php?rest_route=\/wp\/v2\/posts\/10754\/revisions\/10755"}],"wp:attachment":[{"href":"https:\/\/adhilac.com.ar\/index.php?rest_route=%2Fwp%2Fv2%2Fmedia&parent=10754"}],"wp:term":[{"taxonomy":"category","embeddable":true,"href":"https:\/\/adhilac.com.ar\/index.php?rest_route=%2Fwp%2Fv2%2Fcategories&post=10754"},{"taxonomy":"post_tag","embeddable":true,"href":"https:\/\/adhilac.com.ar\/index.php?rest_route=%2Fwp%2Fv2%2Ftags&post=10754"}],"curies":[{"name":"wp","href":"https:\/\/api.w.org\/{rel}","templated":true}]}}