{"id":10776,"date":"2015-05-01T02:37:40","date_gmt":"2015-05-01T05:37:40","guid":{"rendered":"https:\/\/adhilac.com.ar\/?p=10776"},"modified":"2015-05-07T02:45:29","modified_gmt":"2015-05-07T05:45:29","slug":"revista-historia-da-educacao","status":"publish","type":"post","link":"https:\/\/adhilac.com.ar\/?p=10776","title":{"rendered":"Revista Hist\u00f3ria da Educa\u00e7\u00e3o. Brasil."},"content":{"rendered":"<p><img loading=\"lazy\" decoding=\"async\" class=\"alignleft\" src=\"http:\/\/seer.ufrgs.br\/public\/journals\/94\/cover_issue_2476_pt_BR.jpg\" alt=\"Capa da revista\" width=\"181\" height=\"191\" \/><\/p>\n<p><strong>Revista Hist\u00f3ria da Educa\u00e7\u00e3o <\/strong> da Associa\u00e7\u00e3o Sul-Rio-Grandense de Pesquisadores em Hist\u00f3ria da Educa\u00e7\u00e3o &#8211; Asphe\/RS &#8211; Brasil.<\/p>\n<h3>v. 19, n. 46, maio\/ago., 2015<\/h3>\n<p><a href=\"http:\/\/seer.ufrgs.br\/asphe\" target=\"_blank\">http:\/\/seer.ufrgs.br\/asphe<\/a> &#8211; <a href=\"http:\/\/www.scielo.br\/heduc\" target=\"_blank\">http:\/\/www.scielo.br\/heduc<\/a><\/p>\n<p><!--more--><\/p>\n<p>&nbsp;<\/p>\n<p>&nbsp;<\/p>\n<p><strong>Publicado por ADHILAC Internacional \u00a9 www.adhilac.com.ar<\/strong><\/p>\n<p>Si Ud. desea asociarse de acuerdo a los Estatutos de ADHILAC\u00a0<a title=\"(ver)\" href=\"https:\/\/adhilac.com.ar\/?page_id=263\">(ver)<\/a> complete el siguiente formulario\u00a0<a title=\"(ver)\" href=\"https:\/\/adhilac.com.ar\/?page_id=3194\">(ver)<\/a><\/p>\n<p>E-mail: info@adhilac.com.ar<strong> <\/strong><\/p>\n<p>Twitter: @AdhilacInfo<\/p>\n<p>&nbsp;<\/p>\n<p><a href=\"http:\/\/www.scielo.br\/heduc\" target=\"_blank\"><!--more--><\/a><\/p>\n","protected":false},"excerpt":{"rendered":"<p>Revista Hist\u00f3ria da Educa\u00e7\u00e3o da Associa\u00e7\u00e3o Sul-Rio-Grandense de Pesquisadores em Hist\u00f3ria da Educa\u00e7\u00e3o &#8211; Asphe\/RS &#8211; Brasil. v. 19, n. 46, maio\/ago., 2015 http:\/\/seer.ufrgs.br\/asphe &#8211; http:\/\/www.scielo.br\/heduc<\/p>\n","protected":false},"author":2,"featured_media":0,"comment_status":"closed","ping_status":"closed","sticky":false,"template":"","format":"standard","meta":{"_crdt_document":"","footnotes":""},"categories":[7],"tags":[74,478],"class_list":["post-10776","post","type-post","status-publish","format-standard","hentry","category-publicac-info","tag-brasil","tag-historia-de-la-educacion"],"_links":{"self":[{"href":"https:\/\/adhilac.com.ar\/index.php?rest_route=\/wp\/v2\/posts\/10776","targetHints":{"allow":["GET"]}}],"collection":[{"href":"https:\/\/adhilac.com.ar\/index.php?rest_route=\/wp\/v2\/posts"}],"about":[{"href":"https:\/\/adhilac.com.ar\/index.php?rest_route=\/wp\/v2\/types\/post"}],"author":[{"embeddable":true,"href":"https:\/\/adhilac.com.ar\/index.php?rest_route=\/wp\/v2\/users\/2"}],"replies":[{"embeddable":true,"href":"https:\/\/adhilac.com.ar\/index.php?rest_route=%2Fwp%2Fv2%2Fcomments&post=10776"}],"version-history":[{"count":4,"href":"https:\/\/adhilac.com.ar\/index.php?rest_route=\/wp\/v2\/posts\/10776\/revisions"}],"predecessor-version":[{"id":10778,"href":"https:\/\/adhilac.com.ar\/index.php?rest_route=\/wp\/v2\/posts\/10776\/revisions\/10778"}],"wp:attachment":[{"href":"https:\/\/adhilac.com.ar\/index.php?rest_route=%2Fwp%2Fv2%2Fmedia&parent=10776"}],"wp:term":[{"taxonomy":"category","embeddable":true,"href":"https:\/\/adhilac.com.ar\/index.php?rest_route=%2Fwp%2Fv2%2Fcategories&post=10776"},{"taxonomy":"post_tag","embeddable":true,"href":"https:\/\/adhilac.com.ar\/index.php?rest_route=%2Fwp%2Fv2%2Ftags&post=10776"}],"curies":[{"name":"wp","href":"https:\/\/api.w.org\/{rel}","templated":true}]}}