{"id":10782,"date":"2015-05-11T09:34:05","date_gmt":"2015-05-11T12:34:05","guid":{"rendered":"https:\/\/adhilac.com.ar\/?p=10782"},"modified":"2015-05-15T05:40:19","modified_gmt":"2015-05-15T08:40:19","slug":"10782","status":"publish","type":"post","link":"https:\/\/adhilac.com.ar\/?p=10782","title":{"rendered":"Presentaci\u00f3n de \u00abCuba a la mano\u00bb en Barranquilla, Colombia."},"content":{"rendered":"<p>&nbsp;<\/p>\n<p style=\"text-align: justify;\"><a href=\"https:\/\/adhilac.com.ar\/wp-content\/uploads\/2015\/05\/PresentacCuba-aMano.jpg\"><\/a><a href=\"https:\/\/adhilac.com.ar\/wp-content\/uploads\/2015\/05\/LANZAMIENTO-LIBRO-CUBA-02.jpg\"><img loading=\"lazy\" decoding=\"async\" class=\"size-full wp-image-10787 alignnone\" title=\"LANZAMIENTO LIBRO CUBA- 02\" src=\"https:\/\/adhilac.com.ar\/wp-content\/uploads\/2015\/05\/LANZAMIENTO-LIBRO-CUBA-02.jpg\" alt=\"\" width=\"510\" height=\"340\" srcset=\"https:\/\/adhilac.com.ar\/wp-content\/uploads\/2015\/05\/LANZAMIENTO-LIBRO-CUBA-02.jpg 510w, https:\/\/adhilac.com.ar\/wp-content\/uploads\/2015\/05\/LANZAMIENTO-LIBRO-CUBA-02-300x200.jpg 300w\" sizes=\"auto, (max-width: 510px) 100vw, 510px\" \/><\/a>Bajo la autor\u00eda de Sergio Guerra Vilaboy, historiador e investigador cubano, y Roberto Gonz\u00e1lez Arana, historiador y docente de la Universidad del Norte, el libro \u00abCuba a la mano. <!--more-->Anatom\u00eda de un pa\u00eds\u00bb presenta una visi\u00f3n en conjunto sobre la historia de Cuba, su econom\u00eda, pol\u00edtica internacional, cultura, geograf\u00eda y otros aspectos que permiten comprender la importancia de la mayor de las Antillas en la actualidad.<\/p>\n<p style=\"text-align: justify;\">Esta obra es la primera edici\u00f3n de la colecci\u00f3n llamada Gran Caribe, un proyecto Editorial del Instituto de Estudios de Am\u00e9rica Latina y el Caribe de Uninorte, que busca dar a conocer la realidad hist\u00f3rica, econ\u00f3mica, social, pol\u00edtica y cultural de todo los pa\u00edses que componen el territorio conocido como la Gran Cuenca de Caribe.<\/p>\n<p style=\"text-align: justify;\"><a href=\"https:\/\/adhilac.com.ar\/wp-content\/uploads\/2015\/05\/Lanzamiento-2-02.jpg\"><img loading=\"lazy\" decoding=\"async\" class=\"alignleft size-full wp-image-10786\" title=\"Lanzamiento 2-02\" src=\"https:\/\/adhilac.com.ar\/wp-content\/uploads\/2015\/05\/Lanzamiento-2-02.jpg\" alt=\"\" width=\"510\" height=\"340\" srcset=\"https:\/\/adhilac.com.ar\/wp-content\/uploads\/2015\/05\/Lanzamiento-2-02.jpg 510w, https:\/\/adhilac.com.ar\/wp-content\/uploads\/2015\/05\/Lanzamiento-2-02-300x200.jpg 300w\" sizes=\"auto, (max-width: 510px) 100vw, 510px\" \/><\/a><\/p>\n<p style=\"text-align: justify;\">El 7 de mayo se realiz\u00f3 el lanzamiento del libro y en el marco del evento, el historiador Sergio Guerra desarroll\u00f3 una conferencia titulada\u00a0\u00abLas relaciones entre Cuba y los Estados Unidos. Un siglo de historia\u00bb, donde realiz\u00f3 un an\u00e1lisis de la historia de Cuba y su preparaci\u00f3n para enfrentar los retos que trae le restablecimiento de relaciones con Estados Unidos y los efectos que esto tendr\u00e1 en la revoluci\u00f3n cubana.<\/p>\n<p style=\"text-align: justify;\">Seg\u00fan Sergio Guerra, la apertura de las relaciones con los Estados Unidos, despu\u00e9s de 50 a\u00f1os de aislamiento y de confrontaci\u00f3n, sin duda alguna visiona un giro hist\u00f3rico para Cuba, desde el punto de vista econ\u00f3mico, social y pol\u00edtico.<\/p>\n<p style=\"text-align: justify;\">\u00abSe ha presentado un cambio en los gobiernos latinoamericanos en los \u00faltimos a\u00f1os al ir exigiendo una mejor\u00eda de las relaciones con Cuba, y tambi\u00e9n a nivel internacional en la ONU, que a\u00f1o tras a\u00f1o han hecho una votaci\u00f3n de m\u00e1s de 150 naciones del mundo exigiendo a los Estados Unidos el fin del bloqueo. Todo esto indica que se ha venido acercando un momento hist\u00f3rico en el cambio de la relaciones\u00bb, explic\u00f3.<\/p>\n<p style=\"text-align: justify;\">Desde el punto de vista interno, Cuba ha venido dando una serie de pasos, independientemente del restablecimiento de las relaciones, de adaptaci\u00f3n del sistema socialista cubano a las nuevas condiciones internacionales. \u00abYo dir\u00eda que esa es la forma en que el pa\u00eds se va preparando para todo lo que empieza ya a ocurrir con relaci\u00f3n a las relaciones con los Estados Unidos\u00bb, asegur\u00f3.<\/p>\n<p style=\"text-align: justify;\">Para el docente, esta situaci\u00f3n solo traer\u00e1 beneficios para ambos pa\u00edses, y afirma que las dificultades se presentaban en el contexto anterior que impon\u00eda un bloqueo, falta de acceso al mercado, penalidades en las finanzas, limitaciones para comerciar con otros pa\u00edses, entre otras problem\u00e1ticas.<\/p>\n<p style=\"text-align: justify;\">\u00abAl eliminar esas restricciones todo lo que podemos imaginar para el pueblo cubano es una mejor\u00eda en su situaci\u00f3n econ\u00f3mica y por ende tambi\u00e9n en la situaci\u00f3n social, porque habr\u00e1 financiamiento, el comercio se va a impulsar, va a existir un intercambio creciente con los dos millones de cubanos que viven en los Estados Unidos, ya que a partir de ahora podr\u00e1n hacerlo sin limitaciones\u00bb, dijo.<\/p>\n<p style=\"text-align: justify;\">La jornada se desarroll\u00f3 bajo la organizaci\u00f3n del Instituto de Altos Estudios Sociales y Culturales de Am\u00e9rica Latina y el Caribe y el museo Mapuka, en el marco de la serie de eventos \u00abMapukeando\u00bb.<\/p>\n<p style=\"text-align: justify;\">Por: Valerie Salcedo<\/p>\n<p style=\"text-align: justify;\">Ver:\u00a0http:\/\/www.uninorte.edu.co\/web\/grupo-prensa\/noticia?articleId=5971600&amp;groupId=73923<\/p>\n<p><strong>Publicado por ADHILAC Internacional \u00a9 www.adhilac.com.ar<\/strong><\/p>\n<p>Si Ud. desea asociarse de acuerdo a los Estatutos de ADHILAC\u00a0<a title=\"(ver)\" href=\"https:\/\/adhilac.com.ar\/?page_id=263\">(ver)<\/a> complete el siguiente formulario\u00a0<a title=\"(ver)\" href=\"https:\/\/adhilac.com.ar\/?page_id=3194\">(ver)<\/a><\/p>\n<p>E-mail: info@adhilac.com.ar<strong> <\/strong><\/p>\n<p>Twitter: @AdhilacInfo<\/p>\n<p style=\"text-align: justify;\">&nbsp;<\/p>\n<p style=\"text-align: justify;\">&nbsp;<\/p>\n","protected":false},"excerpt":{"rendered":"<p>&nbsp; Bajo la autor\u00eda de Sergio Guerra Vilaboy, historiador e investigador cubano, y Roberto Gonz\u00e1lez Arana, historiador y docente de la Universidad del Norte, el libro \u00abCuba a la mano.<\/p>\n","protected":false},"author":2,"featured_media":0,"comment_status":"closed","ping_status":"closed","sticky":false,"template":"","format":"standard","meta":{"_crdt_document":"","footnotes":""},"categories":[69,18,3],"tags":[26,63],"class_list":["post-10782","post","type-post","status-publish","format-standard","hentry","category-adhilac-colombia","category-adhilac-cuba","category-adhilac-inter","tag-colombia","tag-cuba"],"_links":{"self":[{"href":"https:\/\/adhilac.com.ar\/index.php?rest_route=\/wp\/v2\/posts\/10782","targetHints":{"allow":["GET"]}}],"collection":[{"href":"https:\/\/adhilac.com.ar\/index.php?rest_route=\/wp\/v2\/posts"}],"about":[{"href":"https:\/\/adhilac.com.ar\/index.php?rest_route=\/wp\/v2\/types\/post"}],"author":[{"embeddable":true,"href":"https:\/\/adhilac.com.ar\/index.php?rest_route=\/wp\/v2\/users\/2"}],"replies":[{"embeddable":true,"href":"https:\/\/adhilac.com.ar\/index.php?rest_route=%2Fwp%2Fv2%2Fcomments&post=10782"}],"version-history":[{"count":3,"href":"https:\/\/adhilac.com.ar\/index.php?rest_route=\/wp\/v2\/posts\/10782\/revisions"}],"predecessor-version":[{"id":10785,"href":"https:\/\/adhilac.com.ar\/index.php?rest_route=\/wp\/v2\/posts\/10782\/revisions\/10785"}],"wp:attachment":[{"href":"https:\/\/adhilac.com.ar\/index.php?rest_route=%2Fwp%2Fv2%2Fmedia&parent=10782"}],"wp:term":[{"taxonomy":"category","embeddable":true,"href":"https:\/\/adhilac.com.ar\/index.php?rest_route=%2Fwp%2Fv2%2Fcategories&post=10782"},{"taxonomy":"post_tag","embeddable":true,"href":"https:\/\/adhilac.com.ar\/index.php?rest_route=%2Fwp%2Fv2%2Ftags&post=10782"}],"curies":[{"name":"wp","href":"https:\/\/api.w.org\/{rel}","templated":true}]}}