{"id":10816,"date":"2015-05-24T16:52:33","date_gmt":"2015-05-24T19:52:33","guid":{"rendered":"https:\/\/adhilac.com.ar\/?p=10816"},"modified":"2015-06-01T11:35:15","modified_gmt":"2015-06-01T14:35:15","slug":"i-jornadas-de-historia-del-movimiento-obrero-y-la-izquierda-buenos-aires-jueves-11-y-viernes-12-de-junio-de-2015-2","status":"publish","type":"post","link":"https:\/\/adhilac.com.ar\/?p=10816","title":{"rendered":"I Jornadas de Historia del Movimiento Obrero y la Izquierda.  Buenos Aires  Jueves 11 y viernes 12 de junio de 2015"},"content":{"rendered":"<div>\n<p><strong>I Jornadas de Historia del Movimiento Obrero y la Izquierda<\/strong><\/p>\n<p>Centro Cultural Paco Urondo<\/p>\n<p>Facultad de Filosof\u00eda y Letras, Universidad de Buenos Aires<\/p>\n<p><strong><span style=\"font-size: medium;\">Jueves 11 y viernes 12 de junio de 2015<\/span><\/strong><\/p>\n<p>CRONOGRAMA<!--more--><\/p>\n<p><strong> <\/strong><\/p>\n<p><strong>Jueves ma\u00f1ana 9:15 a 9:30 hs.<\/strong><\/p>\n<p><strong> <\/strong><\/p>\n<p><strong>Presentaci\u00f3n y palabras inaugurales<\/strong><\/p>\n<p><strong> <\/strong><\/p>\n<p>Hern\u00e1n Camarero\u00a0(CONICET\/UBA-Instituto Ravignani)<\/p>\n<p>Diego Ceruso\u00a0(CONICET\/UBA-Instituto Ravignani)<\/p>\n<p>&nbsp;<\/p>\n<p><strong> <\/strong><\/p>\n<p><strong>Jueves ma\u00f1ana 9:30 a 12:00 hs.<\/strong><\/p>\n<p><strong> <\/strong><\/p>\n<p><strong>Panel A: \u201cBalance sobre los estudios de la clase obrera y la izquierda\u00a0en la primera mitad del siglo XX<\/strong><strong>\u201d<\/strong><\/p>\n<p>&nbsp;<\/p>\n<p>Expositores:<\/p>\n<p>&nbsp;<\/p>\n<p>Andrea And\u00fajar (IIEGE-UBA\/CONICET\/UNP)<\/p>\n<p>Agust\u00edn Nieto\u00a0(UNMDP\/CONICET)<\/p>\n<p>Lucas Poy (UBA\/CONICET)<\/p>\n<p>Silvana Palermo (UNGS\/CONICET)<\/p>\n<p>Patricio Geli\u00a0(UNTREF\/UBA)<\/p>\n<p>&nbsp;<\/p>\n<p>Coordinadora: Laura Caruso (UBA\/UNSAM\/CONICET).<\/p>\n<p>&nbsp;<\/p>\n<p>Receso 12:00 a 13:30 hs.<\/p>\n<p>&nbsp;<\/p>\n<p><strong>Jueves tarde 13:30 a 16:00 hs.<\/strong><\/p>\n<p><strong> <\/strong><\/p>\n<p><strong>Panel B: \u201cEntre la f\u00e1brica y el barrio: clase obrera y sectores populares durante el kirchnerismo\u201d<\/strong><\/p>\n<p>&nbsp;<\/p>\n<p>Expositores:<\/p>\n<p>&nbsp;<\/p>\n<p>Pablo Sem\u00e1n (UNSAM\/CONICET)<\/p>\n<p>Victoria Basualdo (FLACSO\/CONICET)<\/p>\n<p>Fernando Aiziczon (UNC\/CONICET)<\/p>\n<p>Alberto Bonnet (UBA\/UNQ)<\/p>\n<p>Paula Varela (UBA\/CONICET)<\/p>\n<p>&nbsp;<\/p>\n<p>Coordinador: Leandro Molinaro (UBA).<\/p>\n<p>&nbsp;<\/p>\n<p><strong>Viernes ma\u00f1ana 9:30 a 12:00 hs.<\/strong><\/p>\n<p>&nbsp;<\/p>\n<p><strong>Panel C: \u201cIzquierda y clase obrera en Argentina durante los\u00a0a\u00f1os 60 y 70\u201d<\/strong><\/p>\n<p>&nbsp;<\/p>\n<p>Expositores:<\/p>\n<p>&nbsp;<\/p>\n<p>Mar\u00eda Cristina Tortti (UNLP)<\/p>\n<p>Vera Carnovale (UNSAM\/CONICET\/CEDINCI)<\/p>\n<p>Gabriel Rot (EL TOPO BLINDADO)<\/p>\n<p>Pablo Ghigliani (UNLP\/CONICET)<\/p>\n<p>Federico Lorenz (UBA-Instituto Ravignani\/CONICET)<\/p>\n<p>&nbsp;<\/p>\n<p>Coordinador: Mart\u00edn Mangiantini (ISP Joaqu\u00edn V. Gonz\u00e1lez\/UBA).<\/p>\n<p>&nbsp;<\/p>\n<p>Receso 12:00 a 13:30 hs.<\/p>\n<p>&nbsp;<\/p>\n<p><strong>Viernes tarde 13:30 a 16:00 hs.<\/strong><\/p>\n<p><strong> <\/strong><\/p>\n<p><strong>Panel D: \u201cReflexiones historiogr\u00e1ficas sobre la clase obrera y la izquierda en la Argentina\u201d<\/strong><\/p>\n<p>&nbsp;<\/p>\n<p>Expositores:<\/p>\n<p>&nbsp;<\/p>\n<p>M\u00f3nica Gordillo (UNC\/CONICET)<\/p>\n<p>Mirta Lobato (IIEGE-UBA)<\/p>\n<p>Omar Acha (UBA-Instituto Ravignani\/CONICET)<\/p>\n<p>Alejandro Schneider (UBA\/UNLP)<\/p>\n<p>Hern\u00e1n Camarero (UBA-Instituto Ravignani\/CONICET)<\/p>\n<p>&nbsp;<\/p>\n<p>Coordinador: Hern\u00e1n D\u00edaz (UBA).<\/p>\n<p>&nbsp;<\/p>\n<p>&nbsp;<\/p>\n<p><strong>Inscripci\u00f3n libre durante las jornadas. Se entregar\u00e1n certificados de asistencia.<\/strong><\/p>\n<p>&nbsp;<\/p>\n<p>&#8212;&#8212;&#8212;&#8212;&#8212;&#8212;&#8212;&#8212;&#8212;&#8212;&#8212;&#8212;&#8212;&#8212;&#8212;&#8212;&#8212;&#8212;&#8212;&#8212;&#8212;&#8212;&#8212;&#8212;&#8212;&#8212;&#8212;&#8212;&#8212;&#8212;&#8212;&#8212;&#8212;&#8212;&#8212;&#8212;&#8212;&#8212;&#8212;&#8212;&#8212;&#8212;&#8212;&#8212;&#8212;&#8212;&#8212;&#8212;&#8212;&#8211;<\/p>\n<\/div>\n<p>&nbsp;<\/p>\n<div>\n<p>Hern\u00e1n Camarero \u00a0 \u00a0 \u00a0 \u00a0 \u00a0 \u00a0 \u00a0 \u00a0 \u00a0 \u00a0 \u00a0 \u00a0 \u00a0 \u00a0 \u00a0 \u00a0 \u00a0 \u00a0 \u00a0 \u00a0 \u00a0Diego Ceruso<\/p>\n<p>(UBA-Instituto Ravignani\/CONICET) \u00a0 \u00a0 \u00a0\u00a0\u00a0 \u00a0 \u00a0 \u00a0 (UBA-Instituto Ravignani\/CONICET)<\/p>\n<p>Coordinador acad\u00e9mico\u00a0 \u00a0 \u00a0\u00a0\u00a0 \u00a0 \u00a0 \u00a0 \u00a0 \u00a0 \u00a0 \u00a0 \u00a0 \u00a0 \u00a0 \u00a0 \u00a0 \u00a0Secretario acad\u00e9mico<\/p>\n<p>&nbsp;<\/p>\n<p>&nbsp;<\/p>\n<\/div>\n<div>\n<p><strong>Equipo de coordinaci\u00f3n:<\/strong> Mart\u00edn Mangiantini,\u00a0Leandro Molinaro,\u00a0Lucas Poy,\u00a0Paula Varela,\u00a0Laura Caruso,<\/p>\n<p>Hern\u00e1n D\u00edaz,\u00a0Ludmila Scheinkman,\u00a0Cristian Aquino, Natalia Casola, Alicia Rojo.<\/p>\n<p>&nbsp;<\/p>\n<p><strong>Organizan:<\/strong><\/p>\n<p>&nbsp;<\/p>\n<p>&#8211; Programa de Historia del Movimiento Obrero y la Izquierda (PROHMOI)<\/p>\n<p>&nbsp;<\/p>\n<p>&#8211; Proyecto UBACYT Grupo Consolidado. Programaci\u00f3n Cient\u00edfica 2014-2017. C\u00f3digo 20020130100541BA.<\/p>\n<p>Unidad acad\u00e9mica: Facultad de Filosof\u00eda y Letras, UBA.<\/p>\n<p>&nbsp;<\/p>\n<p>&#8211; Revista\u00a0<em>Archivos de historia del movimiento obrero y la izquierda<\/em>.<\/p>\n<p>&nbsp;<\/p>\n<p><strong>Con el aval acad\u00e9mico de:<\/strong><\/p>\n<p>&nbsp;<\/p>\n<p>&#8211; Facultad de Filosof\u00eda y Letras, Universidad de Buenos Aires (Res. CD).<\/p>\n<p>&nbsp;<\/p>\n<p>&#8211; Departamento de Historia, Facultad de Filosof\u00eda y Letras, Universidad de Buenos Aires.<\/p>\n<p>&nbsp;<\/p>\n<p>&#8211; Instituto de Historia Argentina y Americana \u201cDr. Emilio Ravignani\u201d, Unidad Ejecutora de doble dependencia UBA-CONICET.<\/p>\n<p>&nbsp;<\/p>\n<p><strong>Publicado por ADHILAC Internacional \u00a9 www.adhilac.com.ar<\/strong><\/p>\n<p>Si Ud. desea asociarse de acuerdo a los Estatutos de ADHILAC\u00a0<a title=\"(ver)\" href=\"https:\/\/adhilac.com.ar\/?page_id=263\">(ver)<\/a> complete el siguiente formulario\u00a0<a title=\"(ver)\" href=\"https:\/\/adhilac.com.ar\/?page_id=3194\">(ver)<\/a><\/p>\n<p>E-mail: info@adhilac.com.ar<strong> <\/strong><\/p>\n<p>Twitter: @AdhilacInfo<\/p>\n<p>&nbsp;<\/p>\n<\/div>\n","protected":false},"excerpt":{"rendered":"<p>I Jornadas de Historia del Movimiento Obrero y la Izquierda Centro Cultural Paco Urondo Facultad de Filosof\u00eda y Letras, Universidad de Buenos Aires Jueves 11 y viernes 12 de junio de 2015 CRONOGRAMA<\/p>\n","protected":false},"author":2,"featured_media":0,"comment_status":"closed","ping_status":"closed","sticky":false,"template":"","format":"standard","meta":{"_crdt_document":"","footnotes":""},"categories":[5,40],"tags":[516,372],"class_list":["post-10816","post","type-post","status-publish","format-standard","hentry","category-congresos","category-informaciones","tag-izquierda","tag-movimiento-obrero"],"_links":{"self":[{"href":"https:\/\/adhilac.com.ar\/index.php?rest_route=\/wp\/v2\/posts\/10816","targetHints":{"allow":["GET"]}}],"collection":[{"href":"https:\/\/adhilac.com.ar\/index.php?rest_route=\/wp\/v2\/posts"}],"about":[{"href":"https:\/\/adhilac.com.ar\/index.php?rest_route=\/wp\/v2\/types\/post"}],"author":[{"embeddable":true,"href":"https:\/\/adhilac.com.ar\/index.php?rest_route=\/wp\/v2\/users\/2"}],"replies":[{"embeddable":true,"href":"https:\/\/adhilac.com.ar\/index.php?rest_route=%2Fwp%2Fv2%2Fcomments&post=10816"}],"version-history":[{"count":3,"href":"https:\/\/adhilac.com.ar\/index.php?rest_route=\/wp\/v2\/posts\/10816\/revisions"}],"predecessor-version":[{"id":10823,"href":"https:\/\/adhilac.com.ar\/index.php?rest_route=\/wp\/v2\/posts\/10816\/revisions\/10823"}],"wp:attachment":[{"href":"https:\/\/adhilac.com.ar\/index.php?rest_route=%2Fwp%2Fv2%2Fmedia&parent=10816"}],"wp:term":[{"taxonomy":"category","embeddable":true,"href":"https:\/\/adhilac.com.ar\/index.php?rest_route=%2Fwp%2Fv2%2Fcategories&post=10816"},{"taxonomy":"post_tag","embeddable":true,"href":"https:\/\/adhilac.com.ar\/index.php?rest_route=%2Fwp%2Fv2%2Ftags&post=10816"}],"curies":[{"name":"wp","href":"https:\/\/api.w.org\/{rel}","templated":true}]}}