{"id":10833,"date":"2015-05-29T12:04:32","date_gmt":"2015-05-29T15:04:32","guid":{"rendered":"https:\/\/adhilac.com.ar\/?p=10833"},"modified":"2015-06-01T12:12:02","modified_gmt":"2015-06-01T15:12:02","slug":"novedades-del-archivo-general-de-la-nacion-de-la-republica-dominicana","status":"publish","type":"post","link":"https:\/\/adhilac.com.ar\/?p=10833","title":{"rendered":"Novedades del Archivo General de la Naci\u00f3n de la Rep\u00fablica Dominicana"},"content":{"rendered":"<h3><span style=\"color: #339966; font-size: 1.17em;\"><img loading=\"lazy\" decoding=\"async\" class=\"alignleft\" src=\"http:\/\/www.lapapeleta.cult.cu\/media\/hechos\/NUEVA_HISTORIA_MINIMA.jpg.290x196_q85_box-0%2C19%2C447%2C321_crop_detail.jpg\" alt=\"Nueva historia m\u00ednima de Am\u00e9rica Latina\" width=\"290\" height=\"196\" \/>INFORMACIONES<\/span><\/h3>\n<p>SANTO DOMINGO<\/p>\n<p style=\"text-align: justify;\">Circulan seis nuevos libros publicados por el Archivo General de la Naci\u00f3n. Entre ellos la \u201cNueva historia m\u00ednima de Am\u00e9rica Latina. Biograf\u00eda de un continente\u201d, de Sergio Guerra Vilaboy.<\/p>\n<p style=\"text-align: justify;\">Tambi\u00e9n circula el bolet\u00edn n\u00famero 140 del AGN con investigaciones de diferentes autores sobre la formaci\u00f3n del magisterio, el contenido de la colecci\u00f3n de S\u00f3crates y Fl\u00e9rida de Nolasco, la historia de la Bandera Nacional, la permanencia de la Compa\u00f1\u00eda de Jes\u00fas fuera de Europa Occidental, son y soneros durante la dictadura de Trujillo, entre otros.<!--more--><\/p>\n<p style=\"text-align: justify;\">Otros ejemplares son el tomo IX de la Historia de Santo Domingo, correspondiente a La Dominaci\u00f3n Haitiana (1822-1844) de Gustavo Adolfo Mej\u00eda Ricart; \u201cLa olvidada expedici\u00f3n a Santo Domingo 1959\u201d; y \u201cCartas a la Real Audiencia de Santo Domingo (1575-1578) de Genaro Rodr\u00edguez Morel, adem\u00e1s de dos tomos del libro de Fidelio Despradel<\/p>\n<p style=\"text-align: justify;\"><strong>Publicado por ADHILAC Internacional \u00a9 www.adhilac.com.ar<\/strong><\/p>\n<p style=\"text-align: justify;\">Si Ud. desea asociarse de acuerdo a los Estatutos de ADHILAC\u00a0<a title=\"(ver)\" href=\"https:\/\/adhilac.com.ar\/?page_id=263\">(ver)<\/a> complete el formulario correspondiente\u00a0<a title=\"(Ver)\" href=\"https:\/\/adhilac.com.ar\/?page_id=4779\" target=\"_blank\">(ver)<\/a><\/p>\n<p style=\"text-align: justify;\">E-mail:\u00a0<a title=\"info@adhilac.com.ar\" href=\"https:\/\/adhilac.com.ar\/info@adhilac.com.ar\" target=\"_blank\">info@adhilac.com.ar<\/a><\/p>\n<p style=\"text-align: justify;\">Twitter: @AdhilacInfo<\/p>\n<p style=\"text-align: justify;\">&nbsp;<\/p>\n","protected":false},"excerpt":{"rendered":"<p>INFORMACIONES SANTO DOMINGO Circulan seis nuevos libros publicados por el Archivo General de la Naci\u00f3n. Entre ellos la \u201cNueva historia m\u00ednima de Am\u00e9rica Latina. Biograf\u00eda de un continente\u201d, de Sergio Guerra Vilaboy. Tambi\u00e9n circula el bolet\u00edn n\u00famero 140 del AGN con investigaciones de diferentes autores sobre la formaci\u00f3n del magisterio, el contenido de la colecci\u00f3n [&hellip;]<\/p>\n","protected":false},"author":2,"featured_media":0,"comment_status":"closed","ping_status":"closed","sticky":false,"template":"","format":"standard","meta":{"_crdt_document":"","footnotes":""},"categories":[3,15,40,7],"tags":[619,203],"class_list":["post-10833","post","type-post","status-publish","format-standard","hentry","category-adhilac-inter","category-historia","category-informaciones","category-publicac-info","tag-archivo-general-de-la-nacion","tag-republica-dominicana"],"_links":{"self":[{"href":"https:\/\/adhilac.com.ar\/index.php?rest_route=\/wp\/v2\/posts\/10833","targetHints":{"allow":["GET"]}}],"collection":[{"href":"https:\/\/adhilac.com.ar\/index.php?rest_route=\/wp\/v2\/posts"}],"about":[{"href":"https:\/\/adhilac.com.ar\/index.php?rest_route=\/wp\/v2\/types\/post"}],"author":[{"embeddable":true,"href":"https:\/\/adhilac.com.ar\/index.php?rest_route=\/wp\/v2\/users\/2"}],"replies":[{"embeddable":true,"href":"https:\/\/adhilac.com.ar\/index.php?rest_route=%2Fwp%2Fv2%2Fcomments&post=10833"}],"version-history":[{"count":2,"href":"https:\/\/adhilac.com.ar\/index.php?rest_route=\/wp\/v2\/posts\/10833\/revisions"}],"predecessor-version":[{"id":10837,"href":"https:\/\/adhilac.com.ar\/index.php?rest_route=\/wp\/v2\/posts\/10833\/revisions\/10837"}],"wp:attachment":[{"href":"https:\/\/adhilac.com.ar\/index.php?rest_route=%2Fwp%2Fv2%2Fmedia&parent=10833"}],"wp:term":[{"taxonomy":"category","embeddable":true,"href":"https:\/\/adhilac.com.ar\/index.php?rest_route=%2Fwp%2Fv2%2Fcategories&post=10833"},{"taxonomy":"post_tag","embeddable":true,"href":"https:\/\/adhilac.com.ar\/index.php?rest_route=%2Fwp%2Fv2%2Ftags&post=10833"}],"curies":[{"name":"wp","href":"https:\/\/api.w.org\/{rel}","templated":true}]}}