{"id":10854,"date":"2015-06-11T09:27:49","date_gmt":"2015-06-11T12:27:49","guid":{"rendered":"https:\/\/adhilac.com.ar\/?p=10854"},"modified":"2015-06-13T09:49:41","modified_gmt":"2015-06-13T12:49:41","slug":"homenaje-a-eduardo-galeano-sergio-guerra-vilaboy","status":"publish","type":"post","link":"https:\/\/adhilac.com.ar\/?p=10854","title":{"rendered":"Homenaje a Eduardo Galeano. Sergio Guerra Vilaboy"},"content":{"rendered":"<h3><span style=\"color: #339966;\">D\u00cdAS Y NOCHES DE AMOR Y GUERRA*<\/span><\/h3>\n<p style=\"text-align: justify;\"><span style=\"text-align: justify;\"><a href=\"https:\/\/adhilac.com.ar\/wp-content\/uploads\/2015\/06\/Terrorismo-de-Estado-04.jpg\"><img loading=\"lazy\" decoding=\"async\" class=\"size-full wp-image-10856 alignleft\" title=\"Terrorismo de Estado 04\" src=\"https:\/\/adhilac.com.ar\/wp-content\/uploads\/2015\/06\/Terrorismo-de-Estado-04.jpg\" alt=\"\" width=\"216\" height=\"154\" srcset=\"https:\/\/adhilac.com.ar\/wp-content\/uploads\/2015\/06\/Terrorismo-de-Estado-04.jpg 450w, https:\/\/adhilac.com.ar\/wp-content\/uploads\/2015\/06\/Terrorismo-de-Estado-04-300x213.jpg 300w\" sizes=\"auto, (max-width: 216px) 100vw, 216px\" \/><\/a>Las noticias que hoy llegan al Cono Sur nos hablan del recrudecimiento de los reg\u00edmenes policiales y las dictaduras fascistas, con sus secuelas de represi\u00f3n, torturas persecuciones, secuestros y asesinatos. La violencia reaccionaria que padecen varios pueblos latinoamericanos est\u00e1 presente, de una manera u otra, en el libro <\/span><em style=\"text-align: justify;\">D\u00edas y noches de amor y de guerra,<\/em><span style=\"text-align: justify;\">(1)<\/span><span style=\"text-align: justify;\"> del conocido periodista y escritor uruguayo Eduardo Galeano, merecedor de uno de los Premios Casa de las Am\u00e9ricas de este a\u00f1o.<!--more--><\/span><\/p>\n<p style=\"text-align: justify;\">&nbsp;<\/p>\n<p style=\"text-align: justify;\">Al pretender decir algo sobre esta nueva obra, resulta pr\u00e1cticamente imposible pasar por alto aquel otro libro de Galeano que tantos \u00e9xitos cosech\u00f3. Me refiero, por supuesto, a <em>Las venas abiertas de Am\u00e9rica Latina, <\/em>que en m\u00e1s de un aspecto est\u00e1 relacionada con la obra galardonada. En <em>Las venas abiertas\u2026<\/em> Galeano nos ofreci\u00f3 como se recordar\u00e1, una visi\u00f3n panor\u00e1mica de la explotaci\u00f3n for\u00e1nea de nuestro continente, desde la \u00e9poca colonial hasta la fase de la dominaci\u00f3n imperialista. Esa com\u00fan historia latinoamericana, plagada de tragedias, penurias, saqueos y subdesarrollo, se narraba desde una perspectiva\u00a0 sumamente original y aleccionadora. Para lograrlo, Galeano se vali\u00f3 de la utilizaci\u00f3n de una t\u00e9cnica casi cinematogr\u00e1fica, que en cierto modo pasaba por encima de las barreras de los g\u00e9neros literarios al combinar h\u00e1bilmente el reportaje period\u00edstico y la cr\u00f3nica de actualidad, con las vivencias personales y los testimonios, junto con m\u00e9todos expositivos del m\u00e1s riguroso ensayo cient\u00edfico.<\/p>\n<p style=\"text-align: justify;\">&nbsp;<\/p>\n<p style=\"text-align: center;\"><a href=\"https:\/\/adhilac.com.ar\/wp-content\/uploads\/2015\/06\/EduardoGaleano-002.jpg\"><img loading=\"lazy\" decoding=\"async\" class=\"size-full wp-image-10857 aligncenter\" title=\"EduardoGaleano 002\" src=\"https:\/\/adhilac.com.ar\/wp-content\/uploads\/2015\/06\/EduardoGaleano-002.jpg\" alt=\"\" width=\"446\" height=\"441\" srcset=\"https:\/\/adhilac.com.ar\/wp-content\/uploads\/2015\/06\/EduardoGaleano-002.jpg 1240w, https:\/\/adhilac.com.ar\/wp-content\/uploads\/2015\/06\/EduardoGaleano-002-300x296.jpg 300w, https:\/\/adhilac.com.ar\/wp-content\/uploads\/2015\/06\/EduardoGaleano-002-1024x1011.jpg 1024w\" sizes=\"auto, (max-width: 446px) 100vw, 446px\" \/><\/a><\/p>\n<p style=\"text-align: justify;\">&nbsp;<\/p>\n<p style=\"text-align: justify;\">Con <em>Las venas abiertas\u2026 <\/em>Galeano entreg\u00f3 un trabajo ameno, instructivo y dotado de un notable poder de comunicaci\u00f3n. El \u00e9nfasis estaba puesto en el an\u00e1lisis de la tragedia de los ciclos de exportaci\u00f3n de las econom\u00edas latinoamericanas ligadas a la incansable expoliaci\u00f3n imperialista. Es en este sentido que muchos fragmentos de <em>D\u00edas y noches\u2026<\/em> parecen extra\u00eddos -tanto en su forma como incluso por el contenido- de las p\u00e1ginas de aquella obra. Tal es el caso, por citar solo un ejemplo, de la corta narraci\u00f3n titulada \u201cuna charla en la Universidad\u201d.<\/p>\n<p style=\"text-align: justify; padding-left: 30px;\">En este pa\u00eds todo gira en torno al petr\u00f3leo. La \u00e9poca del banano ha llegado a su fin; se promete que en diez a\u00f1os Ecuador tendr\u00e1 una renta como la de Venezuela.\u00a0 Este pa\u00eds pobr\u00edsimo se asoma al delirio de los millones y se marea, le viene el v\u00e9rtigo: antes que las escuelas, los hospitales y las f\u00e1bricas, llega la televisi\u00f3n en colores. Pronto habr\u00e1 m\u00e1quinas enceradoras en casas de piso de tierra y heladeras el\u00e9ctricas en pueblecitos alumbrados con farol de queros\u00e9n. Seis mil estudiantes de Filosof\u00eda y Letras, apenas dos estudiantes de Tecnolog\u00eda del Petr\u00f3leo: en la Universidad toda ilusi\u00f3n est\u00e1 permitida, pero la realidad no es posible.<\/p>\n<p style=\"text-align: justify; padding-left: 30px;\">El pa\u00eds se incorpora s\u00fabitamente a la civilizaci\u00f3n, o sea: a un mundo donde se fabrican en escala industrial los sabores, los colores, los olores y tambi\u00e9n la moral y las ideas, y donde la palabra Libertad es el nombre de una c\u00e1rcel, como en Uruguay, o donde una c\u00e1mara subterr\u00e1nea de tortura se llama, como en Chile, Colonia Dignidad. Las f\u00f3rmulas\u00a0 de esterilizaci\u00f3n de las conciencias se ensayan con m\u00e1s \u00e9xito que los planes de control de la natalidad. M\u00e1quinas de mentir, m\u00e1quinas de castrar, m\u00e1quinas de endrogar: los medios de comunicaci\u00f3n se multiplican y difunden democracia occidental\u00a0 y cristiana junto con violencia y salsa de tomate. No es necesario saber leer y escribir para escuchar la radio de transistores o mirar la televisi\u00f3n y recibir el cotidiano mensaje que ense\u00f1a a aceptar el dominio del m\u00e1s fuerte y a confundir la personalidad con un autom\u00f3vil, la dignidad con un cigarrillo y la felicidad con una salchicha.<\/p>\n<p style=\"text-align: justify;\">&nbsp;<\/p>\n<p style=\"text-align: justify;\">Hay que decir, no obstante, que <em>D\u00edas y noches\u2026 <\/em>solo logra por momentos el nivel alcanzado con <em>Las venas abiertas\u2026, <\/em>aunque la obra re\u00fane una buena cantidad de virtudes que explican la decisi\u00f3n del jurado. Por otro lado, es justo reconocer que a pesar de las evidentes similitudes que existen entre partes de ambos textos, en realidad tenemos dos libros bien diferentes, por lo que el valor de la comparaci\u00f3n es, si se quiere, relativo y limitado.<\/p>\n<p style=\"text-align: justify;\"><em> <\/em><\/p>\n<p style=\"text-align: justify;\"><em>D\u00edas y noches\u2026<\/em> est\u00e1 constituido por la agrupaci\u00f3n de una larga serie de cuentos y narraciones breves -en ocasiones simples vi\u00f1etas- que, como manifiesta el propio autor, tienen el requisito com\u00fan de ser absolutamente ver\u00eddicas. Esa caracter\u00edstica aleja el texto de la ficci\u00f3n, a pesar de la magn\u00edfica recreaci\u00f3n de lugares, y especialmente de la an\u00e9cdota, de que hace gala Galeano, y que sirven para mostrar, una vez m\u00e1s, el talento literario del autor.<\/p>\n<p style=\"text-align: justify;\">&nbsp;<\/p>\n<p style=\"text-align: justify;\">El contenido de la obra se relaciona directamente con el per\u00edodo en que Galeano trabaj\u00f3 en Buenos Aires, de 1973 a 1976, como director de la revista <em>Crisis,<\/em> cuando en su patria -la otrora \u201cSuiza de Am\u00e9rica\u201d- se iniciaba el sangriento r\u00e9gimen civil-militar de Bordaberry. A todo lo largo de la lectura del texto se respira esa atmosfera cargada de terror y se percibe todo el peso de un ambiente caldeado por los estragos de la represi\u00f3n. Las historias, que de alguna manera relatan las persecuciones y los cr\u00edmenes, se refieren a los asesinatos impunes o a otros elementos tr\u00e1gicos, que funcionan en cierto modo como el factor que confiere unidad tem\u00e1tica al libro.<\/p>\n<p style=\"text-align: justify;\">&nbsp;<\/p>\n<p style=\"text-align: justify;\">Pero en las narraciones se introducen temas que no solo tienen que ver con la terrible situaci\u00f3n pol\u00edtica y social que padecen varios pueblos latinoamericanos, sino que giran alrededor de asuntos tales como los recuerdos y experiencias vividos por el autor sobre el amor, as\u00ed como tambi\u00e9n testimonios recogidos de los labios de otras personas. De esta forma, la an\u00e9cdota dram\u00e1tica, desgraciadamente basada en hechos reales y datos concretos, se combina con los sucesos m\u00e1s sencillos de la existencia del ser humano. As\u00ed se logra integrar una realidad de persistentes contrastes y desenlaces inesperados que sin duda fortalece el mensaje que encierra la obra y simult\u00e1neamente descubre la enorme sensibilidad del autor. Algunos de los elementos que hemos mencionado pueden encontrarse en este fragmento de una de las narraciones que componen <em>D\u00edas y noches\u2026<\/em><\/p>\n<p style=\"text-align: justify; padding-left: 30px;\">Suena el tel\u00e9fono y pego un respingo. Miro el reloj. Nueve y media de la noche. Atiendo. Es el Comando Jos\u00e9 Rucci, de la Alianza Anticomunista Argentina.<\/p>\n<p style=\"text-align: justify; padding-left: 30px;\">-A ustedes los vamos a matar, hijos de puta.<\/p>\n<p style=\"text-align: justify; padding-left: 30px;\">-El horario de amenazas, se\u00f1or, es de seis a ocho \u2013contesto.<\/p>\n<p style=\"text-align: justify; padding-left: 30px;\">Cuelgo y me felicito. Estoy orgulloso de m\u00ed. Pero quiero levantarme y no puedo: tengo piernas de trapo. Intento encender un cigarro.<\/p>\n<p style=\"text-align: justify;\">Finalmente, hablando del libro en su conjunto, podemos agregar dos cosas. Creemos que uno de los principales m\u00e9ritos del libro premiado radica en revelarnos algunos de los mecanismos que utilizan los reg\u00edmenes fascistas para crear un clima de miedo, terror y barbarie. A la vez, constituye una valiente denuncia contra las dictaduras retr\u00f3gradas que oprimen a varios pueblos hermanos con el apoyo de las fuerzas m\u00e1s reaccionarias del planeta.<\/p>\n<p style=\"text-align: justify;\">&nbsp;<\/p>\n<p style=\"text-align: justify;\"><strong>NOTAS:<\/strong><\/p>\n<p style=\"text-align: justify;\">&nbsp;<\/p>\n<p style=\"text-align: justify;\">* Publicado originalmente en la revista <em>Casa de las Am\u00e9ricas<\/em>, La Habana, 1978, septiembre-octubre, n\u00famero 110, ano XIX, pp. 161-162.<\/p>\n<div style=\"text-align: justify;\">\n<p>&nbsp;<\/p>\n<p>(1) Eduardo Galeano: <em>D\u00edas y noches de amor y de guerra<\/em>, La Habana, Casa de las Am\u00e9ricas, Colecci\u00f3n Premio, 1978.<\/p>\n<\/div>\n<p><strong>Publicado por ADHILAC Internacional \u00a9 www.adhilac.com.ar<\/strong><\/p>\n<p>Si Ud. desea asociarse de acuerdo a los Estatutos de ADHILAC\u00a0<a title=\"(ver)\" href=\"https:\/\/adhilac.com.ar\/?page_id=263\">(ver)<\/a> complete el formulario correspondiente\u00a0<a title=\"(Ver)\" href=\"https:\/\/adhilac.com.ar\/?page_id=4779\" target=\"_blank\">(ver)<\/a><\/p>\n<p>E-mail:\u00a0<a title=\"info@adhilac.com.ar\" href=\"https:\/\/adhilac.com.ar\/info@adhilac.com.ar\" target=\"_blank\">info@adhilac.com.ar<\/a><\/p>\n<p>Twitter: @AdhilacInfo<\/p>\n<p style=\"text-align: justify;\">&nbsp;<\/p>\n","protected":false},"excerpt":{"rendered":"<p>D\u00cdAS Y NOCHES DE AMOR Y GUERRA* Las noticias que hoy llegan al Cono Sur nos hablan del recrudecimiento de los reg\u00edmenes policiales y las dictaduras fascistas, con sus secuelas de represi\u00f3n, torturas persecuciones, secuestros y asesinatos. La violencia reaccionaria que padecen varios pueblos latinoamericanos est\u00e1 presente, de una manera u otra, en el libro [&hellip;]<\/p>\n","protected":false},"author":2,"featured_media":0,"comment_status":"closed","ping_status":"closed","sticky":false,"template":"","format":"standard","meta":{"_crdt_document":"","footnotes":""},"categories":[40,7],"tags":[622,623],"class_list":["post-10854","post","type-post","status-publish","format-standard","hentry","category-informaciones","category-publicac-info","tag-eduardo-galeano","tag-premio-de-casa-de-las-americas"],"_links":{"self":[{"href":"https:\/\/adhilac.com.ar\/index.php?rest_route=\/wp\/v2\/posts\/10854","targetHints":{"allow":["GET"]}}],"collection":[{"href":"https:\/\/adhilac.com.ar\/index.php?rest_route=\/wp\/v2\/posts"}],"about":[{"href":"https:\/\/adhilac.com.ar\/index.php?rest_route=\/wp\/v2\/types\/post"}],"author":[{"embeddable":true,"href":"https:\/\/adhilac.com.ar\/index.php?rest_route=\/wp\/v2\/users\/2"}],"replies":[{"embeddable":true,"href":"https:\/\/adhilac.com.ar\/index.php?rest_route=%2Fwp%2Fv2%2Fcomments&post=10854"}],"version-history":[{"count":6,"href":"https:\/\/adhilac.com.ar\/index.php?rest_route=\/wp\/v2\/posts\/10854\/revisions"}],"predecessor-version":[{"id":10862,"href":"https:\/\/adhilac.com.ar\/index.php?rest_route=\/wp\/v2\/posts\/10854\/revisions\/10862"}],"wp:attachment":[{"href":"https:\/\/adhilac.com.ar\/index.php?rest_route=%2Fwp%2Fv2%2Fmedia&parent=10854"}],"wp:term":[{"taxonomy":"category","embeddable":true,"href":"https:\/\/adhilac.com.ar\/index.php?rest_route=%2Fwp%2Fv2%2Fcategories&post=10854"},{"taxonomy":"post_tag","embeddable":true,"href":"https:\/\/adhilac.com.ar\/index.php?rest_route=%2Fwp%2Fv2%2Ftags&post=10854"}],"curies":[{"name":"wp","href":"https:\/\/api.w.org\/{rel}","templated":true}]}}