{"id":10866,"date":"2015-06-13T17:49:50","date_gmt":"2015-06-13T20:49:50","guid":{"rendered":"https:\/\/adhilac.com.ar\/?p=10866"},"modified":"2015-06-14T18:05:26","modified_gmt":"2015-06-14T21:05:26","slug":"declaracion-de-adhilac-en-defensa-de-la-democracia-ecuatoriana","status":"publish","type":"post","link":"https:\/\/adhilac.com.ar\/?p=10866","title":{"rendered":"Declaraci\u00f3n de ADHILAC en defensa de la democracia ecuatoriana"},"content":{"rendered":"<p style=\"text-align: justify;\"><span style=\"color: #339966;\">DECLARACION DE LA ASOCIACION DE HISTORIADORES LATINOAMERICANOS Y DEL CARIBE (ADHILAC) EN DEFENSA DE LA DEMOCRACIA INSTITUCIONAL EN LA REPUBLICA DEL ECUADOR<\/span><\/p>\n<p style=\"text-align: justify;\">El gobierno del Presidente Rafael Correa, que se inici\u00f3 en enero de 2007, pas\u00f3 a formar parte de los reg\u00edmenes democr\u00e1ticos, progresistas y de nueva izquierda en Am\u00e9rica Latina. Con clara identidad con los intereses de los sectores medios y populares del Ecuador, el gobierno del Presidente Correa recuper\u00f3 los valores de la soberan\u00eda y la dignidad del Estado, y ha realizado, durante ocho a\u00f1os, una transformaci\u00f3n in\u00e9dita en su pa\u00eds, a tal punto que el modelo econ\u00f3mico que ha seguido es un ejemplo mundial, el fortalecimiento de la democracia y de las libertades ciudadanas y colectivas ha merecido un claro reconocimiento latinoamericano, y los enormes beneficios sociales y laborales son resaltados por las instituciones internacionales, como las Naciones Unidas, CEPAL, la OIT e incluso el Banco Mundial.<!--more--><\/p>\n<p style=\"text-align: justify;\">Las pol\u00edticas del gobierno del Presidente Rafael Correa han afectado poderosos intereses empresariales privados, desplaz\u00f3 a la clase pol\u00edtica tradicional que ha perdido toda legitimidad social, y ha enfrentado la permanente acci\u00f3n de una serie de medios de comunicaci\u00f3n convertidos en actores pol\u00edticos e ideol\u00f3gicos de la oposici\u00f3n. Tal como ha ocurrido en distintos momentos con otros gobiernos democr\u00e1ticos y de nueva izquierda en Am\u00e9rica Latina y particularmente en Bolivia y Venezuela, el gobierno ecuatoriano enfrenta, en estos momentos, la in\u00e9dita arremetida de las capas ricas y de sectores de las clases medias afines a sus intereses, contra reformas a los impuestos sobre herencias y ganancias excesivas en la venta especulativa de propiedades (\u201cplusval\u00eda\u201d), que procuran impulsar la redistribuci\u00f3n de la riqueza, que es un planteamiento hist\u00f3rico en toda Latinoam\u00e9rica, motivado no solo porque la regi\u00f3n contin\u00faa destac\u00e1ndose como la m\u00e1s inequitativa del mundo, sino porque las fuentes de la riqueza, como lo han estudiado permanentemente los acad\u00e9micos latinoamericanos, tiene sus ra\u00edces en la explotaci\u00f3n social y laboral, la evasi\u00f3n tributaria, la especulaci\u00f3n dineraria, el<\/p>\n<p style=\"text-align: justify;\">contrabando y otros tantos mecanismos ileg\u00edtimos, que son los que permiten la transferencia del valor-socialmente generado a las manos de dinast\u00edas familiares que reproducen su poder, sin disposici\u00f3n alguna para permitir la democratizaci\u00f3n de los factores de la producci\u00f3n.<\/p>\n<p style=\"text-align: justify;\">&nbsp;<\/p>\n<p style=\"text-align: justify;\">Al mismo tiempo que el gobierno de la Rep\u00fablica del Ecuador afronta esa arremetida de las clases dominantes, se esconden en las movilizaciones que ellas han logrado, los afanes golpistas de quienes desean impedir la profundizaci\u00f3n de los cambios impulsados por la Revoluci\u00f3n Ciudadana y pretenden restaurar los viejos moldes de la econom\u00eda de libre empresa olig\u00e1rquica. Sin duda, se camuflan, bajo la apariencia de protestas callejeras, las estrategias de \u201cgolpe blando\u201d que incluyen la toma de calles y que ya se han procurado experimentar contra los gobiernos democr\u00e1ticos de nueva izquierda, como fue la acci\u00f3n de las \u00abguarimbas\u00bb en Venezuela. Ante las circunstancias que vive la Rep\u00fablica del Ecuador, la ADHILAC se solidariza con la movilizaci\u00f3n ciudadana que busca garantizar la estabilidad institucional, preservar los logros conquistados a trav\u00e9s del Estado, que se han originado en el apoyo al gobierno del Presidente Rafael Correa a trav\u00e9s de diez procesos electorales, y defender la democracia, las libertades p\u00fablicas y el camino hacia el Buen Vivir consagrado por la Constituci\u00f3n de 2008.<\/p>\n<p style=\"text-align: justify;\">La ADHILAC considera que las capas medias y sectores populares del Ecuador est\u00e1n librando una lucha hist\u00f3rica por una nueva sociedad, que da continuidad a las gestas latinoamericanas y ecuatorianas inauguradas desde la \u00e9poca de la Independencia y retomadas en distintos momentos de la historia de Nuestra Am\u00e9rica Latina.<\/p>\n<p style=\"text-align: justify; padding-left: 60px;\">15 de junio de 2015, A\u00f1o del bicentenario de la <em>Carta de Jamaica<\/em> de Sim\u00f3n Bol\u00edvar.<\/p>\n<p>&nbsp;<\/p>\n<p><strong>Publicado por ADHILAC Internacional \u00a9 www.adhilac.com.ar<\/strong><\/p>\n<p>Si Ud. desea asociarse de acuerdo a los Estatutos de ADHILAC\u00a0<a title=\"(ver)\" href=\"https:\/\/adhilac.com.ar\/?page_id=263\">(ver)<\/a> complete el formulario correspondiente\u00a0<a title=\"(Ver)\" href=\"https:\/\/adhilac.com.ar\/?page_id=4779\" target=\"_blank\">(ver)<\/a><\/p>\n<p>E-mail:\u00a0<a title=\"info@adhilac.com.ar\" href=\"https:\/\/adhilac.com.ar\/info@adhilac.com.ar\" target=\"_blank\">info@adhilac.com.ar<\/a><\/p>\n<p>Twitter: @AdhilacInfo<\/p>\n","protected":false},"excerpt":{"rendered":"<p>DECLARACION DE LA ASOCIACION DE HISTORIADORES LATINOAMERICANOS Y DEL CARIBE (ADHILAC) EN DEFENSA DE LA DEMOCRACIA INSTITUCIONAL EN LA REPUBLICA DEL ECUADOR El gobierno del Presidente Rafael Correa, que se inici\u00f3 en enero de 2007, pas\u00f3 a formar parte de los reg\u00edmenes democr\u00e1ticos, progresistas y de nueva izquierda en Am\u00e9rica Latina. Con clara identidad con [&hellip;]<\/p>\n","protected":false},"author":2,"featured_media":0,"comment_status":"closed","ping_status":"closed","sticky":false,"template":"","format":"standard","meta":{"_crdt_document":"","footnotes":""},"categories":[32,40],"tags":[185,624,27],"class_list":["post-10866","post","type-post","status-publish","format-standard","hentry","category-adhilac-ecuador","category-informaciones","tag-adhilac","tag-defensa-de-la-democracia","tag-ecuador"],"_links":{"self":[{"href":"https:\/\/adhilac.com.ar\/index.php?rest_route=\/wp\/v2\/posts\/10866","targetHints":{"allow":["GET"]}}],"collection":[{"href":"https:\/\/adhilac.com.ar\/index.php?rest_route=\/wp\/v2\/posts"}],"about":[{"href":"https:\/\/adhilac.com.ar\/index.php?rest_route=\/wp\/v2\/types\/post"}],"author":[{"embeddable":true,"href":"https:\/\/adhilac.com.ar\/index.php?rest_route=\/wp\/v2\/users\/2"}],"replies":[{"embeddable":true,"href":"https:\/\/adhilac.com.ar\/index.php?rest_route=%2Fwp%2Fv2%2Fcomments&post=10866"}],"version-history":[{"count":6,"href":"https:\/\/adhilac.com.ar\/index.php?rest_route=\/wp\/v2\/posts\/10866\/revisions"}],"predecessor-version":[{"id":18139,"href":"https:\/\/adhilac.com.ar\/index.php?rest_route=\/wp\/v2\/posts\/10866\/revisions\/18139"}],"wp:attachment":[{"href":"https:\/\/adhilac.com.ar\/index.php?rest_route=%2Fwp%2Fv2%2Fmedia&parent=10866"}],"wp:term":[{"taxonomy":"category","embeddable":true,"href":"https:\/\/adhilac.com.ar\/index.php?rest_route=%2Fwp%2Fv2%2Fcategories&post=10866"},{"taxonomy":"post_tag","embeddable":true,"href":"https:\/\/adhilac.com.ar\/index.php?rest_route=%2Fwp%2Fv2%2Ftags&post=10866"}],"curies":[{"name":"wp","href":"https:\/\/api.w.org\/{rel}","templated":true}]}}