{"id":10873,"date":"2015-06-14T08:08:36","date_gmt":"2015-06-14T11:08:36","guid":{"rendered":"https:\/\/adhilac.com.ar\/?p=10873"},"modified":"2015-06-16T09:15:19","modified_gmt":"2015-06-16T12:15:19","slug":"guatemala-en-la-habana-semana-cultural-23-al-27-de-junio-de-2015","status":"publish","type":"post","link":"https:\/\/adhilac.com.ar\/?p=10873","title":{"rendered":"Guatemala en La Habana. Semana Cultural. 23 al 27 de junio de 2015"},"content":{"rendered":"<h3><span style=\"color: #339966;\">INVITACI\u00d3N <\/span><\/h3>\n<p><span style=\"color: #339966;\"><a href=\"https:\/\/adhilac.com.ar\/wp-content\/uploads\/2015\/06\/INVITACION-semana_cultural_guatemala_alba.pdf\">Semana Cultural De Guatemala &#8211; ALBA<\/a><\/span><\/p>\n<p style=\"text-align: justify;\">La  Embajada de Guatemala en Cuba se complace hacer de su conocimiento, que  en conjunto con la Casa del ALBA Cultural, estar\u00e1 llevando a cabo una  serie de actividades culturales que tienen como objetivo, dar a conocer  diversos elementos y facetas de la Guatemala pluricultural, multi\u00e9tnica y  multiling\u00fce, adem\u00e1s de seguir fortaleciendo las relaciones amistosas y  profundas entre Guatemala y Cuba.<!--more--><\/p>\n<p style=\"text-align: justify;\"><span style=\"text-decoration: underline;\"> <\/span> <span style=\"text-decoration: underline;\"> <\/span><\/p>\n<p style=\"text-align: justify;\">Se  invita a los distintos actores y sectores de la sociedad, de las  instituciones y autoridades cubanas para que nos acompa\u00f1en y disfruten  de la calidad art\u00edstica de cada acci\u00f3n preparada para tal fin.<\/p>\n<p style=\"text-align: justify;\">&nbsp;<\/p>\n<p style=\"text-align: justify;\">El  evento se desarrollar\u00e1 del 23 al 27 de junio pr\u00f3ximo, en la Casa del  ALBA Cultural de La Habana, por las tardes para dar oportunidad a mayor  afluencia del p\u00fablico.<\/p>\n<p style=\"text-align: justify;\">&nbsp;<\/p>\n<p style=\"text-align: justify;\">La Embajada de Guatemala le adjunta la invitaci\u00f3n digital de este evento, agradeciendo de antemano su participaci\u00f3n y la de sus colegas, familiares y amigos.<\/p>\n<p style=\"text-align: justify;\">&nbsp;<\/p>\n<p style=\"text-align: justify;\">Reciba nuestro m\u00e1s cordial saludo,<\/p>\n<p style=\"text-align: justify;\">&nbsp;<\/p>\n<p style=\"text-align: justify;\">A continuaci\u00f3n el programa:<\/p>\n<p style=\"text-align: justify;\">&nbsp;<\/p>\n<p style=\"text-align: justify;\"><strong>23 DE JUNIO<\/strong><\/p>\n<p style=\"text-align: justify;\">&nbsp;<\/p>\n<p style=\"text-align: justify;\">15:00 horas\u00a0\u00a0\u00a0 Actividad Inaugural \u201cConferencias sobre Guatemala\u201d.<\/p>\n<p style=\"text-align: justify;\">&nbsp;<\/p>\n<p style=\"text-align: justify;\">1.\u00a0\u00a0\u00a0 Conferencia a cargo del se\u00f1or Juan Le\u00f3n, Embajador de Guatemala en Cuba: <strong>\u201cAcciones del Pueblo Maya en la pol\u00edtica guatemalteca\u201d<\/strong>, que tratar\u00e1 la historia de participaci\u00f3n de las comunidades y organizaciones mayas junto a la poblaci\u00f3n, en las instituciones p\u00fablicas, en los partidos pol\u00edticos y principalmente las estrategias implementadas por los dirigentes, hombres y mujeres mayas, en la transformaci\u00f3n de un Estado monocultural a un Estado pluricultural y multiling\u00fce de Guatemala, a partir de 1985 al 2015.<\/p>\n<p style=\"text-align: justify;\">&nbsp;<\/p>\n<p style=\"text-align: justify;\">2.\u00a0\u00a0\u00a0 Conferencia a cargo del Dr. Sergio Guerra, Director del Departamento de Historia de la Universidad de La Habana: <strong>\u201cHistoria de Guatemala\u201d<\/strong>, exposici\u00f3n sobre la historia reciente de Guatemala en el plano pol\u00edtico, econ\u00f3mico y social.<\/p>\n<p style=\"text-align: justify;\"><strong>24 DE JUNIO<\/strong><\/p>\n<p style=\"text-align: justify;\">&nbsp;<\/p>\n<p style=\"text-align: justify;\">16:00 horas\u00a0\u00a0\u00a0\u00a0 Exposici\u00f3n fotogr\u00e1fica <strong>\u201cGuatemala Maya, hermosa y m\u00e1gica\u201d<\/strong> del conocido fot\u00f3grafo Julio Larramendi. La exposici\u00f3n se mantendr\u00e1 del 23 al 30 de junio. Con esta exposici\u00f3n se pretende mostrar la diversidad de Guatemala, su gente, su riqueza cultural, el colorido de sus trajes, sus tradiciones milenarias, la extraordinaria fauna y flora y la Guatemala moderna de hoy.<\/p>\n<p style=\"text-align: justify;\">&nbsp;<\/p>\n<p style=\"text-align: justify;\">&nbsp;<\/p>\n<p style=\"text-align: justify;\">18:00 horas\u00a0\u00a0\u00a0\u00a0 Presentaci\u00f3n de la <strong>Obra de Teatro \u201cPatria y Libertad\u201d<\/strong>, por\u00a0 el grupo de Teatro \u201cLos Juglaritos\u201d, bajo la direcci\u00f3n de Manuel Romero, en conjunto con el Proyecto Comunitario \u00abSo\u00f1arte\u00bb, que dirige Irma Sehwererd Mileham. La obra fue escrita por el Ap\u00f3stol Jos\u00e9 Mart\u00ed durante su paso por Guatemala y la trama corresponde a la historia de Guatemala de 1823 a 1833. Expone la realidad de las relaciones sociales entre criollos y espa\u00f1oles, as\u00ed como la discriminaci\u00f3n racial que sufr\u00eda el Pueblo Maya en esa \u00e9poca.<\/p>\n<p style=\"text-align: justify;\">&nbsp;<\/p>\n<p style=\"text-align: justify;\"><strong>25 DE JUNIO<\/strong><\/p>\n<p style=\"text-align: justify;\">&nbsp;<\/p>\n<p style=\"text-align: justify;\">16:00 horas\u00a0\u00a0\u00a0\u00a0 <strong>Lectura de poes\u00eda guatemalteca<\/strong>. Varios poetas cubanos integrantes de la Asociaci\u00f3n Hermanos Sa\u00edz, leer\u00e1n diversos poemas de escritores guatemaltecos, hombres y mujeres, de diferentes etapas hist\u00f3ricas de Guatemala.<\/p>\n<p style=\"text-align: justify;\">&nbsp;<\/p>\n<p style=\"text-align: justify;\">&nbsp;<\/p>\n<p style=\"text-align: justify;\"><strong>26 DE JUNIO<\/strong><\/p>\n<p style=\"text-align: justify;\"><strong> <\/strong><\/p>\n<p style=\"text-align: justify;\">17:00 horas\u00a0\u00a0\u00a0\u00a0 <strong>Realizaci\u00f3n de una Ceremonia Maya,<\/strong> con la participaci\u00f3n del p\u00fablico. La Ceremonia Maya es la expresi\u00f3n m\u00e1s sublime de los mayas actuales con la Madre Naturaleza, que constituye el respeto profundo por los elementos naturales que propician la vida a todos los seres humanos. A la vez, es agradecimiento por todos los beneficios recibidos, as\u00ed como el reconocimiento a todos los seres que han edificado la historia humana y universal.<\/p>\n<p style=\"text-align: justify;\">&nbsp;<\/p>\n<p style=\"text-align: justify;\">&nbsp;<\/p>\n<p style=\"text-align: justify;\"><strong>27 DE JUNIO<\/strong><\/p>\n<p style=\"text-align: justify;\"><strong> <\/strong><\/p>\n<p style=\"text-align: justify;\">18:00 horas\u00a0\u00a0\u00a0\u00a0 <strong>Concierto de Clausura<\/strong> por el grupo ecologista \u201cCubanos en la Red\u201d, dedicado a la Madre Tierra, como un llamado a la protecci\u00f3n de la Madre Naturaleza. En el concierto se interpretar\u00e1n varias canciones cuyo contenido se basa en la cosmovisi\u00f3n, filosof\u00eda y pensamiento maya de Guatemala.<\/p>\n<p style=\"text-align: justify;\">&nbsp;<\/p>\n<p style=\"text-align: justify;\">Mayt\u00e9 Amado<\/p>\n<p>Embajada de la Rep\u00fablica de Guatemala<br \/>\nCalle 20, No. 301, esq. a 3ra. Miramar, Playa, La Habana, Cuba.<br \/>\nTelef: 2043417 \/ 19\u00a0 ext 1.<br \/>\nEmail: <a href=\"mailto:secretariaembaguate@gmail.com\">secretariaembaguate@gmail.com<\/a><\/p>\n<p style=\"text-align: justify;\"><a href=\"mailto:secretariaembaguate@gmail.com\"><\/a><\/p>\n<p><strong>Publicado por ADHILAC Internacional \u00a9 www.adhilac.com.ar<\/strong><\/p>\n<p>Si Ud. desea asociarse de acuerdo a los Estatutos de ADHILAC\u00a0<a title=\"(ver)\" href=\"https:\/\/adhilac.com.ar\/?page_id=263\">(ver)<\/a> complete el formulario correspondiente\u00a0<a title=\"(Ver)\" href=\"https:\/\/adhilac.com.ar\/?page_id=4779\" target=\"_blank\">(ver)<\/a><\/p>\n<p>E-mail:\u00a0<a title=\"info@adhilac.com.ar\" href=\"https:\/\/adhilac.com.ar\/info@adhilac.com.ar\" target=\"_blank\">info@adhilac.com.ar<\/a><\/p>\n<p>Twitter: @AdhilacInfo<\/p>\n","protected":false},"excerpt":{"rendered":"<p>INVITACI\u00d3N Semana Cultural De Guatemala &#8211; ALBA La Embajada de Guatemala en Cuba se complace hacer de su conocimiento, que en conjunto con la Casa del ALBA Cultural, estar\u00e1 llevando a cabo una serie de actividades culturales que tienen como objetivo, dar a conocer diversos elementos y facetas de la Guatemala pluricultural, multi\u00e9tnica y multiling\u00fce, [&hellip;]<\/p>\n","protected":false},"author":2,"featured_media":0,"comment_status":"closed","ping_status":"closed","sticky":false,"template":"","format":"standard","meta":{"_crdt_document":"","footnotes":""},"categories":[40],"tags":[63,472],"class_list":["post-10873","post","type-post","status-publish","format-standard","hentry","category-informaciones","tag-cuba","tag-guatemala"],"_links":{"self":[{"href":"https:\/\/adhilac.com.ar\/index.php?rest_route=\/wp\/v2\/posts\/10873","targetHints":{"allow":["GET"]}}],"collection":[{"href":"https:\/\/adhilac.com.ar\/index.php?rest_route=\/wp\/v2\/posts"}],"about":[{"href":"https:\/\/adhilac.com.ar\/index.php?rest_route=\/wp\/v2\/types\/post"}],"author":[{"embeddable":true,"href":"https:\/\/adhilac.com.ar\/index.php?rest_route=\/wp\/v2\/users\/2"}],"replies":[{"embeddable":true,"href":"https:\/\/adhilac.com.ar\/index.php?rest_route=%2Fwp%2Fv2%2Fcomments&post=10873"}],"version-history":[{"count":3,"href":"https:\/\/adhilac.com.ar\/index.php?rest_route=\/wp\/v2\/posts\/10873\/revisions"}],"predecessor-version":[{"id":10876,"href":"https:\/\/adhilac.com.ar\/index.php?rest_route=\/wp\/v2\/posts\/10873\/revisions\/10876"}],"wp:attachment":[{"href":"https:\/\/adhilac.com.ar\/index.php?rest_route=%2Fwp%2Fv2%2Fmedia&parent=10873"}],"wp:term":[{"taxonomy":"category","embeddable":true,"href":"https:\/\/adhilac.com.ar\/index.php?rest_route=%2Fwp%2Fv2%2Fcategories&post=10873"},{"taxonomy":"post_tag","embeddable":true,"href":"https:\/\/adhilac.com.ar\/index.php?rest_route=%2Fwp%2Fv2%2Ftags&post=10873"}],"curies":[{"name":"wp","href":"https:\/\/api.w.org\/{rel}","templated":true}]}}