{"id":10889,"date":"2015-06-18T09:34:55","date_gmt":"2015-06-18T12:34:55","guid":{"rendered":"https:\/\/adhilac.com.ar\/?p=10889"},"modified":"2015-06-21T09:39:14","modified_gmt":"2015-06-21T12:39:14","slug":"distingue-la-academia-de-historia-de-cuba-al-historiador-italo-estadounidense-piero-gleijeses","status":"publish","type":"post","link":"https:\/\/adhilac.com.ar\/?p=10889","title":{"rendered":"Distingue la Academia de Historia de Cuba al historiador italo-estadounidense Piero Gleijeses"},"content":{"rendered":"<p style=\"text-align: justify;\"><a href=\"https:\/\/adhilac.com.ar\/wp-content\/uploads\/2015\/06\/Piero-Gleijeses.jpeg\"><img loading=\"lazy\" decoding=\"async\" class=\"alignleft size-full wp-image-10890\" title=\"Piero Gleijeses\" src=\"https:\/\/adhilac.com.ar\/wp-content\/uploads\/2015\/06\/Piero-Gleijeses.jpeg\" alt=\"\" width=\"276\" height=\"205\" srcset=\"https:\/\/adhilac.com.ar\/wp-content\/uploads\/2015\/06\/Piero-Gleijeses.jpeg 460w, https:\/\/adhilac.com.ar\/wp-content\/uploads\/2015\/06\/Piero-Gleijeses-300x223.jpg 300w\" sizes=\"auto, (max-width: 276px) 100vw, 276px\" \/><\/a>Hedelberto L\u00f3pez Blanch<\/p>\n<p style=\"text-align: justify;\">El profesor italo-norteamericano Piero Gleijeses, quien ha escrito dos obras magistrales sobre la ayuda cubana a los pa\u00edses africanos, recibi\u00f3 este mi\u00e9rcoles el t\u00edtulo como Acad\u00e9mico Correspondiente Extranjero en un acto efectuado en la Academia de Historia de Cuba, con sede en la Universidad de San Ger\u00f3nimo de La Habana.<!--more--><\/p>\n<p style=\"text-align: justify;\">La Academia otorga esa categor\u00eda a profesionales em\u00e9ritos de otras naciones que han desarrollado trabajos relevantes sobre la historiograf\u00eda relacionada con Cuba.El profesor Sergio Guerra, uno de los Acad\u00e9micos de N\u00famero presentes en el acto, resumi\u00f3 la trayectoria de Piero Gleijeses, profesor de Pol\u00edtica Exterior de la Universidad Johns Hopkins, de Washington, quien ha escrito sobre Cuba dos obras \u00abcon inmenso rigor, compromiso pol\u00edtico y pasi\u00f3n por la historia\u00bb.<\/p>\n<p style=\"text-align: justify;\">Los referidos libros son Misiones en Conflicto: La Habana, Washington, \u00c1frica 1959-1976, y Visiones de la Libertad: La Habana, Washington y Pretoria y la lucha por el sur de \u00c1frica 1976-1991. Este \u00faltimo ser\u00e1 presentado pr\u00f3ximamente en Cuba.<\/p>\n<p style=\"text-align: justify;\">Sergio Guerra explic\u00f3 que Piero realiz\u00f3 otras dos obras investigativas de profunda calidad: La Esperanza Destrozada, sobre el derrocamiento por parte de Estados Unidos del Gobierno de Jacobo Arbenz en Guatemala, en 1954, y La Esperanza Desgarrada, sobre la invasi\u00f3n norteamericana en 1965 a Rep\u00fablica Dominicana.<\/p>\n<p style=\"text-align: justify;\">Son obras cl\u00e1sicas de la historiograf\u00eda universal que demuestran la capacidad de investigaci\u00f3n que ha llevado adelante con enorme paciencia y seriedad el destacado profesor, signific\u00f3 Guerra.Por su parte, el Doctor Pedro Pablo Rodr\u00edguez, vicepresidente de la Academia de Historia y Premio de Ciencias Sociales 2010, expres\u00f3 que para la instituci\u00f3n es un alto honor entregarle al profesor Gleijeses el t\u00edtulo de Acad\u00e9mico Correspondiente Extranjero, lo cual est\u00e1 avalado por su larga historia de acucioso, serio y prol\u00edfero investigador.<\/p>\n<p style=\"text-align: justify;\">Gleijeses agradeci\u00f3 a los miembros de la Academia de Historia y explic\u00f3 que en la investigaci\u00f3n realizada le ayudaron muchas personas en Cuba, y en especial reconoci\u00f3 a dos que fueron imprescindibles: Jorge Risquet Vald\u00e9s y la doctora Gloria Le\u00f3n.<\/p>\n<p style=\"text-align: justify;\">Fuente Juventud Rebelde 17 de Junio del 2015<\/p>\n<p style=\"text-align: justify;\">&nbsp;<\/p>\n","protected":false},"excerpt":{"rendered":"<p>Hedelberto L\u00f3pez Blanch El profesor italo-norteamericano Piero Gleijeses, quien ha escrito dos obras magistrales sobre la ayuda cubana a los pa\u00edses africanos, recibi\u00f3 este mi\u00e9rcoles el t\u00edtulo como Acad\u00e9mico Correspondiente Extranjero en un acto efectuado en la Academia de Historia de Cuba, con sede en la Universidad de San Ger\u00f3nimo de La Habana.<\/p>\n","protected":false},"author":2,"featured_media":0,"comment_status":"closed","ping_status":"closed","sticky":false,"template":"","format":"standard","meta":{"_crdt_document":"","footnotes":""},"categories":[18,15,351,40],"tags":[473,63,871],"class_list":["post-10889","post","type-post","status-publish","format-standard","hentry","category-adhilac-cuba","category-historia","category-historiadores","category-informaciones","tag-africa","tag-cuba","tag-historia"],"_links":{"self":[{"href":"https:\/\/adhilac.com.ar\/index.php?rest_route=\/wp\/v2\/posts\/10889","targetHints":{"allow":["GET"]}}],"collection":[{"href":"https:\/\/adhilac.com.ar\/index.php?rest_route=\/wp\/v2\/posts"}],"about":[{"href":"https:\/\/adhilac.com.ar\/index.php?rest_route=\/wp\/v2\/types\/post"}],"author":[{"embeddable":true,"href":"https:\/\/adhilac.com.ar\/index.php?rest_route=\/wp\/v2\/users\/2"}],"replies":[{"embeddable":true,"href":"https:\/\/adhilac.com.ar\/index.php?rest_route=%2Fwp%2Fv2%2Fcomments&post=10889"}],"version-history":[{"count":4,"href":"https:\/\/adhilac.com.ar\/index.php?rest_route=\/wp\/v2\/posts\/10889\/revisions"}],"predecessor-version":[{"id":10894,"href":"https:\/\/adhilac.com.ar\/index.php?rest_route=\/wp\/v2\/posts\/10889\/revisions\/10894"}],"wp:attachment":[{"href":"https:\/\/adhilac.com.ar\/index.php?rest_route=%2Fwp%2Fv2%2Fmedia&parent=10889"}],"wp:term":[{"taxonomy":"category","embeddable":true,"href":"https:\/\/adhilac.com.ar\/index.php?rest_route=%2Fwp%2Fv2%2Fcategories&post=10889"},{"taxonomy":"post_tag","embeddable":true,"href":"https:\/\/adhilac.com.ar\/index.php?rest_route=%2Fwp%2Fv2%2Ftags&post=10889"}],"curies":[{"name":"wp","href":"https:\/\/api.w.org\/{rel}","templated":true}]}}