{"id":10912,"date":"2015-06-20T11:15:10","date_gmt":"2015-06-20T14:15:10","guid":{"rendered":"https:\/\/adhilac.com.ar\/?p=10912"},"modified":"2015-06-29T11:21:40","modified_gmt":"2015-06-29T14:21:40","slug":"3er-encuentro-del-ciclo-historia-del-partido-comunista-argentino-buenos-aires-8-de-julio-de-2015","status":"publish","type":"post","link":"https:\/\/adhilac.com.ar\/?p=10912","title":{"rendered":"3er Encuentro del Ciclo \u00abHistoria del Partido Comunista Argentino\u00bb Buenos Aires. 8 de julio de 2015"},"content":{"rendered":"<p><img loading=\"lazy\" decoding=\"async\" class=\"alignleft\" src=\"https:\/\/mail.google.com\/mail\/u\/0\/?ui=2&amp;ik=31c22b8d02&amp;view=fimg&amp;th=14e3f9e2416bd690&amp;attid=0.1&amp;disp=emb&amp;realattid=cccec2e4cf943d00_0.1&amp;attbid=ANGjdJ_vqf5vGy_Uu9OKe2pB9DtA36PaKxR5mVC3lRYam8c9y9qvozrJhrZeEn1TXmeVJV5YPq1UTfAib3nLdEPB5LrC3Jdfgh_nK3QoM7QRaE3aJyO1mOX26s3fNHY&amp;sz=s0-l75-ft&amp;ats=1435586410950&amp;rm=14e3f9e2416bd690&amp;zw&amp;atsh=1\" alt=\"\" width=\"200\" height=\"200\" \/><\/p>\n<div>\n<div dir=\"ltr\">\n<div dir=\"ltr\">\n<div dir=\"ltr\">\n<div dir=\"ltr\">\n<p>Mi\u00e9rcoles 8 de julio &#8211; 19hs. \u00a0&#8211; Callao 247<\/p>\n<p>\u201cEl comunismo argentino y la clase trabajadora: Movimiento obrero industrial y el PC (1916-1943) y el caso de Mar del Plata\u201d<\/p>\n<p>Con Diego Ceruso y Lucas Gonz\u00e1lez<\/p>\n<p>Coordinaci\u00f3n: Mercedes L\u00f3pez Cantera<!--more--><\/p>\n<p style=\"text-align: justify;\">Los esperamos el pr\u00f3ximo 8 de julio a las 19hs. a presenciar la tercera charla del ciclo dedicado a la Historia del PC argentino que organiza el Centro de Estudios de Formaci\u00f3n Marxista \u201cH\u00e9ctor P. Agosti\u201d. En esta oportunidad se abordaran dos tem\u00e1ticas de sumo inter\u00e9s para el estudio del PC y de las izquierdas en Argentina.<\/p>\n<p style=\"text-align: justify;\">&nbsp;<\/p>\n<p style=\"text-align: justify;\">Una primera cuesti\u00f3n estar\u00e1 enfocada en el desarrollo del comunismo argentino dentro del movimiento obrero industrial de entreguerras, cuyo an\u00e1lisis tomar\u00e1 las estrategias llevadas a cabo por este partido en el espacio fabril, escenario por excelencia de la lucha de clases. El desarrollo de este eje estar\u00e1 a cargo de Diego Ceruso, investigador de la UBA y docente, especialista en historia del movimiento sindical, miembro del Comit\u00e9 Editorial de la revista \u201cArchivos de historia del movimiento obrero y la izquierda\u201d y autor del libro \u201cComisiones internas de f\u00e1brica: desde la huelga de la construcci\u00f3n de 1935 hasta el Golpe de Estado de 1943\u201d.<\/p>\n<p style=\"text-align: justify;\">&nbsp;<\/p>\n<p style=\"text-align: justify;\">El centro del segundo eje de este encuentro ser\u00e1 la historia del PC en la localidad de Mar del Plata, que incorporar\u00e1 las particularidades de este caso regional a fin de contrarrestar las tradicionales miradas \u201ccentralistas\u201d presentes en diversas investigaciones sobre el tema. Para esta cuesti\u00f3n contaremos con la presencia de Lucas Gonz\u00e1lez, docente e investigador de la Universidad de Mar del Plata, especialista en la historia de los voluntarios argentinos en la Guerra Civil espa\u00f1ola y autor de \u201cEntre bibliotecas y andamios. Or\u00edgenes del movimiento obrero en Mar del Plata (1890-1930)\u201d.<\/p>\n<p style=\"text-align: justify;\">Agradecemos la difusi\u00f3n de esta actividad y esperamos que puedan asistir.<\/p>\n<p style=\"text-align: justify;\">Centro de Estudios y Formaci\u00f3n Marxista H\u00e9ctor P. Agosti<\/p>\n<p style=\"text-align: justify;\">\n<div>Callao 274 Ciudad de Buenos Aires<\/div>\n<div>Tel: (011)\u00a04372-3917<\/div>\n<div><a href=\"mailto:contacto@elcefma.com.ar\" target=\"_blank\">contacto@elcefma.com.ar<\/a><\/div>\n<div><a href=\"http:\/\/www.elcefma.blogspot.com.ar\/\" target=\"_blank\">www.elcefma.com.ar<\/a><\/div>\n<p><strong>Publicado por ADHILAC Internacional \u00a9 www.adhilac.com.ar<\/strong><\/p>\n<p>Si Ud. desea asociarse de acuerdo a los Estatutos de ADHILAC\u00a0<a title=\"(ver)\" href=\"https:\/\/adhilac.com.ar\/?page_id=263\">(ver)<\/a> complete el siguiente formulario\u00a0<a title=\"(ver)\" href=\"https:\/\/adhilac.com.ar\/?page_id=3194\">(ver)<\/a><\/p>\n<p>E-mail: info@adhilac.com.ar<strong> <\/strong><\/p>\n<p>Twitter: @AdhilacInfo<\/p>\n<p style=\"text-align: justify;\">&nbsp;<\/p>\n<\/div>\n<\/div>\n<\/div>\n<\/div>\n<\/div>\n","protected":false},"excerpt":{"rendered":"<p>Mi\u00e9rcoles 8 de julio &#8211; 19hs. \u00a0&#8211; Callao 247 \u201cEl comunismo argentino y la clase trabajadora: Movimiento obrero industrial y el PC (1916-1943) y el caso de Mar del Plata\u201d Con Diego Ceruso y Lucas Gonz\u00e1lez Coordinaci\u00f3n: Mercedes L\u00f3pez Cantera<\/p>\n","protected":false},"author":2,"featured_media":0,"comment_status":"closed","ping_status":"closed","sticky":false,"template":"","format":"standard","meta":{"_crdt_document":"","footnotes":""},"categories":[5,40],"tags":[67,244],"class_list":["post-10912","post","type-post","status-publish","format-standard","hentry","category-congresos","category-informaciones","tag-argentina","tag-partido-comunista"],"_links":{"self":[{"href":"https:\/\/adhilac.com.ar\/index.php?rest_route=\/wp\/v2\/posts\/10912","targetHints":{"allow":["GET"]}}],"collection":[{"href":"https:\/\/adhilac.com.ar\/index.php?rest_route=\/wp\/v2\/posts"}],"about":[{"href":"https:\/\/adhilac.com.ar\/index.php?rest_route=\/wp\/v2\/types\/post"}],"author":[{"embeddable":true,"href":"https:\/\/adhilac.com.ar\/index.php?rest_route=\/wp\/v2\/users\/2"}],"replies":[{"embeddable":true,"href":"https:\/\/adhilac.com.ar\/index.php?rest_route=%2Fwp%2Fv2%2Fcomments&post=10912"}],"version-history":[{"count":2,"href":"https:\/\/adhilac.com.ar\/index.php?rest_route=\/wp\/v2\/posts\/10912\/revisions"}],"predecessor-version":[{"id":10914,"href":"https:\/\/adhilac.com.ar\/index.php?rest_route=\/wp\/v2\/posts\/10912\/revisions\/10914"}],"wp:attachment":[{"href":"https:\/\/adhilac.com.ar\/index.php?rest_route=%2Fwp%2Fv2%2Fmedia&parent=10912"}],"wp:term":[{"taxonomy":"category","embeddable":true,"href":"https:\/\/adhilac.com.ar\/index.php?rest_route=%2Fwp%2Fv2%2Fcategories&post=10912"},{"taxonomy":"post_tag","embeddable":true,"href":"https:\/\/adhilac.com.ar\/index.php?rest_route=%2Fwp%2Fv2%2Ftags&post=10912"}],"curies":[{"name":"wp","href":"https:\/\/api.w.org\/{rel}","templated":true}]}}