{"id":10936,"date":"2015-07-06T08:22:17","date_gmt":"2015-07-06T11:22:17","guid":{"rendered":"https:\/\/adhilac.com.ar\/?p=10936"},"modified":"2015-07-07T08:52:47","modified_gmt":"2015-07-07T11:52:47","slug":"se-iniciaron-las-vi-jornadas-de-historia-del-ccc-floreal-gorini-adhilac-buenos-aires-6-y-7-de-julio-de-2015","status":"publish","type":"post","link":"https:\/\/adhilac.com.ar\/?p=10936","title":{"rendered":"Se iniciaron las VI Jornadas de Historia del CCC Floreal Gorini &#8211; ADHILAC. Buenos Aires. 6 y 7 de julio de 2015"},"content":{"rendered":"<p><a href=\"https:\/\/adhilac.com.ar\/wp-content\/uploads\/2015\/07\/2015-07-06-18.20.09.jpg\"><img loading=\"lazy\" decoding=\"async\" class=\"size-full wp-image-10937 aligncenter\" title=\"2015-07-06 18.20.09\" src=\"https:\/\/adhilac.com.ar\/wp-content\/uploads\/2015\/07\/2015-07-06-18.20.09.jpg\" alt=\"\" width=\"484\" height=\"362\" \/><\/a><\/p>\n<p style=\"text-align: justify;\">La Asociaci\u00f3n de Historiadores Latinoamericanos y del Caribe participa de las VI Jornadas de Historia del Centro Cultural de la Cooperaci\u00f3n Floreal Gorini, Congreso Internacional de ADHILAC\u00a0<em>Del Congreso de Tucum\u00e1n a la Patria Grande en el siglo XXI<\/em><!--more--><\/p>\n<p style=\"text-align: justify;\">Arriba en la mesa \u00a0<em>Am\u00e9rica Latina y las relaciones con las grandes potencias, <\/em>participan de izquierda a derecha el coordinador Lucas Ricci, Pablo J. Reid con su trabajo \u00a0<em>Invasi\u00f3n estadounidense de las Islas Malvinas Ayer y Hoy. \u00bfReconoce Estados Unidos la Soberan\u00eda Argentina Sobre Malvinas?; <\/em>Norberto Aguirre :\u00a0<em> Las  relaciones exteriores entre Argentina y Europa Occidental en los  noventa. El caso espa\u00f1ol y los marcos de la dependencia (1989-2000);<\/em>Rub\u00e9n Laufer: \u00a0<em>El  eslab\u00f3n m\u00e1s reciente de una nueva cadena de dependencia Argentina-China:  asociaci\u00f3n estrat\u00e9gica integral y \u201cneo-subdesarrollismo\u201d <\/em>y\u00a0Leandro Morgenfeld :\u00a0<em>Debates en torno a<\/em><em>l TIAR: la transici\u00f3n desde un esquema con eje en Washington hacia una organizaci\u00f3n de defensa de Nuestra Am\u00e9rica.<\/em><\/p>\n<p style=\"text-align: justify;\">En la mesa\u00a0<em>Crisis del sistema colonial, el proceso de independencia,  propuestas pol\u00edticas y corrientes de pensamiento \u00bfuni\u00f3n o disgregaci\u00f3n? <\/em>participaron \u00a0Lina Constanza D\u00edaz Boada:\u00a0<em>Disputa por el poder: conflictos entre la \u00e9lite y el corregidor de  Pamplona de Indias, virreinato de la Nueva Granada, 1808-1810; <\/em>Ana Mar\u00eda Lorandi: <em>Soberan\u00edas en pugna. Trayectoria andina del General \u00c1lvarez de Arenales, <\/em>Jens Christian Rath: <em>El verdadero car\u00e1cter del Congreso de Tucum\u00e1n. <\/em><\/p>\n<p style=\"text-align: justify;\">En la mesa\u00a0<em>Corrientes de pensamiento en el siglo XIX y XX <\/em>expusieron Martha Rodriguez <em>Un  proyecto historiogr\u00e1fico con vocaci\u00f3n americanista. Los historiadores  argentinos en el II Congreso Internacional de Historia de Am\u00e9rica<\/em>; \u00a0Anderson Claytom Ferreira Brettas: <em>Las concepciones de Am\u00e9rica Latina en la diplomacia del Brasil Imperial (siglo XIX) <\/em>y Juan Francisco Martinez Peria.<\/p>\n<p style=\"text-align: justify;\">En la mesa\u00a0<em>Proyectos integracionistas y las propuestas sobre la Patria Grande. Historia y nuevos desaf\u00edos <\/em>presentaron sus ponencias Hugo Lilli: \u00a0<em>La integraci\u00f3n iberoamericana: un an\u00e1lisis hist\u00f3rico de cara al futuro. <\/em>Jorge El\u00edas Caro:\u00a0<em>Integraci\u00f3n y fronteras en el Gran Caribe. Nuevas visiones; <\/em> Emiliano Dreon : \u00a0<em>La CELAC: \u00bfmaterializaci\u00f3n de un legado hist\u00f3rico?<\/em> y Juli\u00e1n Kan <em> <\/em><em>Actores sociales y pol\u00edticos en la reconfiguraci\u00f3n de la integraci\u00f3n latinoamericana reciente (2000-2005)<\/em>.<\/p>\n","protected":false},"excerpt":{"rendered":"<p>La Asociaci\u00f3n de Historiadores Latinoamericanos y del Caribe participa de las VI Jornadas de Historia del Centro Cultural de la Cooperaci\u00f3n Floreal Gorini, Congreso Internacional de ADHILAC\u00a0Del Congreso de Tucum\u00e1n a la Patria Grande en el siglo XXI<\/p>\n","protected":false},"author":2,"featured_media":0,"comment_status":"closed","ping_status":"closed","sticky":false,"template":"","format":"standard","meta":{"_crdt_document":"","footnotes":""},"categories":[10,3],"tags":[13,22,424,28],"class_list":["post-10936","post","type-post","status-publish","format-standard","hentry","category-adhil-arg","category-adhilac-inter","tag-america-latina","tag-emancipacion-americana","tag-grandes-potencias","tag-integracion-americana"],"_links":{"self":[{"href":"https:\/\/adhilac.com.ar\/index.php?rest_route=\/wp\/v2\/posts\/10936","targetHints":{"allow":["GET"]}}],"collection":[{"href":"https:\/\/adhilac.com.ar\/index.php?rest_route=\/wp\/v2\/posts"}],"about":[{"href":"https:\/\/adhilac.com.ar\/index.php?rest_route=\/wp\/v2\/types\/post"}],"author":[{"embeddable":true,"href":"https:\/\/adhilac.com.ar\/index.php?rest_route=\/wp\/v2\/users\/2"}],"replies":[{"embeddable":true,"href":"https:\/\/adhilac.com.ar\/index.php?rest_route=%2Fwp%2Fv2%2Fcomments&post=10936"}],"version-history":[{"count":5,"href":"https:\/\/adhilac.com.ar\/index.php?rest_route=\/wp\/v2\/posts\/10936\/revisions"}],"predecessor-version":[{"id":10941,"href":"https:\/\/adhilac.com.ar\/index.php?rest_route=\/wp\/v2\/posts\/10936\/revisions\/10941"}],"wp:attachment":[{"href":"https:\/\/adhilac.com.ar\/index.php?rest_route=%2Fwp%2Fv2%2Fmedia&parent=10936"}],"wp:term":[{"taxonomy":"category","embeddable":true,"href":"https:\/\/adhilac.com.ar\/index.php?rest_route=%2Fwp%2Fv2%2Fcategories&post=10936"},{"taxonomy":"post_tag","embeddable":true,"href":"https:\/\/adhilac.com.ar\/index.php?rest_route=%2Fwp%2Fv2%2Ftags&post=10936"}],"curies":[{"name":"wp","href":"https:\/\/api.w.org\/{rel}","templated":true}]}}