{"id":1099,"date":"2010-03-17T09:06:35","date_gmt":"2010-03-17T12:06:35","guid":{"rendered":"https:\/\/adhilac.com.ar\/?p=1099"},"modified":"2012-07-29T16:03:57","modified_gmt":"2012-07-29T19:03:57","slug":"v-simposio-internacional-estados-americanos-o-bicentenario-das-independencias-1810-2010-passo-fundo-brasil","status":"publish","type":"post","link":"https:\/\/adhilac.com.ar\/?p=1099","title":{"rendered":"V Simp\u00f3sio Internacional Estados Americanos: O Bicenten\u00e1rio das Independ\u00eancias (1810-2010) Passo Fundo, Brasil"},"content":{"rendered":"<h3><span style=\"color: #339966;\"><strong>Entre el 8 y 10 de junio de 2010 <\/strong><\/span><\/h3>\n<p>se realizar\u00e1 en Passo Fundo, Brasil el V Simp\u00f3sio Internacional Estados Americanos dedicado a la Emancipaci\u00f3n Americana.<\/p>\n<p>S\u00famula:<\/p>\n<p style=\"text-align: justify;\">O Simp\u00f3sio Estados Americanos: O Bicenten\u00e1rio ( 1810-2010): hist\u00f3ria continental e intercontinental\u00a0 constitui a quinta edi\u00e7\u00e3o de um projeto iniciado em 1995 na UnB. As demais edi\u00e7\u00f5es ocorreram na PUCRS, em 1997, em conjunto com a UnB e UPF, sendo retomada esta parceria\u00a0 no ano de 2000,\u00a0 na UnB e em 2003, na UPF.<!--more--><\/p>\n<p style=\"text-align: justify;\">\nA proposta atual toma como ponto de partida o bicenten\u00e1rio da Revolu\u00e7\u00e3o de Maio de 1810, em Buenos Aires, para refletir sobre a trajet\u00f3ria dos estados e das popula\u00e7\u00f5es americanas, especialmente do Cone Sul do continente. O semin\u00e1rio tem por objetivo reunir profissionais da \u00e1rea de hist\u00f3ria, rela\u00e7\u00f5es internacionais, ci\u00eancias sociais e \u00e1reas afins, de diferentes pa\u00edses, para discutir a tem\u00e1tica geral do evento e apresentar suas pesquisas. Objetiva tamb\u00e9m criar um espa\u00e7o para a forma\u00e7\u00e3o e amplia\u00e7\u00e3o de redes de pesquisadores, bem como oportunizar o contato entre pesquisadores s\u00eaniors, mestrandos e doutorandos, bolsistas de inicia\u00e7\u00e3o cient\u00edfica e alunos de gradua\u00e7\u00e3o. O evento est\u00e1 estruturado em Simp\u00f3sios Tem\u00e1ticos nos quais mestrandos, doutorandos e demais pesquisadores apresentar\u00e3o seus trabalhos. Contar\u00e1 tamb\u00e9m com um espa\u00e7o para apresenta\u00e7\u00e3o de p\u00f4steres de inicia\u00e7\u00e3o cient\u00edfica e com atividades culturais pertinentes \u00e0 tem\u00e1tica geral do semin\u00e1rio.<\/p>\n<p style=\"text-align: justify;\"><strong>Simp\u00f3sios Tem\u00e1ticos :<\/strong><br \/>\n1-\u00a0 Colonialismo na Am\u00e9rica<br \/>\n2- Maio de 1810: a Am\u00e9rica e o mundo<br \/>\n3- Forma\u00e7\u00e3o do Estados Nacionais na Am\u00e9rica<br \/>\n4- Fronteiras americanas e rela\u00e7\u00f5es internacionais<br \/>\n5- Povos ind\u00edgenas e etnias<br \/>\n6- Hist\u00f3ria comparada<br \/>\n7- Geopol\u00edtica e Defesa Nacional<br \/>\n8-Ditaduras\u00a0 e redemocratiza\u00e7\u00e3o<br \/>\n9- Migra\u00e7\u00f5es internacionais<br \/>\n10- Guerras e insurrei\u00e7\u00f5es na Am\u00e9rica<br \/>\n11- Na\u00e7\u00e3o, nacionalismos e identidades<br \/>\n12- Populismos na Am\u00e9rica<br \/>\n13- Integra\u00e7\u00e3o, globaliza\u00e7\u00e3o e regionalismos<br \/>\n14- Economia, trabalho e classes sociais na Am\u00e9rica<br \/>\n15- Hist\u00f3ria e navega\u00e7\u00e3o<br \/>\n16- Cultura, imagem e movimentos est\u00e9ticos na Am\u00e9rica<br \/>\n17- Institui\u00e7\u00f5es jur\u00eddicas e poder na Am\u00e9rica<br \/>\n18- Arqueologia e patrim\u00f4nio cultural na Am\u00e9rica<br \/>\n19- Hist\u00f3ria da Educa\u00e7\u00e3o e Ensino na Am\u00e9rica<br \/>\n20- Conflitos no Prata: Brasil, Paraguai, Argentina e Uruguai<\/p>\n<p style=\"text-align: justify;\"><strong>Comiss\u00e3o organizadora: <\/strong><br \/>\nAdelar Heinsfeld<br \/>\nAna Luiza Setti Reckziegel<br \/>\nEduardo Svartman<br \/>\nHelder Silveira<br \/>\nAlbene Miriam Menezes<br \/>\nMercedes Kothe<br \/>\n<strong>Comit\u00ea cient\u00edfico: <\/strong><br \/>\nAdelar Heinsfeld, Ana Luiza Setti Reckziegel, Eduardo Svartman, Luiz Carlos Tau Golin, Jana\u00edna Santin, M\u00e1rio Maestri, Jo\u00e3o Carlos Tedesco, Paulo Zarth, Gizele Zanotto, Gerson Trombetta, Sandra Brancato, Helder Silveira, Albene Miriam Menezes, Mercedes Kothe, Lucilia Delgado.<\/p>\n<p style=\"text-align: justify;\"><strong>Prazos:<\/strong><\/p>\n<p style=\"text-align: justify;\">Submiss\u00e3o de resumos at\u00e9 31 de mar\u00e7o de 2010<br \/>\nEnvio dos artigos completos at\u00e9 8 de maio de 2010<br \/>\nInscri\u00e7\u00f5es de ouvintes at\u00e9 8 de junho de 2010<\/p>\n<p style=\"text-align: justify;\"><strong>Informa\u00e7\u00f5es:<\/strong><br \/>\nSecretaria do Programa de p\u00f3s-gradua\u00e7\u00e3o em Hist\u00f3ria da Universidade de Passo Fundo.<\/p>\n<p style=\"text-align: justify;\">Telefone (55) (54) 3316-8339.<\/p>\n<p style=\"text-align: justify;\">\nE-mail <a title=\"pghis@upf.br\" href=\"gomailto:pghis@upf.br\">pghis@upf.br<\/a><\/p>\n<p style=\"text-align: justify;\">Site<a title=\"http:\/\/www.ppgh.upf.br\" href=\"http:\/\/www.ppgh.upf.br\"> http:\/\/www.ppgh.upf.br<\/a> .<\/p>\n<p style=\"text-align: justify;\">Na pr\u00f3xima circular ser\u00e1 divulgado o site oficial do evento.<\/p>\n<p style=\"text-align: justify;\">&nbsp;<\/p>\n<p><strong>Publicado por ADHILAC Internacional \u00a9 www.adhilac.com.ar<\/strong><\/p>\n<p>Si Ud. desea asociarse de acuerdo a los Estatutos de ADHILAC\u00a0<a title=\"(ver)\" href=\"https:\/\/adhilac.com.ar\/?page_id=263\">(ver)<\/a> complete el siguiente formulario\u00a0<a title=\"(ver)\" href=\"https:\/\/adhilac.com.ar\/?page_id=3194\">(ver)<\/a><\/p>\n<p>E-mail: info@adhilac.com.ar<strong> <\/strong><\/p>\n<p>Twitter: @AdhilacInfo<\/p>\n<p style=\"text-align: justify;\">&nbsp;<\/p>\n","protected":false},"excerpt":{"rendered":"<p>Entre el 8 y 10 de junio de 2010 se realizar\u00e1 en Passo Fundo, Brasil el V Simp\u00f3sio Internacional Estados Americanos dedicado a la Emancipaci\u00f3n Americana. S\u00famula: O Simp\u00f3sio Estados Americanos: O Bicenten\u00e1rio ( 1810-2010): hist\u00f3ria continental e intercontinental\u00a0 constitui a quinta edi\u00e7\u00e3o de um projeto iniciado em 1995 na UnB. As demais edi\u00e7\u00f5es ocorreram [&hellip;]<\/p>\n","protected":false},"author":2,"featured_media":0,"comment_status":"closed","ping_status":"closed","sticky":false,"template":"","format":"standard","meta":{"_crdt_document":"","footnotes":""},"categories":[5],"tags":[13,22],"class_list":["post-1099","post","type-post","status-publish","format-standard","hentry","category-congresos","tag-america-latina","tag-emancipacion-americana"],"_links":{"self":[{"href":"https:\/\/adhilac.com.ar\/index.php?rest_route=\/wp\/v2\/posts\/1099","targetHints":{"allow":["GET"]}}],"collection":[{"href":"https:\/\/adhilac.com.ar\/index.php?rest_route=\/wp\/v2\/posts"}],"about":[{"href":"https:\/\/adhilac.com.ar\/index.php?rest_route=\/wp\/v2\/types\/post"}],"author":[{"embeddable":true,"href":"https:\/\/adhilac.com.ar\/index.php?rest_route=\/wp\/v2\/users\/2"}],"replies":[{"embeddable":true,"href":"https:\/\/adhilac.com.ar\/index.php?rest_route=%2Fwp%2Fv2%2Fcomments&post=1099"}],"version-history":[{"count":13,"href":"https:\/\/adhilac.com.ar\/index.php?rest_route=\/wp\/v2\/posts\/1099\/revisions"}],"predecessor-version":[{"id":6475,"href":"https:\/\/adhilac.com.ar\/index.php?rest_route=\/wp\/v2\/posts\/1099\/revisions\/6475"}],"wp:attachment":[{"href":"https:\/\/adhilac.com.ar\/index.php?rest_route=%2Fwp%2Fv2%2Fmedia&parent=1099"}],"wp:term":[{"taxonomy":"category","embeddable":true,"href":"https:\/\/adhilac.com.ar\/index.php?rest_route=%2Fwp%2Fv2%2Fcategories&post=1099"},{"taxonomy":"post_tag","embeddable":true,"href":"https:\/\/adhilac.com.ar\/index.php?rest_route=%2Fwp%2Fv2%2Ftags&post=1099"}],"curies":[{"name":"wp","href":"https:\/\/api.w.org\/{rel}","templated":true}]}}