{"id":11007,"date":"2015-09-03T12:33:46","date_gmt":"2015-09-03T15:33:46","guid":{"rendered":"https:\/\/adhilac.com.ar\/?p=11007"},"modified":"2015-09-04T08:40:30","modified_gmt":"2015-09-04T11:40:30","slug":"coloquio-internacional-%e2%80%9cla-integracion-en-america-latina-y-el-caribe-a-200-anos-de-la-carta-de-jamaica-de-simon-bolivar%e2%80%9d-la-habana-6-9-de-septiembre","status":"publish","type":"post","link":"https:\/\/adhilac.com.ar\/?p=11007","title":{"rendered":"Coloquio Internacional \u201cLa integraci\u00f3n en Am\u00e9rica Latina y el Caribe&#8230; a 200 a\u00f1os de la Carta de Jamaica de Sim\u00f3n Bol\u00edvar\u201d La Habana, 6-9 de septiembre"},"content":{"rendered":"<p style=\"text-align: justify;\"><a href=\"https:\/\/adhilac.com.ar\/wp-content\/uploads\/2015\/08\/La-Habana-ADHILAC.jpg\"><img loading=\"lazy\" decoding=\"async\" class=\"size-full wp-image-11008 alignright\" title=\"La Habana-ADHILAC\" src=\"https:\/\/adhilac.com.ar\/wp-content\/uploads\/2015\/08\/La-Habana-ADHILAC.jpg\" alt=\"\" width=\"194\" height=\"293\" srcset=\"https:\/\/adhilac.com.ar\/wp-content\/uploads\/2015\/08\/La-Habana-ADHILAC.jpg 898w, https:\/\/adhilac.com.ar\/wp-content\/uploads\/2015\/08\/La-Habana-ADHILAC-198x300.jpg 198w, https:\/\/adhilac.com.ar\/wp-content\/uploads\/2015\/08\/La-Habana-ADHILAC-678x1024.jpg 678w\" sizes=\"auto, (max-width: 194px) 100vw, 194px\" \/><\/a><span style=\"color: #339966;\"><strong>\u201c<em>La integraci\u00f3n en Am\u00e9rica Latina y el Caribe: alternativas hist\u00f3ricas y proyecci\u00f3n actual, a 200 a\u00f1os de la Carta de Jamaica de Sim\u00f3n Bol\u00edvar\u201d<\/em><\/strong><\/span><\/p>\n<div style=\"text-align: justify;\">\n<p>&nbsp;<\/p>\n<\/div>\n<div style=\"text-align: justify;\">\n<p><strong>Ver el P<\/strong><strong>rograma a\u00a0continuaci\u00f3n <\/strong><\/p>\n<p><strong>o bajarlo en PDF :<\/strong><\/p>\n<\/div>\n<p><a href=\"https:\/\/adhilac.com.ar\/wp-content\/uploads\/2015\/08\/La-Habana-ADHILAC-PROGRAMA-Final-2015.pdf\">La Habana -ADHILAC PROGRAMA Final 2015<!--more--><\/a><strong style=\"text-align: justify;\"> <\/strong><\/p>\n<p><strong style=\"text-align: justify;\">Publicado por ADHILAC Internacional \u00a9 www.adhilac.com.ar<\/strong><\/p>\n<p style=\"text-align: justify;\">Si Ud. desea asociarse de acuerdo a los Estatutos de ADHILAC\u00a0<a title=\"(ver)\" href=\"https:\/\/adhilac.com.ar\/?page_id=263\">(ver)<\/a> complete el siguiente formulario\u00a0<a title=\"(ver)\" href=\"https:\/\/adhilac.com.ar\/?page_id=3194\">(ver)<\/a><\/p>\n<p style=\"text-align: justify;\">E-mail: info@adhilac.com.ar<strong> <\/strong><\/p>\n<p style=\"text-align: justify;\">Twitter: @AdhilacInfo<\/p>\n<p style=\"padding-left: 30px; text-align: justify;\">&nbsp;<\/p>\n","protected":false},"excerpt":{"rendered":"<p>\u201cLa integraci\u00f3n en Am\u00e9rica Latina y el Caribe: alternativas hist\u00f3ricas y proyecci\u00f3n actual, a 200 a\u00f1os de la Carta de Jamaica de Sim\u00f3n Bol\u00edvar\u201d &nbsp; Ver el Programa a\u00a0continuaci\u00f3n o bajarlo en PDF : La Habana -ADHILAC PROGRAMA Final 2015<\/p>\n","protected":false},"author":37,"featured_media":0,"comment_status":"closed","ping_status":"closed","sticky":false,"template":"","format":"standard","meta":{"_crdt_document":"","footnotes":""},"categories":[18,5,40],"tags":[56,158],"class_list":["post-11007","post","type-post","status-publish","format-standard","hentry","category-adhilac-cuba","category-congresos","category-informaciones","tag-congreso","tag-historia-de-america"],"_links":{"self":[{"href":"https:\/\/adhilac.com.ar\/index.php?rest_route=\/wp\/v2\/posts\/11007","targetHints":{"allow":["GET"]}}],"collection":[{"href":"https:\/\/adhilac.com.ar\/index.php?rest_route=\/wp\/v2\/posts"}],"about":[{"href":"https:\/\/adhilac.com.ar\/index.php?rest_route=\/wp\/v2\/types\/post"}],"author":[{"embeddable":true,"href":"https:\/\/adhilac.com.ar\/index.php?rest_route=\/wp\/v2\/users\/37"}],"replies":[{"embeddable":true,"href":"https:\/\/adhilac.com.ar\/index.php?rest_route=%2Fwp%2Fv2%2Fcomments&post=11007"}],"version-history":[{"count":19,"href":"https:\/\/adhilac.com.ar\/index.php?rest_route=\/wp\/v2\/posts\/11007\/revisions"}],"predecessor-version":[{"id":11054,"href":"https:\/\/adhilac.com.ar\/index.php?rest_route=\/wp\/v2\/posts\/11007\/revisions\/11054"}],"wp:attachment":[{"href":"https:\/\/adhilac.com.ar\/index.php?rest_route=%2Fwp%2Fv2%2Fmedia&parent=11007"}],"wp:term":[{"taxonomy":"category","embeddable":true,"href":"https:\/\/adhilac.com.ar\/index.php?rest_route=%2Fwp%2Fv2%2Fcategories&post=11007"},{"taxonomy":"post_tag","embeddable":true,"href":"https:\/\/adhilac.com.ar\/index.php?rest_route=%2Fwp%2Fv2%2Ftags&post=11007"}],"curies":[{"name":"wp","href":"https:\/\/api.w.org\/{rel}","templated":true}]}}