{"id":11040,"date":"2015-08-28T17:29:50","date_gmt":"2015-08-28T20:29:50","guid":{"rendered":"https:\/\/adhilac.com.ar\/?p=11040"},"modified":"2015-08-31T17:31:52","modified_gmt":"2015-08-31T20:31:52","slug":"ciclo-historia-del-partido-comunista-argentino-4%c2%ba-encuentro-buenos-aires-2-de-septiembre","status":"publish","type":"post","link":"https:\/\/adhilac.com.ar\/?p=11040","title":{"rendered":"Ciclo Historia del Partido Comunista Argentino. 4\u00ba Encuentro.  Buenos Aires. 2 de septiembre."},"content":{"rendered":"<h3 style=\"text-align: justify;\"><span style=\"color: #339966;\">Las relaciones entre el comunismo argentino y el peronismo entre la primer presidencia\u00a0y la resistencia<\/span><\/h3>\n<p style=\"text-align: justify;\"><strong> <\/strong><\/p>\n<p style=\"text-align: justify;\">Expositores: \u00a0Alexia Massholder y Mat\u00edas S\u00e1nchez<br \/>\nCoordinaci\u00f3n: Mercedes L\u00f3pez Cantera<\/p>\n<p style=\"text-align: justify;\">El pr\u00f3ximo 2 de septiembre a las 19hs. desarrollaremos el quinto encuentro del ciclo dedicado a la Historia del PC argentino organizado por el Centro de Estudios de Formaci\u00f3n Marxista \u201cH\u00e9ctor P. Agosti\u201d (Callao 274 &#8211; CABA).\u00a0La relaci\u00f3n entre el movimiento peronista y el comunismo argentino ser\u00e1 el eje de esta charla que contar\u00e1 con la presencia de dos especialistas en la materia.<img decoding=\"async\" title=\"More...\" src=\"http:\/\/www.ariadnatucma.com.ar\/wp-includes\/js\/tinymce\/plugins\/wordpress\/img\/trans.gif\" alt=\"\" \/><!--more--><\/p>\n<p style=\"text-align: justify;\">&nbsp;<\/p>\n<p style=\"text-align: justify;\">Alexia Massholder, doctora en Historia de la UBA y autora del libro \u00abEl Partido Comunista y sus intelectuales: pensamiento y acci\u00f3n de H\u00e9ctor P. Agosti\u00bb, nos introducir\u00e1 en el debate acerca de la no linealidad de los v\u00ednculos establecidos entre ambas corrientes, tomando casos generales del movimiento obrero como otros puntuales del terreno cultural entre 1946-1955.<\/p>\n<p style=\"text-align: justify;\">Mat\u00edas S\u00e1nchez, investigador de la Universidad Nacional de Luj\u00e1n y especialista\u00a0en\u00a0la militancia del PC en el sector ferroviario, analizar\u00e1 la situaci\u00f3n atravesada durante el llamado per\u00edodo de la resistencia (1955-1958), tomando como eje la experiencia de los trabajadores comunistas durante esos a\u00f1os.<\/p>\n<p style=\"text-align: justify;\">&nbsp;<\/p>\n<p style=\"text-align: justify;\"><strong>Publicado por ADHILAC Internacional \u00a9 www.adhilac.com.ar<\/strong><\/p>\n<p style=\"text-align: justify;\">Si Ud. desea asociarse de acuerdo a los Estatutos de ADHILAC\u00a0<a title=\"(ver)\" href=\"https:\/\/adhilac.com.ar\/?page_id=263\">(ver)<\/a> complete el siguiente formulario\u00a0<a title=\"(ver)\" href=\"https:\/\/adhilac.com.ar\/?page_id=3194\">(ver)<\/a><\/p>\n<p style=\"text-align: justify;\">E-mail: info@adhilac.com.ar<strong> <\/strong><\/p>\n<p style=\"text-align: justify;\">Twitter: @AdhilacInfo<\/p>\n","protected":false},"excerpt":{"rendered":"<p>Las relaciones entre el comunismo argentino y el peronismo entre la primer presidencia\u00a0y la resistencia Expositores: \u00a0Alexia Massholder y Mat\u00edas S\u00e1nchez Coordinaci\u00f3n: Mercedes L\u00f3pez Cantera El pr\u00f3ximo 2 de septiembre a las 19hs. desarrollaremos el quinto encuentro del ciclo dedicado a la Historia del PC argentino organizado por el Centro de Estudios de Formaci\u00f3n Marxista [&hellip;]<\/p>\n","protected":false},"author":2,"featured_media":0,"comment_status":"closed","ping_status":"closed","sticky":false,"template":"","format":"standard","meta":{"_crdt_document":"","footnotes":""},"categories":[5,15,40],"tags":[634,244],"class_list":["post-11040","post","type-post","status-publish","format-standard","hentry","category-congresos","category-historia","category-informaciones","tag-historia-argentina","tag-partido-comunista"],"_links":{"self":[{"href":"https:\/\/adhilac.com.ar\/index.php?rest_route=\/wp\/v2\/posts\/11040","targetHints":{"allow":["GET"]}}],"collection":[{"href":"https:\/\/adhilac.com.ar\/index.php?rest_route=\/wp\/v2\/posts"}],"about":[{"href":"https:\/\/adhilac.com.ar\/index.php?rest_route=\/wp\/v2\/types\/post"}],"author":[{"embeddable":true,"href":"https:\/\/adhilac.com.ar\/index.php?rest_route=\/wp\/v2\/users\/2"}],"replies":[{"embeddable":true,"href":"https:\/\/adhilac.com.ar\/index.php?rest_route=%2Fwp%2Fv2%2Fcomments&post=11040"}],"version-history":[{"count":2,"href":"https:\/\/adhilac.com.ar\/index.php?rest_route=\/wp\/v2\/posts\/11040\/revisions"}],"predecessor-version":[{"id":11042,"href":"https:\/\/adhilac.com.ar\/index.php?rest_route=\/wp\/v2\/posts\/11040\/revisions\/11042"}],"wp:attachment":[{"href":"https:\/\/adhilac.com.ar\/index.php?rest_route=%2Fwp%2Fv2%2Fmedia&parent=11040"}],"wp:term":[{"taxonomy":"category","embeddable":true,"href":"https:\/\/adhilac.com.ar\/index.php?rest_route=%2Fwp%2Fv2%2Fcategories&post=11040"},{"taxonomy":"post_tag","embeddable":true,"href":"https:\/\/adhilac.com.ar\/index.php?rest_route=%2Fwp%2Fv2%2Ftags&post=11040"}],"curies":[{"name":"wp","href":"https:\/\/api.w.org\/{rel}","templated":true}]}}