{"id":11056,"date":"2015-09-05T18:01:58","date_gmt":"2015-09-05T21:01:58","guid":{"rendered":"https:\/\/adhilac.com.ar\/?p=11056"},"modified":"2015-09-05T18:04:13","modified_gmt":"2015-09-05T21:04:13","slug":"entrevista-a-sergio-guerra-vilaboy-a-la-luz-de-la-carta-de-jamaica","status":"publish","type":"post","link":"https:\/\/adhilac.com.ar\/?p=11056","title":{"rendered":"Entrevista a Sergio Guerra Vilaboy. A la luz de la Carta de Jamaica."},"content":{"rendered":"<h3><span style=\"color: #339966;\">La Habana<\/span><\/h3>\n<p style=\"text-align: justify;\"><a href=\"https:\/\/adhilac.com.ar\/wp-content\/uploads\/2015\/09\/Sergio-Guerra-Vilaboy.jpg\"><img loading=\"lazy\" decoding=\"async\" class=\"alignleft\" title=\"Sergio Guerra Vilaboy\" src=\"https:\/\/adhilac.com.ar\/wp-content\/uploads\/2015\/09\/Sergio-Guerra-Vilaboy.jpg\" alt=\"\" width=\"192\" height=\"288\" \/><\/a>Del pasado y el presente de Latinoam\u00e9rica y el Caribe habl\u00f3 Por Esto! con el Doctor Sergio Guerra Vilaboy, presidente de la Asociaci\u00f3n de Historiadores Latinoamericanos y del Caribe, a prop\u00f3sito de la inauguraci\u00f3n, en La Habana, de un relevante Coloquio sobre Bol\u00edvar y ese importante documento hist\u00f3rico.<\/p>\n<p style=\"text-align: justify;\">Entrevista realizada por\u00a0Marina Men\u00e9ndez<\/p>\n<p style=\"text-align: justify;\">&nbsp;<\/p>\n<p style=\"text-align: justify;\"><em>Foto: Lisbet Goenaga y Archivo Especial para<\/em> Por Esto!<\/p>\n<p style=\"text-align: justify;\">Resulta enriquecedor conversar con el Doctor Sergio Guerra Vilaboy, director del Departamento de Historia de la Universidad de La Habana y presidente de la Asociaci\u00f3n de Historiadores Latinoamericanos y del Caribe (ADHILAC), sobre todo si se trata de una figura emblem\u00e1tica como la de Sim\u00f3n Bol\u00edvar, <!--more-->cuando estamos a las puertas del bicentenario de ese texto suyo que el estudioso califica como \u201cun verdadero ensayo pol\u00edtico-social\u201d: la Carta de Jamaica.<\/p>\n<p style=\"text-align: justify;\">&nbsp;<\/p>\n<p style=\"text-align: justify;\">De la importancia que se le concede a este documento habla el evento que, promovido por la propia ADHILAC, abre sus puertas el pr\u00f3ximo lunes en La Habana y que reunir\u00e1 a m\u00e1s de 140 ponentes, casi un centenar de ellos extranjeros procedentes de 14 pa\u00edses, entre los que descuella M\u00e9xico por el n\u00famero de participantes: el Coloquio Internacional de la AHILAC 2015 \u201cLa integraci\u00f3n en Am\u00e9rica Latina y el Caribe: alternativas hist\u00f3ricas y proyecci\u00f3n actual, a 200 a\u00f1os de la Carta de Jamaica de Sim\u00f3n Bol\u00edvar\u201d.<\/p>\n<p style=\"text-align: justify;\"><a href=\"https:\/\/adhilac.com.ar\/wp-content\/uploads\/2015\/09\/La-Habana-ADHILAC.jpg\"><img loading=\"lazy\" decoding=\"async\" class=\"alignright size-full wp-image-11060\" title=\"La Habana-ADHILAC\" src=\"https:\/\/adhilac.com.ar\/wp-content\/uploads\/2015\/09\/La-Habana-ADHILAC.jpg\" alt=\"\" width=\"194\" height=\"293\" srcset=\"https:\/\/adhilac.com.ar\/wp-content\/uploads\/2015\/09\/La-Habana-ADHILAC.jpg 898w, https:\/\/adhilac.com.ar\/wp-content\/uploads\/2015\/09\/La-Habana-ADHILAC-198x300.jpg 198w, https:\/\/adhilac.com.ar\/wp-content\/uploads\/2015\/09\/La-Habana-ADHILAC-678x1024.jpg 678w\" sizes=\"auto, (max-width: 194px) 100vw, 194px\" \/><\/a><\/p>\n<p style=\"text-align: justify;\">Tema tan ambicioso que nos trae del pasado hasta el presente se desgranar\u00e1 durante dos d\u00edas en 24 mesas de trabajo, con el coauspicio de varias instituciones nacionales como la Oficina del Historiador de la Ciudad de La Habana, el Ministerio de Cultura, la Universidad de La Habana y el Instituto de Historia de Cuba, as\u00ed como universidades y centros de investigaci\u00f3n de Venezuela, Ecuador, M\u00e9xico, Espa\u00f1a y otros pa\u00edses.<\/p>\n<p style=\"text-align: justify;\">&nbsp;<\/p>\n<p style=\"text-align: justify;\">Adem\u00e1s, el Coloquio incluye actividades colaterales como presentaciones de libros y revistas, entre las que ocupa un lugar destacado el n\u00famero 8-9 de Chacmool, Cuadernos de Trabajo Cubano-Mexicano, que se edita en M\u00e9rida, Yucat\u00e1n, y que desde hace a\u00f1os el propio Sergio Vilaboy dirige junto al Doctor Carlos Boj\u00f3rquez, rector de la Universidad de Oriente, quien tomar\u00e1 parte en el acto de presentaci\u00f3n de esta edici\u00f3n de la revista, el mismo d\u00eda 7 de septiembre.<\/p>\n<p style=\"text-align: justify;\">&nbsp;<\/p>\n<p style=\"text-align: justify;\">El prop\u00f3sito principal del evento, explica el investigador, historiador y fil\u00f3sofo cubano, es \u201canalizar el tema de la integraci\u00f3n latinoamericana desde sus antecedentes y or\u00edgenes, hasta los acontecimientos m\u00e1s recientes\u201d.<\/p>\n<p style=\"text-align: justify;\">\u2014 <em>\u00bfQu\u00e9 importancia le adjudica a la Carta de Jamaica a la luz de la situaci\u00f3n latinoamericana, 200 a\u00f1os despu\u00e9s de su promulgaci\u00f3n?<\/em><\/p>\n<p style=\"text-align: justify; padding-left: 30px;\">\u2014La Carta de Jamaica, redactada por Sim\u00f3n Bol\u00edvar en forma de misiva y titulada Contestaci\u00f3n de un americano meridional a un caballero de esta isla \u2014que era el comerciante ingl\u00e9s Henry Cullen\u2014, hace ahora exactamente 200 a\u00f1os, nos da una idea del pensamiento del Libertador en plena madurez intelectual. El texto es un verdadero ensayo pol\u00edtico-social, relativamente extenso, sobre la situaci\u00f3n de la lucha independentista en la Am\u00e9rica Hispana en ese momento hist\u00f3rico concreto, cuando en todas partes se produc\u00eda el avance de las fuerzas colonialistas y los patriotas resist\u00edan en diferentes escenarios. El contexto del documento es un clima continental adverso, que hab\u00eda obligado a Bol\u00edvar a exiliarse en Jamaica, tras dejar Venezuela, donde ya hab\u00eda ca\u00eddo la II Rep\u00fablica (1813-1814) y de renunciar al mando supremo de los ej\u00e9rcitos neogranadinos en mayo de 1815, para evitar los enfrentamientos fratricidas.<\/p>\n<p style=\"text-align: justify; padding-left: 30px;\">En la Carta de Jamaica, el Libertador, dando muestra de su dominio de la historia, la filosof\u00eda y las doctrinas pol\u00edticas de su tiempo, se manifiesta confiado en el triunfo final de la causa emancipadora y de manera razonada explica el sistema pol\u00edtico que deber\u00e1 prevalecer en los nuevos Estados que surgir\u00e1n tras el inevitable fin del imperio colonial espa\u00f1ol, y que en su criterio deber\u00e1n adoptar un car\u00e1cter republicano, no mon\u00e1rquico, ni federalista. Sin duda alguna, se trata de un documento visionario, donde Bol\u00edvar no solo pronostica con bastante exactitud el futuro derrotero de los acontecimientos, sino tambi\u00e9n revela, por primera vez, su sue\u00f1o de conseguir la unidad de Hispanoam\u00e9rica, que indistintamente denomina Colombia, como la llamo Francisco de Miranda o Am\u00e9rica Meridional. Por eso escribe:<\/p>\n<p style=\"text-align: justify; padding-left: 60px;\">\u201cYo deseo ver formar en Am\u00e9rica la m\u00e1s grande naci\u00f3n del mundo\u201d. \u201cEs una idea grandiosa pretender formar de todo el Mundo Nuevo una sola naci\u00f3n con un solo v\u00ednculo que ligue sus partes entre s\u00ed y con el todo. Ya que tiene un origen, una lengua, unas costumbres y una religi\u00f3n, deber\u00eda por consiguiente, tener un solo gobierno que confederase los diferentes Estados que hayan de formarse\u201d.<\/p>\n<p style=\"text-align: justify; padding-left: 30px;\">No obstante, con crudo realismo, advierte sobre las enormes dificultades existentes entonces para la concreci\u00f3n de ese gran ideal, agregando a rengl\u00f3n seguido:<\/p>\n<p style=\"text-align: justify; padding-left: 60px;\">\u201cMas no es posible, porque climas remotos, situaciones diversas, intereses opuestos, caracteres semejantes, dividen a la Am\u00e9rica\u201d.<\/p>\n<p style=\"text-align: justify; padding-left: 30px;\">El sue\u00f1o de Bol\u00edvar mantiene hoy plena vigencia, como tambi\u00e9n su llamado a la unidad de los hispanoamericanos \u2014latinoamericanos y caribe\u00f1os dir\u00edamos hoy\u2014, para conseguir la independencia y la integraci\u00f3n de nuestros pueblos. Por eso, casi al final de la Carta de Jamaica, despu\u00e9s de explicar las dram\u00e1ticas consecuencias que la falta de unidad trajo a los patriotas, sentencia:<\/p>\n<p style=\"text-align: justify; padding-left: 60px;\">\u201cSeguramente la uni\u00f3n es la que nos falta para completar la obra de nuestra generaci\u00f3n\u201d. Y a continuaci\u00f3n, a\u00f1ade: \u201cYo dir\u00e9 a usted lo que puede ponernos en actitud de expulsar a los espa\u00f1oles y de fundar un gobierno libre: es la uni\u00f3n, ciertamente; mas esta uni\u00f3n no nos vendr\u00e1 por prodigios divinos sino por efectos sensibles y esfuerzos bien dirigidos\u201d.<\/p>\n<p style=\"text-align: justify;\"><em>\u2014 Se ha escrito mucho acerca del hallazgo del original de la Carta de Jamaica, que se adjudica al historiador ecuatoriano Am\u00edlcar Varela Jara, en 2014, en el Fondo Jacinto Gij\u00f3n del Archivo Hist\u00f3rico del Banco Central del Ecuador? \u00bfQu\u00e9 puede comentarnos de ese hecho?<\/em><\/p>\n<p style=\"text-align: justify; padding-left: 30px;\">\u2014 La Carta de Jamaica solo era conocida por la versi\u00f3n publicada por primera vez por el historiador y patriota cubano-venezolano Francisco Y\u00e1\u00f1ez en 1833 y que el acucioso investigador venezolano Vicente Lecuna incluyera en las Obras Completas de Sim\u00f3n Bol\u00edvar, editada en La Habana en 1947. Por ello, fue muy importante el descubrimiento del documento original, en 17 folios, en la letra del secretario de Bol\u00edvar en Jamaica, Pedro Brice\u00f1o M\u00e9ndez, que se daba por perdido.<\/p>\n<p style=\"text-align: justify; padding-left: 30px;\">El hallazgo lo realiz\u00f3 el profesor ecuatoriano Am\u00edlcar Varela Jara hace ya casi 20 a\u00f1os, en mayo de 1996, en los fondos del Archivo Hist\u00f3rico del Banco Central del Ecuador. Se comprob\u00f3 su autenticidad, no solo por su coincidencia con el texto ya publicado \u2014salvo diferencias menores y la existencia de un peque\u00f1o p\u00e1rrafo que hab\u00eda sido suprimido de las versiones en espa\u00f1ol conocidas\u2014, sino tambi\u00e9n por distintas pruebas, entre ellas el an\u00e1lisis qu\u00edmico del papel y la grafolog\u00eda del redactor. En la medida que nos fuimos acercando a la conmemoraci\u00f3n de los 200 a\u00f1os de este documento hist\u00f3rico, el hallazgo del investigador ecuatoriano se ha puesto en primer plano, sobre todo cuando el 4 de noviembre de 2014, el presidente Nicol\u00e1s Maduro dio a conocer su existencia a los medios de difusi\u00f3n.<\/p>\n<p style=\"text-align: justify;\"><em>\u2014 \u00bfCu\u00e1nto, considera, ha podido concretarse el legado de Bol\u00edvar?<\/em><\/p>\n<p style=\"text-align: justify; padding-left: 30px;\"><em>\u2014<\/em>El legado integracionista de Bol\u00edvar, que el trat\u00f3 de concretar con la fundaci\u00f3n en 1819 de la gran Colombia \u2014agrup\u00f3 a las actuales rep\u00fablicas de Venezuela, Ecuador, Colombia y Panam\u00e1\u2014 y en el Congreso de Panam\u00e1 en 1826, fue languideciendo tras su muerte en 1830. En las primeras d\u00e9cadas del siglo XIX solo en ocasiones muy puntuales, cuando alg\u00fan pa\u00eds hispanoamericano ve\u00eda amenazada su soberan\u00eda por Estados Unidos o las grandes potencias europeas, se hicieron intentos por revivir el proyecto integracionista de matriz bolivariana. Posteriormente, con el advenimiento del imperialismo norteamericano, ese ideal fue abandonado por los Gobiernos del subcontinente, aunque se mantuvo vivo en personalidades de Nuestra Am\u00e9rica como Jos\u00e9 Mart\u00ed, as\u00ed como en movimientos revolucionarios y determinadas organizaciones sociales e intelectuales. Solo despu\u00e9s del triunfo de la Revoluci\u00f3n Cubana el sue\u00f1o de Bol\u00edvar comenz\u00f3 firmemente a ser recuperado, y alcanza en el siglo XXI un impulso sin precedentes a escala gubernamental, como lo demuestra la aparici\u00f3n de organizaciones exclusivamente latinoamericanas y caribe\u00f1as, de inspiraci\u00f3n bolivariana, como el ALBA y la CELAC, por solo mencionar las dos m\u00e1s significativas. Por eso, el sue\u00f1o de Bol\u00edvar reflejado claramente en su Carta de Jamaica, sigue siendo una fuente de inspiraci\u00f3n para las actuales generaciones que aspiran a la integraci\u00f3n de Nuestra Am\u00e9rica\u201d.<\/p>\n<p style=\"text-align: justify;\"><em>\u2014 En su opini\u00f3n, \u00bfcu\u00e1l es el principal desaf\u00edo que enfrenta hoy la integraci\u00f3n latinoamericana y caribe\u00f1a? <\/em><\/p>\n<p style=\"text-align: justify; padding-left: 30px;\"><em>\u2014<\/em>Creo que los desaf\u00edos que tiene hoy la integraci\u00f3n latinoamericana y caribe\u00f1a no son muy diferentes a los que ya advirti\u00f3 Bol\u00edvar en la Carta de Jamaica hace 200 a\u00f1os. Quiz\u00e1s hoy, m\u00e1s que entonces, el factor externo, o sea las acciones contrarias a la integraci\u00f3n de Am\u00e9rica Latina y el Caribe, promovidas por Estados Unidos y otras grandes potencias capitalistas, constituya uno de los mayores obst\u00e1culos\u201d.<\/p>\n<p><strong>Publicado por ADHILAC Internacional \u00a9 www.adhilac.com.ar<\/strong><\/p>\n<p>Si Ud. desea asociarse de acuerdo a los Estatutos de ADHILAC\u00a0<a title=\"(ver)\" href=\"https:\/\/adhilac.com.ar\/?page_id=263\">(ver)<\/a> complete el siguiente formulario\u00a0<a title=\"(ver)\" href=\"https:\/\/adhilac.com.ar\/?page_id=3194\">(ver)<\/a><\/p>\n<p>E-mail: info@adhilac.com.ar<strong> <\/strong><\/p>\n<p>Twitter: @AdhilacInfo<\/p>\n<p style=\"text-align: justify;\">&nbsp;<\/p>\n","protected":false},"excerpt":{"rendered":"<p>La Habana Del pasado y el presente de Latinoam\u00e9rica y el Caribe habl\u00f3 Por Esto! con el Doctor Sergio Guerra Vilaboy, presidente de la Asociaci\u00f3n de Historiadores Latinoamericanos y del Caribe, a prop\u00f3sito de la inauguraci\u00f3n, en La Habana, de un relevante Coloquio sobre Bol\u00edvar y ese importante documento hist\u00f3rico. Entrevista realizada por\u00a0Marina Men\u00e9ndez &nbsp; [&hellip;]<\/p>\n","protected":false},"author":37,"featured_media":0,"comment_status":"closed","ping_status":"closed","sticky":false,"template":"","format":"standard","meta":{"_crdt_document":"","footnotes":""},"categories":[18,3,351],"tags":[579,46],"class_list":["post-11056","post","type-post","status-publish","format-standard","hentry","category-adhilac-cuba","category-adhilac-inter","category-historiadores","tag-carta-de-jamaica","tag-simon-bolivar"],"_links":{"self":[{"href":"https:\/\/adhilac.com.ar\/index.php?rest_route=\/wp\/v2\/posts\/11056","targetHints":{"allow":["GET"]}}],"collection":[{"href":"https:\/\/adhilac.com.ar\/index.php?rest_route=\/wp\/v2\/posts"}],"about":[{"href":"https:\/\/adhilac.com.ar\/index.php?rest_route=\/wp\/v2\/types\/post"}],"author":[{"embeddable":true,"href":"https:\/\/adhilac.com.ar\/index.php?rest_route=\/wp\/v2\/users\/37"}],"replies":[{"embeddable":true,"href":"https:\/\/adhilac.com.ar\/index.php?rest_route=%2Fwp%2Fv2%2Fcomments&post=11056"}],"version-history":[{"count":3,"href":"https:\/\/adhilac.com.ar\/index.php?rest_route=\/wp\/v2\/posts\/11056\/revisions"}],"predecessor-version":[{"id":11059,"href":"https:\/\/adhilac.com.ar\/index.php?rest_route=\/wp\/v2\/posts\/11056\/revisions\/11059"}],"wp:attachment":[{"href":"https:\/\/adhilac.com.ar\/index.php?rest_route=%2Fwp%2Fv2%2Fmedia&parent=11056"}],"wp:term":[{"taxonomy":"category","embeddable":true,"href":"https:\/\/adhilac.com.ar\/index.php?rest_route=%2Fwp%2Fv2%2Fcategories&post=11056"},{"taxonomy":"post_tag","embeddable":true,"href":"https:\/\/adhilac.com.ar\/index.php?rest_route=%2Fwp%2Fv2%2Ftags&post=11056"}],"curies":[{"name":"wp","href":"https:\/\/api.w.org\/{rel}","templated":true}]}}