{"id":11064,"date":"2015-09-07T05:15:40","date_gmt":"2015-09-07T08:15:40","guid":{"rendered":"https:\/\/adhilac.com.ar\/?p=11064"},"modified":"2015-09-16T06:46:36","modified_gmt":"2015-09-16T09:46:36","slug":"a-200-anos-de-la-carta-de-jamaica","status":"publish","type":"post","link":"https:\/\/adhilac.com.ar\/?p=11064","title":{"rendered":"A 200 a\u00f1os de la Carta de Jamaica"},"content":{"rendered":"<h3 style=\"text-align: justify;\"><span style=\"color: #339966;\">Los desaf\u00edos de la integraci\u00f3n latinoamericana<\/span><\/h3>\n<p style=\"text-align: justify;\"><em>Coloquio Internacional de la Asociaci\u00f3n de Historiadores Latinoamericanos y del Caribe 2015 (ADHILAC) se da cita en La Habana este lunes   6 de septiembre de 2015<\/em><\/p>\n<p style=\"text-align: justify;\">Cerca de 200 historiadores y estudiantes de numerosos pa\u00edses de Am\u00e9rica Latina y el Caribe, as\u00ed como de Estados Unidos y Espa\u00f1a, se dan cita en La Habana desde este lunes para asistir al Coloquio Internacional de la Asociaci\u00f3n de His\u00adtoriadores Latinoamericanos y del Caribe 2015 (ADHILAC), que en esta oportunidad rinde homenaje a los 200 a\u00f1os de la hist\u00f3rica Carta de Jamaica del Libertador Sim\u00f3n Bol\u00edvar.<!--more--><\/p>\n<p style=\"text-align: justify;\">El evento, que concluye el mi\u00e9rcoles, tiene como centro unas 150 ponencias agrupadas en 24 mesas de trabajo bajo el lema La integraci\u00f3n en Am\u00e9rica Latina y el Caribe: alternativas hist\u00f3ricas y proyecci\u00f3n actual, a 200 a\u00f1os de la Carta de Jamaica de Sim\u00f3n Bol\u00edvar.<\/p>\n<p style=\"text-align: justify;\">El doctor Sergio Guerra Vilaboy, presidente de la Asociaci\u00f3n, declar\u00f3 a Granma que \u201cen la Carta de Jamaica, por primera vez Bol\u00edvar, como jefe militar y estadista, plasma en un documento su idea sobre la uni\u00f3n de Nuestra Am\u00e9rica y su visi\u00f3n de futuro del con\u00adti\u00adnente, lo cual confirma que El Libertador era un gran visionario y que su legado debe ser reivindicado por los gobiernos progresistas de nuestra regi\u00f3n\u201d.  Como parte de las actividades del evento, se presentar\u00e1 este lunes en Casa de las Am\u00e9ricas el libro de la editorial Ocean Sur Los desaf\u00edos de la integraci\u00f3n en Am\u00e9rica Latina y el Caribe, del doctor en Ciencias Pol\u00edticas Abel Enrique Gon\u00adz\u00e1lez San\u00adta\u00admar\u00eda.  Su autor ofrece una visi\u00f3n integral de los retos integracionistas, desde su origen y evoluci\u00f3n, hasta el a\u00f1o 2015, cuando se inici\u00f3 una nueva etapa en las relaciones entre las dos Am\u00e9ricas.<\/p>\n<p style=\"text-align: justify;\">Fuente: Redacci\u00f3n Internacional | <a href=\"mailto:internacionales@granma.cu\">internacionales@granma.cu<\/a><\/p>\n<p style=\"text-align: justify;\">&nbsp;<\/p>\n<p style=\"text-align: justify;\"><strong>Publicado por ADHILAC Internacional \u00a9 www.adhilac.com.ar<\/strong><\/p>\n<p style=\"text-align: justify;\">Si Ud. desea asociarse de acuerdo a los Estatutos de ADHILAC\u00a0<a title=\"(ver)\" href=\"https:\/\/adhilac.com.ar\/?page_id=263\">(ver)<\/a> complete el siguiente formulario\u00a0<a title=\"(ver)\" href=\"https:\/\/adhilac.com.ar\/?page_id=3194\">(ver)<\/a><\/p>\n<p style=\"text-align: justify;\">E-mail: info@adhilac.com.ar<strong> <\/strong><\/p>\n<p style=\"text-align: justify;\">Twitter: @AdhilacInfo<\/p>\n","protected":false},"excerpt":{"rendered":"<p>Los desaf\u00edos de la integraci\u00f3n latinoamericana Coloquio Internacional de la Asociaci\u00f3n de Historiadores Latinoamericanos y del Caribe 2015 (ADHILAC) se da cita en La Habana este lunes 6 de septiembre de 2015 Cerca de 200 historiadores y estudiantes de numerosos pa\u00edses de Am\u00e9rica Latina y el Caribe, as\u00ed como de Estados Unidos y Espa\u00f1a, se [&hellip;]<\/p>\n","protected":false},"author":37,"featured_media":0,"comment_status":"closed","ping_status":"closed","sticky":false,"template":"","format":"standard","meta":{"_crdt_document":"","footnotes":""},"categories":[18,3,5,15,40],"tags":[158,611,538],"class_list":["post-11064","post","type-post","status-publish","format-standard","hentry","category-adhilac-cuba","category-adhilac-inter","category-congresos","category-historia","category-informaciones","tag-historia-de-america","tag-independencia-americana","tag-integracion-latinoamericana"],"_links":{"self":[{"href":"https:\/\/adhilac.com.ar\/index.php?rest_route=\/wp\/v2\/posts\/11064","targetHints":{"allow":["GET"]}}],"collection":[{"href":"https:\/\/adhilac.com.ar\/index.php?rest_route=\/wp\/v2\/posts"}],"about":[{"href":"https:\/\/adhilac.com.ar\/index.php?rest_route=\/wp\/v2\/types\/post"}],"author":[{"embeddable":true,"href":"https:\/\/adhilac.com.ar\/index.php?rest_route=\/wp\/v2\/users\/37"}],"replies":[{"embeddable":true,"href":"https:\/\/adhilac.com.ar\/index.php?rest_route=%2Fwp%2Fv2%2Fcomments&post=11064"}],"version-history":[{"count":3,"href":"https:\/\/adhilac.com.ar\/index.php?rest_route=\/wp\/v2\/posts\/11064\/revisions"}],"predecessor-version":[{"id":11081,"href":"https:\/\/adhilac.com.ar\/index.php?rest_route=\/wp\/v2\/posts\/11064\/revisions\/11081"}],"wp:attachment":[{"href":"https:\/\/adhilac.com.ar\/index.php?rest_route=%2Fwp%2Fv2%2Fmedia&parent=11064"}],"wp:term":[{"taxonomy":"category","embeddable":true,"href":"https:\/\/adhilac.com.ar\/index.php?rest_route=%2Fwp%2Fv2%2Fcategories&post=11064"},{"taxonomy":"post_tag","embeddable":true,"href":"https:\/\/adhilac.com.ar\/index.php?rest_route=%2Fwp%2Fv2%2Ftags&post=11064"}],"curies":[{"name":"wp","href":"https:\/\/api.w.org\/{rel}","templated":true}]}}