{"id":11070,"date":"2015-09-12T09:36:00","date_gmt":"2015-09-12T12:36:00","guid":{"rendered":"https:\/\/adhilac.com.ar\/?p=11070"},"modified":"2015-09-13T11:09:35","modified_gmt":"2015-09-13T14:09:35","slug":"repercusiones-del-coloquio-internacional-de-adhilac-en-la-habana-septiembre-de-2015","status":"publish","type":"post","link":"https:\/\/adhilac.com.ar\/?p=11070","title":{"rendered":"Repercusiones del Coloquio Internacional de ADHILAC en La Habana. Septiembre de 2015"},"content":{"rendered":"<p style=\"text-align: justify;\">Investigadores\u00a0 venezolanos que participaron en el Coloquio  Internacional de la Asociaci\u00f3n de Historiadores Latinoamericanos y del  Caribe (Adhilac) en La Habana, visitaron la sede de la Embajada de la  Rep\u00fablica Bolivariana de Venezuela en Cuba, donde fueron recibidos por  un grupo de funcionarios diplom\u00e1ticos, encabezados por la Ministra  Consejera Vivian Alvarado Linarez. <!--more--><\/p>\n<p>El director del Instituto Estudios Hispanoamericanos de la Universidad  Central de Venezuela, Lionel Mu\u00f1oz, quien presidi\u00f3 el grupo, expres\u00f3 su  satisfacci\u00f3n por la participaci\u00f3n de la delegaci\u00f3n venezolana en el  evento, el m\u00e1s grande a nivel continental que se realiz\u00f3 para celebrar\u00a0  el bicentenario de la Carta de Jamaica, escrita por El Libertador Sim\u00f3n  Bol\u00edvar,\u00a0 el 6 de septiembre de 1825.<\/p>\n<p>11-09-2015-02 visita de historiadores a la embajada Lionel Mu\u00f1ozMu\u00f1oz  se\u00f1al\u00f3 que el impacto del Coloquio,\u00a0 fue muy importante en Cuba y en  otros pa\u00edses, y cit\u00f3 el caso de Rep\u00fablica Dominicana donde se organizar\u00e1  un evento similar al que se desarroll\u00f3 durante los tres primeros d\u00edas de  esta semana en La Habana.<\/p>\n<p>Por su parte, la Ministra Consejera, Vivian Alvarado\u00a0 Linarez, dio la  bienvenida a Mu\u00f1oz y a los investigadores Fabricio Vivas, Mike Aguiar  Fag\u00fandez y Diana P\u00e9rez, y subray\u00f3 la importancia de que Venezuela haya  estado presente en el Coloquio sobre la Carta de Jamaica, cuyo contenido  est\u00e1 m\u00e1s\u00a0 vigente que nunca en\u00a0 estos tiempos de cambios de Am\u00e9rica  Latina y El Caribe.<\/p>\n<p>11-09-2015-03 visita de historiadores a la embajadaLos visitantes  resaltaron adem\u00e1s, la organizaci\u00f3n y alta calidad de los contenidos y  reflexiones del encuentro que\u00a0 cont\u00f3 con la participaci\u00f3n de 130  ponentes, procedentes de Cuba, Venezuela, M\u00e9xico, Ecuador, Chile,  Guatemala, Guyana, Per\u00fa, Brasil, Colombia, Argentina y Bolivia, los  pa\u00edses m\u00e1s representados, adem\u00e1s de expositores invitados de Espa\u00f1a,  Estados Unidos e Italia.<\/p>\n<p>El Coloquio Internacional convocado por la Asociaci\u00f3n de Historiadores  Latinoamericanos y del Caribe (Adhilac), tuvo como tema central \u201cLa  integraci\u00f3n en Am\u00e9rica Latina y el Caribe: alternativas hist\u00f3ricas y  proyecci\u00f3n actual, a 200 a\u00f1os de la Carta de Jamaica de Sim\u00f3n Bol\u00edvar\u201d.<\/p>\n<p><strong>Publicado por ADHILAC Internacional \u00a9 www.adhilac.com.ar<\/strong><\/p>\n<p>Si Ud. desea asociarse de acuerdo a los Estatutos de ADHILAC\u00a0<a title=\"(ver)\" href=\"https:\/\/adhilac.com.ar\/?page_id=263\">(ver)<\/a> complete el siguiente formulario\u00a0<a title=\"(ver)\" href=\"https:\/\/adhilac.com.ar\/?page_id=3194\">(ver)<\/a><\/p>\n<p>E-mail: info@adhilac.com.ar<strong> <\/strong><\/p>\n<p>Twitter: @AdhilacInfo<\/p>\n<p style=\"text-align: justify;\">&nbsp;<\/p>\n","protected":false},"excerpt":{"rendered":"<p>Investigadores\u00a0 venezolanos que participaron en el Coloquio Internacional de la Asociaci\u00f3n de Historiadores Latinoamericanos y del Caribe (Adhilac) en La Habana, visitaron la sede de la Embajada de la Rep\u00fablica Bolivariana de Venezuela en Cuba, donde fueron recibidos por un grupo de funcionarios diplom\u00e1ticos, encabezados por la Ministra Consejera Vivian Alvarado Linarez.<\/p>\n","protected":false},"author":2,"featured_media":0,"comment_status":"closed","ping_status":"closed","sticky":false,"template":"","format":"standard","meta":{"_crdt_document":"","footnotes":""},"categories":[18,3],"tags":[579],"class_list":["post-11070","post","type-post","status-publish","format-standard","hentry","category-adhilac-cuba","category-adhilac-inter","tag-carta-de-jamaica"],"_links":{"self":[{"href":"https:\/\/adhilac.com.ar\/index.php?rest_route=\/wp\/v2\/posts\/11070","targetHints":{"allow":["GET"]}}],"collection":[{"href":"https:\/\/adhilac.com.ar\/index.php?rest_route=\/wp\/v2\/posts"}],"about":[{"href":"https:\/\/adhilac.com.ar\/index.php?rest_route=\/wp\/v2\/types\/post"}],"author":[{"embeddable":true,"href":"https:\/\/adhilac.com.ar\/index.php?rest_route=\/wp\/v2\/users\/2"}],"replies":[{"embeddable":true,"href":"https:\/\/adhilac.com.ar\/index.php?rest_route=%2Fwp%2Fv2%2Fcomments&post=11070"}],"version-history":[{"count":1,"href":"https:\/\/adhilac.com.ar\/index.php?rest_route=\/wp\/v2\/posts\/11070\/revisions"}],"predecessor-version":[{"id":11071,"href":"https:\/\/adhilac.com.ar\/index.php?rest_route=\/wp\/v2\/posts\/11070\/revisions\/11071"}],"wp:attachment":[{"href":"https:\/\/adhilac.com.ar\/index.php?rest_route=%2Fwp%2Fv2%2Fmedia&parent=11070"}],"wp:term":[{"taxonomy":"category","embeddable":true,"href":"https:\/\/adhilac.com.ar\/index.php?rest_route=%2Fwp%2Fv2%2Fcategories&post=11070"},{"taxonomy":"post_tag","embeddable":true,"href":"https:\/\/adhilac.com.ar\/index.php?rest_route=%2Fwp%2Fv2%2Ftags&post=11070"}],"curies":[{"name":"wp","href":"https:\/\/api.w.org\/{rel}","templated":true}]}}