{"id":11078,"date":"2015-09-15T06:41:58","date_gmt":"2015-09-15T09:41:58","guid":{"rendered":"https:\/\/adhilac.com.ar\/?p=11078"},"modified":"2015-09-16T06:46:03","modified_gmt":"2015-09-16T09:46:03","slug":"integracion-latinoamericana-juan-j-paz-y-mino","status":"publish","type":"post","link":"https:\/\/adhilac.com.ar\/?p=11078","title":{"rendered":"Integraci\u00f3n latinoamericana. Juan J. Paz y Mi\u00f1o"},"content":{"rendered":"<h3 style=\"text-align: justify;\"><span style=\"color: #339966;\">Acerca del Coloquio Internacional de La Habana<\/span><\/h3>\n<p style=\"text-align: justify;\">La semana pasada (6-8\/09\/2015) se realiz\u00f3 en La Habana (Cuba) el Coloquio Internacional de la Asociaci\u00f3n de Historiadores Latinoamericanos y del Caribe (ADHILAC), con el tema: \u2018La integraci\u00f3n en Am\u00e9rica Latina y el Caribe: alternativas hist\u00f3ricas y proyecci\u00f3n actual, a 200 a\u00f1os de la Carta de Jamaica de Sim\u00f3n Bol\u00edvar\u2019.<!--more--><\/p>\n<p style=\"text-align: justify;\">En mi ponencia expuse que con la fundaci\u00f3n de las rep\u00fablicas brotaron los primeros intentos por constituir grandes conglomerados (Rep\u00fablica de Colombia, Confederaci\u00f3n Peruano-Boliviana, Provincias Unidas de Centroam\u00e9rica), frustrados por acci\u00f3n de las oligarqu\u00edas regionales. Al comenzar el siglo XX la iniciativa integracionista la tom\u00f3 EE.UU., con la Uni\u00f3n Panamericana, que deriv\u00f3 en la creaci\u00f3n de la OEA. El modelo desarrollista en las d\u00e9cadas de los 60 y 70 avanz\u00f3 en integraciones pensadas desde la \u00f3ptica empresarial y de mercados (ALALC, Pacto Andino); pero que retrocedieron en los 80 y 90 ante el avance de los criterios neoliberales, que cuestionaron toda programaci\u00f3n e intervenci\u00f3n estatales.<\/p>\n<p style=\"text-align: justify;\">La integraci\u00f3n bajo iniciativa latinoamericana se produce con el inicio del nuevo milenio, cuando se constituyen entidades como Unasur, Mercosur, Alba y Celac, que han cambiado el panorama integracionista, pues se apart\u00f3 de este a los EE.UU. y Canad\u00e1. Cambiaron tambi\u00e9n valores, principios y conceptos, pues bajo las orientaciones de los gobiernos de nueva izquierda, Am\u00e9rica Latina se potencia como una regi\u00f3n geoestrat\u00e9gica que debe afirmar su presencia e iniciativas, pues igualmente se proyectan nuevos bloques mundiales como el Acuerdo Transpac\u00edfico, la Asociaci\u00f3n Transatl\u00e1ntica, la RCEP o los BRICS.<\/p>\n<p style=\"text-align: justify;\">El sue\u00f1o unionista de Sim\u00f3n Bol\u00edvar encuentra hoy mejores oportunidades de realizaci\u00f3n, pero tiene l\u00edmites no solo porque en Am\u00e9rica Latina hay gobiernos con distintas orientaciones, sino porque es imposible dejar de considerar las condicionalidades que impone el mundo globalizado y transnacional.<\/p>\n<p style=\"text-align: justify;\">Pero la visita a Cuba tambi\u00e9n ha sido una nueva oportunidad para constatar los avances econ\u00f3micos y sociales en la isla, que en Ecuador (y en Am\u00e9rica Latina) generalmente no se conocen, porque predomina la ignorancia a veces casi total sobre su sistema, as\u00ed como la propaganda anticubana, que es capaz de inventar cualquier cosa fantasiosa.<\/p>\n<p style=\"text-align: justify;\">Desde 1959, cuando triunf\u00f3 su revoluci\u00f3n, Cuba ha atravesado distintos momentos, y durante el per\u00edodo especial (1992-1996) pas\u00f3 por limitaciones de todo orden. Progresivamente fue superando esa situaci\u00f3n con una serie de reformas que tambi\u00e9n fomentaron el emprendimiento privado. Hoy he visto una Cuba con progreso, sin la escasez de anta\u00f1o, con mejoras sustanciales en la calidad de vida y donde se disfruta un ambiente m\u00e1s din\u00e1mico. En La Habana, una ciudad segura, como no lo son otras capitales latinoamericanas, se ejecutan obras de reconstrucci\u00f3n admirables. Los sistemas de salud, seguridad social y educaci\u00f3n, que son p\u00fablicos, gratuitos y universales, se destacan como los grandes logros de la Revoluci\u00f3n y resultan ejemplares e inspiradores para la propia Am\u00e9rica Latina.<\/p>\n<p style=\"text-align: justify;\">Fuente: www. telegrafo.com.ec \u00a0<em>El Tel\u00e9grafo<\/em>. 14 de septiembre de 2015. Ecuador.<\/p>\n<p style=\"text-align: justify;\"><strong>Publicado por ADHILAC Internacional \u00a9 www.adhilac.com.ar<\/strong><\/p>\n<p style=\"text-align: justify;\">Si Ud. desea asociarse de acuerdo a los Estatutos de ADHILAC\u00a0<a title=\"(ver)\" href=\"https:\/\/adhilac.com.ar\/?page_id=263\">(ver)<\/a> complete el siguiente formulario\u00a0<a title=\"(ver)\" href=\"https:\/\/adhilac.com.ar\/?page_id=3194\">(ver)<\/a><\/p>\n<p style=\"text-align: justify;\">E-mail: info@adhilac.com.ar<strong> <\/strong><\/p>\n<p style=\"text-align: justify;\">Twitter: @AdhilacInfo<\/p>\n<p style=\"text-align: justify;\"><span style=\"color: #339966;\"><br \/>\n<\/span><\/p>\n","protected":false},"excerpt":{"rendered":"<p>Acerca del Coloquio Internacional de La Habana La semana pasada (6-8\/09\/2015) se realiz\u00f3 en La Habana (Cuba) el Coloquio Internacional de la Asociaci\u00f3n de Historiadores Latinoamericanos y del Caribe (ADHILAC), con el tema: \u2018La integraci\u00f3n en Am\u00e9rica Latina y el Caribe: alternativas hist\u00f3ricas y proyecci\u00f3n actual, a 200 a\u00f1os de la Carta de Jamaica de [&hellip;]<\/p>\n","protected":false},"author":18,"featured_media":0,"comment_status":"closed","ping_status":"closed","sticky":false,"template":"","format":"standard","meta":{"_crdt_document":"","footnotes":""},"categories":[32,3],"tags":[538],"class_list":["post-11078","post","type-post","status-publish","format-standard","hentry","category-adhilac-ecuador","category-adhilac-inter","tag-integracion-latinoamericana"],"_links":{"self":[{"href":"https:\/\/adhilac.com.ar\/index.php?rest_route=\/wp\/v2\/posts\/11078","targetHints":{"allow":["GET"]}}],"collection":[{"href":"https:\/\/adhilac.com.ar\/index.php?rest_route=\/wp\/v2\/posts"}],"about":[{"href":"https:\/\/adhilac.com.ar\/index.php?rest_route=\/wp\/v2\/types\/post"}],"author":[{"embeddable":true,"href":"https:\/\/adhilac.com.ar\/index.php?rest_route=\/wp\/v2\/users\/18"}],"replies":[{"embeddable":true,"href":"https:\/\/adhilac.com.ar\/index.php?rest_route=%2Fwp%2Fv2%2Fcomments&post=11078"}],"version-history":[{"count":1,"href":"https:\/\/adhilac.com.ar\/index.php?rest_route=\/wp\/v2\/posts\/11078\/revisions"}],"predecessor-version":[{"id":11079,"href":"https:\/\/adhilac.com.ar\/index.php?rest_route=\/wp\/v2\/posts\/11078\/revisions\/11079"}],"wp:attachment":[{"href":"https:\/\/adhilac.com.ar\/index.php?rest_route=%2Fwp%2Fv2%2Fmedia&parent=11078"}],"wp:term":[{"taxonomy":"category","embeddable":true,"href":"https:\/\/adhilac.com.ar\/index.php?rest_route=%2Fwp%2Fv2%2Fcategories&post=11078"},{"taxonomy":"post_tag","embeddable":true,"href":"https:\/\/adhilac.com.ar\/index.php?rest_route=%2Fwp%2Fv2%2Ftags&post=11078"}],"curies":[{"name":"wp","href":"https:\/\/api.w.org\/{rel}","templated":true}]}}