{"id":1110,"date":"2010-03-17T09:37:42","date_gmt":"2010-03-17T12:37:42","guid":{"rendered":"https:\/\/adhilac.com.ar\/?p=1110"},"modified":"2012-07-29T16:02:19","modified_gmt":"2012-07-29T19:02:19","slug":"xiv-congreso-de-la-aea-las-cortes-de-cadiz-la-constitucion-de-1812-y-las-independencias-nacionales-en-america-y-el-mediterraneo-universidad-politecnica-de-valencia","status":"publish","type":"post","link":"https:\/\/adhilac.com.ar\/?p=1110","title":{"rendered":"XIV Congreso de la AEA. Las Cortes de C\u00e1diz, la Constituci\u00f3n de 1812 y las independencias nacionales en Am\u00e9rica y el Mediterr\u00e1neo. Universidad Polit\u00e9cnica de Valencia"},"content":{"rendered":"<h3 style=\"text-align: justify;\"><span style=\"color: #339966;\"><strong>Entre el 8 y el 10 de septiembre de 2010 <\/strong><\/span><\/h3>\n<p style=\"text-align: justify;\">se realizar\u00e1 el XIV Congreso de la Asociaci\u00f3n Espa\u00f1ola de Americanistas (AEA) en la Universidad Polit\u00e9cnica de Valencia.<\/p>\n<p style=\"text-align: justify;\">Encontr\u00e1ndose ya muy pr\u00f3ximo el Bicentenario del inicio de las Cortes de C\u00e1diz \u2013Septiembre de 1810- as\u00ed como de la Constituci\u00f3n Espa\u00f1ola de 1812, parece muy adecuado analizar la importancia constitucional que tuvieron las Cortes de C\u00e1diz, su obra legislativa y en especial el texto de esta Constituci\u00f3n espa\u00f1ola, que inicia el proceso constitucional en nuestro pa\u00eds, en su perspectiva liberal.<\/p>\n<p style=\"text-align: justify;\">Las Cortes realizaron, antes de entrar en la elaboraci\u00f3n del texto constitucional, una importante tarea legislativa y pol\u00edtica. Pensemos, sin m\u00e1s, en la abolici\u00f3n de la Inquisici\u00f3n o en el decreto de libertad de imprenta.<!--more--><\/p>\n<p style=\"text-align: justify;\">Pretendemos reflexionar sobre la influencia que este texto constitucional tiene en la historia pol\u00edtica espa\u00f1ola hasta la huella que deja en la actual Constituci\u00f3n de 1978 y tambi\u00e9n la profunda influencia que tiene en los pa\u00edses Iberoamericanos y en varios pa\u00edses mediterr\u00e1neos, de forma particular en Italia.<\/p>\n<p style=\"text-align: justify;\">Conviene destacar la presencia en aquellas Cortes de diputados de los distintos reinos de la Pen\u00ednsula y de los territorios de la Am\u00e9rica espa\u00f1ola. Tambi\u00e9n es significativo que fuera la Universidad de Valencia la primera de las Universidades espa\u00f1olas en donde se acordara la ense\u00f1anza de la Constituci\u00f3n C\u00e1diz de 1812.<\/p>\n<p style=\"text-align: justify;\">En esta misma coyuntura hist\u00f3rica comienzan los procesos de independencia y nacimiento de las nuevas rep\u00fablicas en los territorios pertenecientes a la Corona espa\u00f1ola en Am\u00e9rica.<\/p>\n<p style=\"text-align: justify;\">Tambi\u00e9n en el Mediterr\u00e1neo emergen los movimientos nacionalistas y republicanos con la pretensi\u00f3n de constituir nuevos estados nacionales y las ideas liberales de la Constituci\u00f3n espa\u00f1ola ejercen influencia en estos procesos emancipadores.<\/p>\n<p style=\"text-align: justify;\">Este Congreso Internacional se realiza con la colaboraci\u00f3n de la Asociaci\u00f3n Espa\u00f1ola de Americanistas (AEA) y constituir\u00e1 el n\u00famero XIV de los suyos, y tambi\u00e9n de la Asociaci\u00f3n de Historiadores Latinoamericanos y del Caribe (ADHILAC),\u00a0 abordando las siguientes cuestiones:<br \/>\n<strong><br \/>\nPROGRAMA<\/strong><br \/>\n1.- Ilustraci\u00f3n y liberalismo a fines del siglo XVIII en las Indias.<br \/>\n2.- La Am\u00e9rica hispana: sociedad y conflictos sociales hacia 1800.<br \/>\n3.- Independencia y revoluci\u00f3n en Hispanoam\u00e9rica (1808-1825).<br \/>\n4.- Los primeros ensayos constitucionales en la Am\u00e9rica espa\u00f1ola.<br \/>\n5. Los diputados americanos en las Cortes de C\u00e1diz.<br \/>\n6.- El concepto de naci\u00f3n espa\u00f1ola y de espa\u00f1oles en ambos hemisferios.<br \/>\n7.- Los territorios de las Espa\u00f1as: su religi\u00f3n, gobierno y la idea de ciudadan\u00eda espa\u00f1ola.<br \/>\n8.- El Poder Legislativo y las Cortes: las elecciones.<br \/>\n9.- La Corona y el Poder Ejecutivo.<br \/>\n10.- La Administraci\u00f3n de Justicia<br \/>\n11.- Estructura territorial: ayuntamientos y diputaciones.<br \/>\n12.-Econom\u00eda, finanzas y contribuciones en Espa\u00f1a y en las colonias americanas.<br \/>\n13.- De la Fuerza Militar Nacional y de la Milicia Nacional.<br \/>\n14.- Las fuerzas militares en la independencia de Iberoam\u00e9rica<br \/>\n15.- La Educaci\u00f3n y la instrucci\u00f3n p\u00fablica en Espa\u00f1a y en los dominios americanos.<br \/>\n16.- Protecci\u00f3n de la Constituci\u00f3n y reformas en la misma.<br \/>\n17.- El impacto de la Constituci\u00f3n de 1812 y la legislaci\u00f3n de las Cortes de C\u00e1diz en el Mediterr\u00e1neo.<br \/>\n18.- El impacto de la Constituci\u00f3n de 1812 y la legislaci\u00f3n de las Cortes de C\u00e1diz en los territorios de Am\u00e9rica.<br \/>\n19.- Los procesos de creaci\u00f3n de las nuevas rep\u00fablicas independientes en la Am\u00e9rica espa\u00f1ola.<br \/>\n20.- Las identidades nacionales y los procesos de independencia en el Mediterr\u00e1neo.<br \/>\n21.- El Reino de Valencia y el Nuevo Mundo.<br \/>\n22.- Valencianos en Am\u00e9rica y en el Mediterr\u00e1neo.<br \/>\n23.-\u00a0 Mesa de miscel\u00e1nea: sobre migraciones y temas variados.<\/p>\n<p style=\"text-align: justify;\">De acuerdo con el n\u00famero de ponencias presentadas podr\u00e1n refundirse estos temas en mesas de trabajo que traten al menos media docena de comunicaciones.<\/p>\n<p style=\"text-align: justify;\">La Lecci\u00f3n inaugural la pronunciar\u00e1 el profesor Dr. Antonio Bar Cend\u00f3n, catedr\u00e1tico de Derecho Constitucional de la Universidad de Valencia, sobre \u201cLa Constituci\u00f3n de 1812 y su huella en el actual constitucionalismo espa\u00f1ol y Latinoamericano\u201d.<\/p>\n<p style=\"text-align: justify;\"><strong>COMIT\u00c9 CIENT\u00cdFICO<\/strong><br \/>\nProf. Dr. Antonio Guti\u00e9rrez Escudero, Presidente de la Asociaci\u00f3n Espa\u00f1ola de Americanistas.<br \/>\nProf. Dr. Antonio Bar Cend\u00f3n, catedr\u00e1tico de Derecho Constitucional de la Universidad de Valencia.<br \/>\nProf. Dr. Jos\u00e9 Barrag\u00e1n Barrag\u00e1n, investigador del Instituto de Investigaciones Jur\u00eddicas, Universidad Nacional Aut\u00f3noma de M\u00e9xico, UNAM.<br \/>\nProf. Dr. Manuel Chust Calero, catedr\u00e1tico de Historia Contempor\u00e1nea de la Universidad Jaume I de Castell\u00f3n.<br \/>\nProf. Dra. Remedios Ferrero Mic\u00f3, catedr\u00e1tica de Historia del Derecho de la Universidad de Valencia.<br \/>\nProf. Dr. Sergio Guerra Vilaboy, Secretario Ejecutivo de la Asociaci\u00f3n de Historiadores Latinoamericanos y del Caribe (ADHILAC).<br \/>\nProf. Dr. Miguel Mart\u00ednez Molina, Director Departamento de Historia Moderna y de Am\u00e9rica, Universidad de Granada<br \/>\nProf. Dra. Concepci\u00f3n Navarro Azcue, catedr\u00e1tica de Historia de Am\u00e9rica de la Universidad Complutense de Madrid.<br \/>\nProf. Dr. Luis Navarro Garc\u00eda, Catedr\u00e1tico Em\u00e9rito de Historia de Am\u00e9rica de la Universidad de Sevilla.<br \/>\nProf. Dr. Andrea Romano, Director del Instituto de Derecho Comparado de la Universidad de Messina, Italia.<br \/>\nProf. Dr. Juli\u00e1n B. Ruiz Rivera, catedr\u00e1tico de Historia de Am\u00e9rica de la Universidad de Sevilla.<br \/>\nProf. Dra. Julia Sevilla Merino, profesora titular de Derecho Constitucional de la Universidad de Valencia y Letrada de las Cortes Valencianas.<br \/>\nProf. Dra. Margarita Soler S\u00e1nchez, Directora del Departamento de Derecho Constitucional de la Universidad de Valencia.<\/p>\n<p style=\"text-align: justify;\"><strong>COMIT\u00c9 ORGANIZADOR<\/strong><br \/>\nProf. Dr. Antonio Colomer Viadel, Director del \u00c1rea de Derecho Constitucional de la Universidad Polit\u00e9cnica de Valencia y Director del Instituto de Iberoam\u00e9rica y del Mediterr\u00e1neo.<br \/>\nProf. Dr. Manuel Mart\u00ednez Sospedra, Catedr\u00e1tico de Derecho Constitucional de la Universidad Cardenal Herrera-CEU, Valencia.<br \/>\nProf. Dr. Vicente Cabedo Mallol, profesor de Derecho Constitucional de la Universidad Polit\u00e9cnica de Valencia.<br \/>\nProf. Dr. Jos\u00e9 Carlos de Bartolom\u00e9 Cenzano, profesor de Derecho Constitucional de la Universidad Polit\u00e9cnica de Valencia.<br \/>\nProf. Don Juan Francisco Mej\u00edas G\u00f3mez, Magistrado y profesor asociado del \u00c1rea de Derecho Constitucional de la Universidad Polit\u00e9cnica de Valencia.<\/p>\n<p style=\"text-align: justify;\"><strong>COLABORAN<\/strong><br \/>\nAsociaci\u00f3n Espa\u00f1ola de Americanistas (AEA)<br \/>\nAsociaci\u00f3n de Historiadores Latinoamericanos y del Caribe (ADHILAC)<br \/>\nFacultad de Administraci\u00f3n y Direcci\u00f3n de Empresas de la UPV<\/p>\n<p style=\"text-align: justify;\"><strong>COMUNICACIONES<\/strong><\/p>\n<p style=\"text-align: justify;\">Las comunicaciones, que tratar\u00e1n necesariamente sobre las l\u00edneas tem\u00e1ticas establecidas, ser\u00e1n seleccionadas por los Comit\u00e9s Cient\u00edfico y Organizador.<br \/>\n<strong>Las propuestas de comunicaciones<\/strong> constar\u00e1n de un primer folio donde figure el nombre del autor, el t\u00edtulo del trabajo y un breve resumen del mismo, y al que se acompa\u00f1ar\u00e1 otra hoja en la que conste de nuevo el t\u00edtulo, nombre del autor o autores, direcci\u00f3n, tel\u00e9fono, poblaci\u00f3n y correo electr\u00f3nico, as\u00ed como su situaci\u00f3n acad\u00e9mica o profesional y nombre de la instituci\u00f3n a la que pertenece.<\/p>\n<p style=\"text-align: justify;\">El plazo para enviar las propuestas, que se podr\u00e1n hacer por correo electr\u00f3nico, <strong>finaliza\u00a0el \u00a030 de junio de 2010. <\/strong>La Comisi\u00f3n Cient\u00edfica- Organizadora del Congreso seleccionar\u00e1 las comunicaciones que considere de mayor calidad y que mejor se ajusten a las l\u00edneas tem\u00e1ticas de la Convocatoria.<\/p>\n<p style=\"text-align: justify;\">Una vez aceptada la comunicaci\u00f3n, el formato para su publicaci\u00f3n deber\u00e1 ajustarse a las siguientes especificaciones:<\/p>\n<p style=\"text-align: justify;\">&#8211; Cada comunicaci\u00f3n ir\u00e1 precedida de una p\u00e1gina en la que se detallar\u00e1n nombre y apellidos del autor, universidad o centro de investigaci\u00f3n de procedencia, direcci\u00f3n postal y correo electr\u00f3nico.<\/p>\n<p style=\"text-align: justify;\">&#8211; Se a\u00f1adir\u00e1 un <strong>resumen<\/strong> del contenido del trabajo en <strong>espa\u00f1ol e ingl\u00e9s<\/strong>, con una extensi\u00f3n m\u00e1xima de <strong>100 palabras<\/strong>, y <strong>cinco palabras claves en ambos idiomas<\/strong>.<\/p>\n<p style=\"text-align: justify;\">&#8211; El m\u00e1ximo de folios por ponencias para su publicaci\u00f3n ser\u00e1 <strong>de 20 <\/strong>con un interlineado de 1,5.<\/p>\n<p style=\"text-align: justify;\">&#8211; Para el texto se utilizar\u00e1 el tipo de letra <strong>Arial 12<\/strong> y todas aquellas palabras que deseen destacarse (citas textuales, palabras en idioma extranjero) ir\u00e1n en cursiva. Para las notas se utilizar\u00e1 el tipo de letra <strong>Arial 10.<\/strong><\/p>\n<p style=\"text-align: justify;\"><strong>&#8211; <\/strong>El n\u00famero de im\u00e1genes que se incluyan quedar\u00e1 a criterio del Consejo de Redacci\u00f3n.<\/p>\n<p style=\"text-align: justify;\">&#8211; Las propuestas de las comunicaciones deber\u00e1n enviarse a las siguientes direcciones electr\u00f3nicas <a href=\"mailto:cortesdecadiz@upvnet.upv.es\">cortesdecadiz@upvnet.upv.es<\/a> y\/o <a href=\"mailto:inauco@upvnet.upv.es\">inauco@upvnet.upv.es<\/a><\/p>\n<p style=\"text-align: justify;\">Se informa que toda la correspondencia entre la organizaci\u00f3n del Congreso y los comunicantes se har\u00e1 mediante correo electr\u00f3nico.<\/p>\n<p style=\"text-align: justify;\"><strong>INFORMACION ACADEMICA Y ORGANIZACI\u00d3N <\/strong><br \/>\n\u00c1rea de Derecho Constitucional de la Universidad Polit\u00e9cnica de Valencia, Facultad de Administraci\u00f3n y Direcci\u00f3n de Empresas, Camino de Vera s\/n, 46022, Valencia (Espa\u00f1a). <a title=\"ancovia@urb.upv.es \" href=\"gomailto:ancovia@urb.upv.es \">ancovia@urb.upv.es <\/a><br \/>\nTel\u00e9fono 963877007 extensi\u00f3n\u00a0 72815 \u2013 Fax: 963879280<br \/>\nInstituto de Iberoam\u00e9rica y el Mediterr\u00e1neo (IBEM). Sobre esta y otras convocatoria v\u00e9ase:<\/p>\n<p style=\"text-align: justify;\"><a title=\"www.upv.es\/inauco\" href=\"http:\/\/www.upv.es\/inauco\">www.upv.es\/inauco<\/a><br \/>\n<a title=\"inauco@upvnet.upv.es\" href=\"gomailto:inauco@upvnet.upv.es\">inauco@upvnet.upv.es<\/a><br \/>\nTel\u00e9fonos: 963.879.095<br \/>\n<strong><br \/>\nINSCRIPCI\u00d3N Y MATR\u00cdCULA<\/strong><br \/>\nCentro de Formaci\u00f3n Permanente<br \/>\nUniversidad Polit\u00e9cnica de Valencia<br \/>\nCamino de Vera, s\/n<br \/>\n46022 Valencia<br \/>\nTel. +34 96 387 79 07<br \/>\nFax. +34 96 387 77 59<br \/>\n<a title=\"cfp@cfp.upv.es\" href=\"gomailto:cfp@cfp.upv.es\">cfp@cfp.upv.es<\/a><br \/>\n<a title=\"www.cfp.upv.es\" href=\"http:\/\/www.cfp.upv.es\">www.cfp.upv.es<\/a><\/p>\n<p style=\"text-align: justify;\"><strong>ALOJAMIENTO<\/strong><br \/>\nOficina de Viajes UPV: BCD Travel<br \/>\nCamino de Vera s\/n, zona \u00c1gora<br \/>\n46022. Valencia<br \/>\n963933402 &#8211; 963628369<br \/>\n<a title=\"upv@bcdtravel.es\" href=\"gomailto:upv@bcdtravel.es\">upv@bcdtravel.es<\/a><\/p>\n<p style=\"text-align: justify;\"><strong>Categor\u00edas de Participaci\u00f3n y Cuotas de Inscripci\u00f3n<\/strong><\/p>\n<p style=\"text-align: justify;\">Apellidos:\u2026\u2026\u2026\u2026\u2026\u2026\u2026\u2026\u2026\u2026\u2026\u2026\u2026\u2026\u2026\u2026\u2026\u2026Nombre:\u2026\u2026\u2026&#8230;&#8230;&#8230;..<br \/>\nDNI:\u2026\u2026\u2026\u2026\u2026\u2026\u2026\u2026\u2026\u2026\u2026\u2026\u2026\u2026\u2026\u2026\u2026\u2026\u2026\u2026<br \/>\nDirecci\u00f3n:\u2026\u2026\u2026\u2026\u2026\u2026\u2026\u2026\u2026\u2026\u2026\u2026\u2026\u2026.\u2026\u2026\u2026\u2026\u2026\u2026\u2026&#8230;&#8230;&#8230;&#8230;&#8230;&#8230;&#8230;&#8230;<br \/>\nC\u00f3digo Postal:\u2026\u2026\u2026\u2026\u2026\u2026\u2026..\u2026\u2026\u2026\u2026<br \/>\nCiudad:\u2026\u2026\u2026\u2026\u2026\u2026\u2026\u2026\u2026\u2026\u2026\u2026\u2026\u2026.Provincia:\u2026\u2026\u2026..\u2026\u2026\u2026\u2026\u2026\u2026<br \/>\nTel\u00e9fono:\u2026\u2026\u2026\u2026\u2026\u2026\u2026\u2026\u2026\u2026\u2026\u2026\u2026&#8230;<br \/>\nCorreo electr\u00f3nico:\u2026\u2026\u2026\u2026\u2026\u2026\u2026\u2026\u2026\u2026\u2026\u2026&#8230;&#8230;&#8230;&#8230;&#8230;&#8230;&#8230;&#8230;&#8230;&#8230;&#8230;&#8230;&#8230;&#8230;&#8230;..<br \/>\nSituaci\u00f3n Profesional:\u2026\u2026\u2026\u2026\u2026\u2026\u2026\u2026&#8230;&#8230;&#8230;&#8230;&#8230;&#8230;&#8230;&#8230;&#8230;&#8230;&#8230;&#8230;&#8230;&#8230;&#8230;&#8230;&#8230;&#8230;&#8230;<br \/>\n\u00bf Presentar\u00e1 comunicaci\u00f3n?&#8230;&#8230;&#8230;&#8230;&#8230;&#8230;&#8230;&#8230;&#8230;&#8230;&#8230;&#8230;&#8230;&#8230;&#8230;&#8230;&#8230;&#8230;&#8230;&#8230;&#8230;&#8230;&#8230;&#8230;&#8230;<br \/>\n\u00bf Vendr\u00e1 acompa\u00f1ado?&#8230;&#8230;&#8230;&#8230;&#8230;&#8230;&#8230;&#8230;&#8230;&#8230;&#8230;&#8230;&#8230;&#8230;&#8230;&#8230;&#8230;&#8230;&#8230;&#8230;&#8230;&#8230;&#8230;&#8230;&#8230;&#8230;&#8230;.<br \/>\n<strong><br \/>\nCUOTA DE INSCRIPCI\u00d3N<\/strong> (marcar con una X)<br \/>\n( )\u00a0 25 euros: estudiantes (mediante acreditaci\u00f3n documental)<br \/>\n( )\u00a0 75 euros: congresistas con ponencia<br \/>\n( )\u00a0 90 euros: congresistas sin ponencia<br \/>\n( )\u00a0 90 euros: acompa\u00f1antes de congresistas<\/p>\n<p style=\"text-align: justify;\">Para realizar la inscripci\u00f3n consultar p\u00e1gina web del Centro de Formaci\u00f3n Permanente de la UPV: <a title=\"www.cfp.upv.es\" href=\"http:\/\/www.cfp.upv.es\">www.cfp.upv.es<\/a><\/p>\n<p style=\"text-align: justify;\">Estas cuotas dan derecho a los ponentes, participantes sin ponencia y estudiantes inscritos a participar en todas las actividades acad\u00e9micas, sociales y culturales del Congreso, as\u00ed como a recibir los materiales informativos y eventualmente otros servicios que se estipulen en su momento.<br \/>\nLos acompa\u00f1antes, que deben ser inscritos como tales por un participante en este mismo formulario, podr\u00e1n asistir a todas las actividades.<\/p>\n<p style=\"text-align: justify;\"><strong>ALOJAMIENTO<\/strong><br \/>\nLas reservas en los hoteles y las residencias universitarias se har\u00e1n por riguroso orden hasta agotar las habitaciones existentes y en funci\u00f3n de la fecha de reserva. La reserva de alojamiento se deber\u00e1 realizar en la oficina de viajes de la UPV que ofertar\u00e1 una relaci\u00f3n de hoteles a precios especiales para el Congreso.<\/p>\n<p style=\"text-align: justify;\"><strong>BCD Travel<\/strong><br \/>\nCamino de Vera s\/n, zona \u00c1gora. 46022. Valencia<br \/>\n963933402<br \/>\n963628369<br \/>\n<a title=\"upv@bcdtravel.es\" href=\"http:\/\/upv@bcdtravel.es\">upv@bcdtravel.es<\/a><\/p>\n<p style=\"text-align: justify;\"><strong>Nota:<\/strong> Hay habitaciones reservadas a precios especiales para el Congreso hasta el 7 de junio.<\/p>\n<p style=\"text-align: justify;\">Tambi\u00e9n pueden dirigirse directamente a la <strong>Residencia universitaria \u201cDami\u00e0 Bonet\u201d<\/strong>, calle Serpis 27, 46022, Valencia (pr\u00f3xima a la UPV), para realizar reserva de habitaciones.<\/p>\n<p style=\"text-align: justify;\">Tel\u00e9fono: (+34) 96 2050 500 &#8211; Fax: (+34) 96 3279 091.<\/p>\n<p style=\"text-align: justify;\">Email: <a href=\"mailto:damiabonet@resa.es\">damiabonet@resa.es<\/a> &#8211; <a href=\"http:\/\/www.resa.es\/\">www.resa.es<\/a><\/p>\n<p style=\"text-align: justify;\">&nbsp;<\/p>\n<p><strong>Publicado por ADHILAC Internacional \u00a9 www.adhilac.com.ar<\/strong><\/p>\n<p>Si Ud. desea asociarse de acuerdo a los Estatutos de ADHILAC\u00a0<a title=\"(ver)\" href=\"https:\/\/adhilac.com.ar\/?page_id=263\">(ver)<\/a> complete el siguiente formulario\u00a0<a title=\"(ver)\" href=\"https:\/\/adhilac.com.ar\/?page_id=3194\">(ver)<\/a><\/p>\n<p>E-mail: info@adhilac.com.ar<strong> <\/strong><\/p>\n<p>Twitter: @AdhilacInfo<\/p>\n<p style=\"text-align: justify;\">&nbsp;<\/p>\n","protected":false},"excerpt":{"rendered":"<p>Entre el 8 y el 10 de septiembre de 2010 se realizar\u00e1 el XIV Congreso de la Asociaci\u00f3n Espa\u00f1ola de Americanistas (AEA) en la Universidad Polit\u00e9cnica de Valencia. Encontr\u00e1ndose ya muy pr\u00f3ximo el Bicentenario del inicio de las Cortes de C\u00e1diz \u2013Septiembre de 1810- as\u00ed como de la Constituci\u00f3n Espa\u00f1ola de 1812, parece muy adecuado [&hellip;]<\/p>\n","protected":false},"author":2,"featured_media":0,"comment_status":"closed","ping_status":"closed","sticky":false,"template":"","format":"standard","meta":{"_crdt_document":"","footnotes":""},"categories":[5],"tags":[13],"class_list":["post-1110","post","type-post","status-publish","format-standard","hentry","category-congresos","tag-america-latina"],"_links":{"self":[{"href":"https:\/\/adhilac.com.ar\/index.php?rest_route=\/wp\/v2\/posts\/1110","targetHints":{"allow":["GET"]}}],"collection":[{"href":"https:\/\/adhilac.com.ar\/index.php?rest_route=\/wp\/v2\/posts"}],"about":[{"href":"https:\/\/adhilac.com.ar\/index.php?rest_route=\/wp\/v2\/types\/post"}],"author":[{"embeddable":true,"href":"https:\/\/adhilac.com.ar\/index.php?rest_route=\/wp\/v2\/users\/2"}],"replies":[{"embeddable":true,"href":"https:\/\/adhilac.com.ar\/index.php?rest_route=%2Fwp%2Fv2%2Fcomments&post=1110"}],"version-history":[{"count":19,"href":"https:\/\/adhilac.com.ar\/index.php?rest_route=\/wp\/v2\/posts\/1110\/revisions"}],"predecessor-version":[{"id":1121,"href":"https:\/\/adhilac.com.ar\/index.php?rest_route=\/wp\/v2\/posts\/1110\/revisions\/1121"}],"wp:attachment":[{"href":"https:\/\/adhilac.com.ar\/index.php?rest_route=%2Fwp%2Fv2%2Fmedia&parent=1110"}],"wp:term":[{"taxonomy":"category","embeddable":true,"href":"https:\/\/adhilac.com.ar\/index.php?rest_route=%2Fwp%2Fv2%2Fcategories&post=1110"},{"taxonomy":"post_tag","embeddable":true,"href":"https:\/\/adhilac.com.ar\/index.php?rest_route=%2Fwp%2Fv2%2Ftags&post=1110"}],"curies":[{"name":"wp","href":"https:\/\/api.w.org\/{rel}","templated":true}]}}