{"id":11170,"date":"2015-09-20T22:33:25","date_gmt":"2015-09-21T01:33:25","guid":{"rendered":"https:\/\/adhilac.com.ar\/?p=11170"},"modified":"2015-09-20T22:34:29","modified_gmt":"2015-09-21T01:34:29","slug":"repercusiones-del-coloquio-internacional-de-la-habana-en-el-bicentenario-de-la-carta-de-jamaica","status":"publish","type":"post","link":"https:\/\/adhilac.com.ar\/?p=11170","title":{"rendered":"Repercusiones del Coloquio Internacional de La Habana en el Bicentenario de la Carta de Jamaica"},"content":{"rendered":"<p style=\"text-align: justify;\"><a href=\"https:\/\/adhilac.com.ar\/wp-content\/uploads\/2015\/09\/DSC01325-02.jpg\"><img loading=\"lazy\" decoding=\"async\" class=\"size-full wp-image-11126 alignleft\" title=\"DSC01325-02\" src=\"https:\/\/adhilac.com.ar\/wp-content\/uploads\/2015\/09\/DSC01325-02.jpg\" alt=\"\" width=\"384\" height=\"288\" srcset=\"https:\/\/adhilac.com.ar\/wp-content\/uploads\/2015\/09\/DSC01325-02.jpg 640w, https:\/\/adhilac.com.ar\/wp-content\/uploads\/2015\/09\/DSC01325-02-300x225.jpg 300w\" sizes=\"auto, (max-width: 384px) 100vw, 384px\" \/><\/a>CELEBRADO EN LA HABANA UN COLOQUIO DE LA ASOCIACI\u00d3N DE HISTORIADORES LATINOAMERICANOS Y DEL CARIBE, EN EL BICENTENARIO DE LA CARTA DE JAMAICA<\/p>\n<p style=\"text-align: justify;\">Por<em> TiempodeHistoria<\/em><\/p>\n<p style=\"text-align: justify;\"><em>Cartel del evento en Casa Guayasam\u00edn (Foto: Asociaci\u00f3n de Historiadores Latinoamericanos y del Caribe).<\/em><\/p>\n<p style=\"text-align: justify;\">\nUnos 200 historiadores y estudiantes de diversos pa\u00edses de Am\u00e9rica Latina y el Caribe, as\u00ed como de Estados Unidos y Espa\u00f1a, participaron del 7 al 9 de septiembre de 2015 en La Habana (Cuba) en el Coloquio Internacional de la Asociaci\u00f3n de His\u00adtoriadores Latinoamericanos y del Caribe (ADHILAC),<!--more--> con motivo del bicentenario de la hist\u00f3rica Carta de Jamaica del libertador Sim\u00f3n Bol\u00edvar. Seg\u00fan inform\u00f3 la entidad organizadora, en este evento se presenaron unas 150 ponencias agrupadas en 24 mesas de trabajo bajo el lema \u201cLa integraci\u00f3n en Am\u00e9rica Latina y el Caribe: alternativas hist\u00f3ricas y proyecci\u00f3n actual, a 200 a\u00f1os de la Carta de Jamaica de Sim\u00f3n Bol\u00edvar\u201d.<\/p>\n<p style=\"text-align: justify;\">&nbsp;<\/p>\n<p style=\"text-align: justify;\">ADHILAC inform\u00f3 en su web: \u201cEl doctor Sergio Guerra Vilaboy, presidente de la Asociaci\u00f3n, declar\u00f3 a Granma que \u201cen la Carta de Jamaica, por primera vez Bol\u00edvar, como jefe militar y estadista, plasma en un documento su idea sobre la uni\u00f3n de Nuestra Am\u00e9rica y su visi\u00f3n de futuro del continente, lo cual confirma que El Libertador era un gran visionario y que su legado debe ser reivindicado por los gobiernos progresistas de nuestra regi\u00f3n\u201d. Como parte de las actividades del evento, se presentar\u00e1 este lunes en Casa de las Am\u00e9ricas el libro de la editorial Ocean Sur Los desaf\u00edos de la integraci\u00f3n en Am\u00e9rica Latina y el Caribe, del doctor en Ciencias Pol\u00edticas Abel Enrique Gon\u00adz\u00e1lez San\u00adta\u00admar\u00eda. Su autor ofrece una visi\u00f3n integral de los retos integracionistas, desde su origen y evoluci\u00f3n, hasta el a\u00f1o 2015, cuando se inici\u00f3 una nueva etapa en las relaciones entre las dos Am\u00e9ricas\u201d.<\/p>\n<p style=\"text-align: justify;\">Fuente:<\/p>\n<p style=\"text-align: justify;\">\n<blockquote class=\"wp-embedded-content\" data-secret=\"6BZA3UZbMc\"><p><a href=\"https:\/\/www.tiempodehistoria.com\/2015\/09\/20\/celebrado-en-la-habana-un-coloquio-internacional-de-la-asociacion-de-his%c2%adtoriadores-latinoamericanos-y-del-caribe-en-el-bicentenario-de-la-carta-de-jamaica.html\">Celebrado en La Habana un coloquio de la Asociaci\u00f3n de His\u00adtoriadores Latinoamericanos y del Caribe, en el bicentenario de la Carta de Jamaica<\/a><\/p><\/blockquote>\n<p><iframe loading=\"lazy\" class=\"wp-embedded-content\" sandbox=\"allow-scripts\" security=\"restricted\" style=\"position: absolute; clip: rect(1px, 1px, 1px, 1px);\" title=\"\u00abCelebrado en La Habana un coloquio de la Asociaci\u00f3n de His\u00adtoriadores Latinoamericanos y del Caribe, en el bicentenario de la Carta de Jamaica\u00bb \u2014 Tiempo de Historia\" src=\"https:\/\/www.tiempodehistoria.com\/2015\/09\/20\/celebrado-en-la-habana-un-coloquio-internacional-de-la-asociacion-de-his%c2%adtoriadores-latinoamericanos-y-del-caribe-en-el-bicentenario-de-la-carta-de-jamaica.html\/embed#?secret=oN1HnhMPWp#?secret=6BZA3UZbMc\" data-secret=\"6BZA3UZbMc\" width=\"600\" height=\"338\" frameborder=\"0\" marginwidth=\"0\" marginheight=\"0\" scrolling=\"no\"><\/iframe><\/p>\n<p>&nbsp;<\/p>\n<p><strong>Publicado por ADHILAC Internacional \u00a9 www.adhilac.com.ar<\/strong><\/p>\n<p>Si Ud. desea asociarse de acuerdo a los Estatutos de ADHILAC\u00a0<a title=\"(ver)\" href=\"https:\/\/adhilac.com.ar\/?page_id=263\">(ver)<\/a> complete el siguiente formulario\u00a0<a title=\"(ver)\" href=\"https:\/\/adhilac.com.ar\/?page_id=3194\">(ver)<\/a><\/p>\n<p>E-mail: info@adhilac.com.ar<strong> <\/strong><\/p>\n<p>Twitter: @AdhilacInfo<\/p>\n<p style=\"text-align: justify;\">&nbsp;<\/p>\n","protected":false},"excerpt":{"rendered":"<p>CELEBRADO EN LA HABANA UN COLOQUIO DE LA ASOCIACI\u00d3N DE HISTORIADORES LATINOAMERICANOS Y DEL CARIBE, EN EL BICENTENARIO DE LA CARTA DE JAMAICA Por TiempodeHistoria Cartel del evento en Casa Guayasam\u00edn (Foto: Asociaci\u00f3n de Historiadores Latinoamericanos y del Caribe). Unos 200 historiadores y estudiantes de diversos pa\u00edses de Am\u00e9rica Latina y el Caribe, as\u00ed como [&hellip;]<\/p>\n","protected":false},"author":2,"featured_media":0,"comment_status":"closed","ping_status":"closed","sticky":false,"template":"","format":"standard","meta":{"_crdt_document":"","footnotes":""},"categories":[18,3],"tags":[14,63,538],"class_list":["post-11170","post","type-post","status-publish","format-standard","hentry","category-adhilac-cuba","category-adhilac-inter","tag-bicentenario","tag-cuba","tag-integracion-latinoamericana"],"_links":{"self":[{"href":"https:\/\/adhilac.com.ar\/index.php?rest_route=\/wp\/v2\/posts\/11170","targetHints":{"allow":["GET"]}}],"collection":[{"href":"https:\/\/adhilac.com.ar\/index.php?rest_route=\/wp\/v2\/posts"}],"about":[{"href":"https:\/\/adhilac.com.ar\/index.php?rest_route=\/wp\/v2\/types\/post"}],"author":[{"embeddable":true,"href":"https:\/\/adhilac.com.ar\/index.php?rest_route=\/wp\/v2\/users\/2"}],"replies":[{"embeddable":true,"href":"https:\/\/adhilac.com.ar\/index.php?rest_route=%2Fwp%2Fv2%2Fcomments&post=11170"}],"version-history":[{"count":3,"href":"https:\/\/adhilac.com.ar\/index.php?rest_route=\/wp\/v2\/posts\/11170\/revisions"}],"predecessor-version":[{"id":11173,"href":"https:\/\/adhilac.com.ar\/index.php?rest_route=\/wp\/v2\/posts\/11170\/revisions\/11173"}],"wp:attachment":[{"href":"https:\/\/adhilac.com.ar\/index.php?rest_route=%2Fwp%2Fv2%2Fmedia&parent=11170"}],"wp:term":[{"taxonomy":"category","embeddable":true,"href":"https:\/\/adhilac.com.ar\/index.php?rest_route=%2Fwp%2Fv2%2Fcategories&post=11170"},{"taxonomy":"post_tag","embeddable":true,"href":"https:\/\/adhilac.com.ar\/index.php?rest_route=%2Fwp%2Fv2%2Ftags&post=11170"}],"curies":[{"name":"wp","href":"https:\/\/api.w.org\/{rel}","templated":true}]}}