{"id":11176,"date":"2015-09-21T16:50:03","date_gmt":"2015-09-21T19:50:03","guid":{"rendered":"https:\/\/adhilac.com.ar\/?p=11176"},"modified":"2015-09-21T16:50:03","modified_gmt":"2015-09-21T19:50:03","slug":"informe-final-del-coloquio-internacional-de-la-habana-17-de-septiembre-de-2015","status":"publish","type":"post","link":"https:\/\/adhilac.com.ar\/?p=11176","title":{"rendered":"Informe final del Coloquio Internacional de La Habana. 17 de septiembre de 2015"},"content":{"rendered":"<p style=\"text-align: justify;\"><strong>INFORME FINAL COLOQUIO ADHILAC \u2013 CUBA ALUSIVO AL BICENTENARIO DE LA CARTA DE JAMAICA<\/strong><\/p>\n<p style=\"text-align: justify;\">&nbsp;<\/p>\n<p style=\"text-align: justify;\">La Habana, 17 de septiembre de 2015<\/p>\n<p style=\"text-align: justify;\">&nbsp;<\/p>\n<p style=\"text-align: justify;\">La Directiva Internacional y la Secci\u00f3n cubana de la ADHILAC, informan que el evento acad\u00e9mico\u00a0 realizado los d\u00edas 7, 8 y 9 de septiembre en la ciudad de La Habana, alusivo al Bicentenario de la Carta Jamaica, el cual llev\u00f3 por t\u00edtulo <strong>Coloquio Internacional de la ADHILAC<\/strong> \u201c<em>La integraci\u00f3n en Am\u00e9rica latina y el Caribe: alternativas hist\u00f3ricas y proyecci\u00f3n actual, a 200 a\u00f1os de la carta de Jamaica de Sim\u00f3n Bol\u00edvar<\/em>\u201d, se desarroll\u00f3 en 24 mesas de trabajo bajo la modalidad de simposios en simultaneidad, realizadas en cuatro sedes diferentes a saber: La casa Benito Ju\u00e1rez, Casa de los \u00c1rabes, Casa Guayasam\u00edn y Casa Sim\u00f3n Bol\u00edvar, todas ubicadas en el centro hist\u00f3rico de la ciudad.<!--more--><\/p>\n<p style=\"text-align: justify;\">&nbsp;<\/p>\n<p style=\"text-align: justify;\">Las l\u00edneas tem\u00e1ticas fueron diversas y permitieron el dialogo de saberes por la interdisciplinariedad con la que fueron abordadas. Entre las mesas de trabajo que debatieron en este evento internacional podemos citar: 1) Primeras ideas y proyectos de uni\u00f3n hispanoamericana. La Carta de Jamaica y su trascendencia hist\u00f3rica. El Congreso de Panam\u00e1 y el Congreso de Viena; 2) El pensamiento de Francisco Miranda y el continente colombiano. El ideal unionista durante las luchas por la independencia y La disgregaci\u00f3n hispanoamericana; 3) Recuperaci\u00f3n del legado del Congreso anficti\u00f3nico durante el siglo XIX; 4) Panamericanismo versus bolivarianismo; 5) Simposio La Carta de Jamaica. Replanteamiento pol\u00edtico cultural de la independencia. 1815; 6) Exclusiones pol\u00edticas: g\u00e9nero, territorio, clase y raza. Siglos XIX y XX. Su impacto en la integraci\u00f3n latinoamericana y caribe\u00f1a; 7) El Caribe, unidad e integraci\u00f3n; Las artes y la literatura y la integraci\u00f3n latinoamericana. Resonancia y actualidad; 8) Los medios y el audiovisual en la conformaci\u00f3n de las ideas sobre independencia e integraci\u00f3n; 9) Historiograf\u00eda, intelectuales e integraci\u00f3n latinoamericana; 10) El imaginario de la integraci\u00f3n de Am\u00e9rica Latina y el Caribe: diversas expresiones; 11) Las nuevas propuestas unionistas latinoamericanas, los movimientos sociales y los procesos de integraci\u00f3n en Am\u00e9rica Latina y el Caribe.<\/p>\n<p style=\"text-align: justify;\">&nbsp;<\/p>\n<p style=\"text-align: justify;\">En el evento se inscribieron participantes procedentes de 14 pa\u00edses, con un total de 195, de los cuales 110 fueron ponentes (56%) y 85 oyentes (44%) entre los que destacan por su alta participaci\u00f3n los procedentes de Guatemala, M\u00e9xico, Colombia, y por supuesto, Cuba como pa\u00eds sede. En la siguiente tabla se muestra la cantidad de participantes discriminados por pa\u00edses (ver tabla 1)<\/p>\n<p style=\"text-align: justify;\">&nbsp;<\/p>\n<p style=\"text-align: justify;\">Tabla 1. Muestra la cantidad de participantes en el Coloquio ADHILAC por pa\u00edses<\/p>\n<p style=\"text-align: justify;\"><a href=\"https:\/\/adhilac.com.ar\/wp-content\/uploads\/2015\/09\/Informe-Adhilac-Cuba-sep-2015.jpg\"><img loading=\"lazy\" decoding=\"async\" class=\"size-full wp-image-11177 aligncenter\" title=\"Informe Adhilac Cuba sep 2015\" src=\"https:\/\/adhilac.com.ar\/wp-content\/uploads\/2015\/09\/Informe-Adhilac-Cuba-sep-2015.jpg\" alt=\"\" width=\"311\" height=\"382\" srcset=\"https:\/\/adhilac.com.ar\/wp-content\/uploads\/2015\/09\/Informe-Adhilac-Cuba-sep-2015.jpg 311w, https:\/\/adhilac.com.ar\/wp-content\/uploads\/2015\/09\/Informe-Adhilac-Cuba-sep-2015-244x300.jpg 244w\" sizes=\"auto, (max-width: 311px) 100vw, 311px\" \/><\/a><\/p>\n<p style=\"text-align: justify;\"><span style=\"font-size: small;\"><span style=\"line-height: normal;\"> <\/span><\/span>Fuente: Datos del registro de inscripciones en el evento<\/p>\n<p style=\"text-align: justify;\">&nbsp;<\/p>\n<p style=\"text-align: justify;\">De igual manera, en las siguientes gr\u00e1ficas se muestra la ponderaci\u00f3n por participaci\u00f3n de ponentes y oyentes especificados por pa\u00edses de procedencia, cantidad y porcentajes. Los porcientos indican que la mayor participaci\u00f3n de oyentes procede de Guatemala, seguido de Cuba, y en su orden, Colombia y Venezuela; por su parte, los pa\u00edses que mayor porcentaje de ponentes tienen son Cuba, M\u00e9xico y Colombia (ver gr\u00e1ficas 1 y 2).<\/p>\n<p style=\"text-align: justify;\">&nbsp;<\/p>\n<p style=\"text-align: justify;\">Gr\u00e1fica 1. Porcentaje por participaci\u00f3n de pa\u00edses al evento ADHILAC<\/p>\n<p style=\"text-align: justify;\">&nbsp;<\/p>\n<p style=\"text-align: justify;\"><a href=\"https:\/\/adhilac.com.ar\/wp-content\/uploads\/2015\/09\/Informe-Adhilac-sep-2015.jpg\"><img loading=\"lazy\" decoding=\"async\" class=\"size-full wp-image-11178 aligncenter\" title=\"Informe Adhilac sep 2015\" src=\"https:\/\/adhilac.com.ar\/wp-content\/uploads\/2015\/09\/Informe-Adhilac-sep-2015.jpg\" alt=\"\" width=\"438\" height=\"372\" srcset=\"https:\/\/adhilac.com.ar\/wp-content\/uploads\/2015\/09\/Informe-Adhilac-sep-2015.jpg 487w, https:\/\/adhilac.com.ar\/wp-content\/uploads\/2015\/09\/Informe-Adhilac-sep-2015-300x254.jpg 300w\" sizes=\"auto, (max-width: 438px) 100vw, 438px\" \/><\/a><\/p>\n<p style=\"text-align: justify;\">&nbsp;<\/p>\n<p style=\"text-align: justify;\">Fuente: Datos del registro de inscripciones en el evento<\/p>\n<p style=\"text-align: justify;\">&nbsp;<\/p>\n<p style=\"text-align: justify;\">Grafica 2. Muestra la cantidad de ponentes y oyentes por pa\u00edses<\/p>\n<p style=\"text-align: justify;\"><a href=\"https:\/\/adhilac.com.ar\/wp-content\/uploads\/2015\/09\/Informe-Adhilac-sep-2015-02.jpg\"><img loading=\"lazy\" decoding=\"async\" class=\"size-full wp-image-11179 aligncenter\" title=\"Informe Adhilac sep 2015-02\" src=\"https:\/\/adhilac.com.ar\/wp-content\/uploads\/2015\/09\/Informe-Adhilac-sep-2015-02.jpg\" alt=\"\" width=\"487\" height=\"432\" srcset=\"https:\/\/adhilac.com.ar\/wp-content\/uploads\/2015\/09\/Informe-Adhilac-sep-2015-02.jpg 487w, https:\/\/adhilac.com.ar\/wp-content\/uploads\/2015\/09\/Informe-Adhilac-sep-2015-02-300x266.jpg 300w\" sizes=\"auto, (max-width: 487px) 100vw, 487px\" \/><\/a><\/p>\n<p style=\"text-align: justify;\">&nbsp;<\/p>\n<p style=\"text-align: justify;\">Fuente: Datos del registro de inscripciones en el evento<\/p>\n<p style=\"text-align: justify;\">&nbsp;<\/p>\n<p style=\"text-align: justify;\">El Coloquio cont\u00f3 con el coauspicio de las siguientes instituciones o asociaciones:<\/p>\n<p style=\"text-align: justify;\">&nbsp;<\/p>\n<p style=\"text-align: justify;\">-Oficina del Historiador de la Ciudad de La Habana<\/p>\n<p style=\"text-align: justify;\">-C\u00e1tedra Bolivariana de la Universidad de La Habana<\/p>\n<p style=\"text-align: justify;\">-Instituto de Historia de Cuba<\/p>\n<p style=\"text-align: justify;\">-Red Intelectuales, Artistas y Movimientos Sociales en Defensa de la Humanidad<\/p>\n<p style=\"text-align: justify;\">-Red de Integraci\u00f3n de Am\u00e9rica Latina y el Caribe (REDIALC)<\/p>\n<p style=\"text-align: justify;\">-Centro de Cultura Hispanoamericano de la Universidad de Huelva (Espa\u00f1a)<br \/>\n-Instituto Estudios Hispanoamericanos, Universidad Central de Venezuela (UCV)<br \/>\n-Centro de Investigaciones sobre Am\u00e9rica Latina y el Caribe de la .Universidad Nacional Aut\u00f3noma de M\u00e9xico (UNAM)<\/p>\n<p style=\"text-align: justify;\">-Universidad Andina Sim\u00f3n Bol\u00edvar (Ecuador)<\/p>\n<p style=\"text-align: justify;\">&nbsp;<\/p>\n<p style=\"text-align: justify;\">&nbsp;<\/p>\n<p style=\"text-align: justify;\">Atentamente,<\/p>\n<p style=\"text-align: justify;\">&nbsp;<\/p>\n<p style=\"text-align: justify;\">&nbsp;<\/p>\n<p style=\"text-align: justify;\">&nbsp;<\/p>\n<p style=\"text-align: justify;\">SERGIO GUERRA VILABOY\u00a0\u00a0\u00a0\u00a0\u00a0\u00a0\u00a0\u00a0\u00a0\u00a0\u00a0\u00a0\u00a0\u00a0\u00a0\u00a0\u00a0\u00a0\u00a0\u00a0\u00a0\u00a0\u00a0\u00a0\u00a0\u00a0\u00a0\u00a0\u00a0 JORGE ENRIQUE ELIAS-CARO<\/p>\n<p style=\"text-align: justify;\">Presidente\u00a0\u00a0\u00a0\u00a0\u00a0\u00a0\u00a0\u00a0\u00a0\u00a0\u00a0\u00a0\u00a0\u00a0\u00a0\u00a0\u00a0\u00a0\u00a0\u00a0\u00a0\u00a0\u00a0\u00a0\u00a0\u00a0\u00a0\u00a0\u00a0\u00a0\u00a0\u00a0\u00a0\u00a0\u00a0\u00a0\u00a0\u00a0\u00a0\u00a0\u00a0\u00a0\u00a0\u00a0\u00a0\u00a0\u00a0\u00a0\u00a0\u00a0\u00a0\u00a0\u00a0\u00a0\u00a0\u00a0\u00a0\u00a0\u00a0\u00a0\u00a0\u00a0 Vicepresidente<\/p>\n<p style=\"text-align: justify;\">&nbsp;<\/p>\n<p style=\"text-align: justify;\"><strong>Publicado por ADHILAC Internacional \u00a9 www.adhilac.com.ar<\/strong><\/p>\n<p style=\"text-align: justify;\">Si Ud. desea asociarse de acuerdo a los Estatutos de ADHILAC\u00a0<a title=\"(ver)\" href=\"https:\/\/adhilac.com.ar\/?page_id=263\">(ver)<\/a> complete el siguiente formulario\u00a0<a title=\"(ver)\" href=\"https:\/\/adhilac.com.ar\/?page_id=3194\">(ver)<\/a><\/p>\n<p style=\"text-align: justify;\">E-mail: info@adhilac.com.ar<strong> <\/strong><\/p>\n<p style=\"text-align: justify;\">Twitter: @AdhilacInfo<\/p>\n<p style=\"text-align: justify;\">&nbsp;<\/p>\n<p style=\"text-align: justify;\">&nbsp;<\/p>\n","protected":false},"excerpt":{"rendered":"<p>INFORME FINAL COLOQUIO ADHILAC \u2013 CUBA ALUSIVO AL BICENTENARIO DE LA CARTA DE JAMAICA &nbsp; La Habana, 17 de septiembre de 2015 &nbsp; La Directiva Internacional y la Secci\u00f3n cubana de la ADHILAC, informan que el evento acad\u00e9mico\u00a0 realizado los d\u00edas 7, 8 y 9 de septiembre en la ciudad de La Habana, alusivo al [&hellip;]<\/p>\n","protected":false},"author":2,"featured_media":0,"comment_status":"closed","ping_status":"closed","sticky":false,"template":"","format":"standard","meta":{"_crdt_document":"","footnotes":""},"categories":[18,3],"tags":[538],"class_list":["post-11176","post","type-post","status-publish","format-standard","hentry","category-adhilac-cuba","category-adhilac-inter","tag-integracion-latinoamericana"],"_links":{"self":[{"href":"https:\/\/adhilac.com.ar\/index.php?rest_route=\/wp\/v2\/posts\/11176","targetHints":{"allow":["GET"]}}],"collection":[{"href":"https:\/\/adhilac.com.ar\/index.php?rest_route=\/wp\/v2\/posts"}],"about":[{"href":"https:\/\/adhilac.com.ar\/index.php?rest_route=\/wp\/v2\/types\/post"}],"author":[{"embeddable":true,"href":"https:\/\/adhilac.com.ar\/index.php?rest_route=\/wp\/v2\/users\/2"}],"replies":[{"embeddable":true,"href":"https:\/\/adhilac.com.ar\/index.php?rest_route=%2Fwp%2Fv2%2Fcomments&post=11176"}],"version-history":[{"count":1,"href":"https:\/\/adhilac.com.ar\/index.php?rest_route=\/wp\/v2\/posts\/11176\/revisions"}],"predecessor-version":[{"id":11180,"href":"https:\/\/adhilac.com.ar\/index.php?rest_route=\/wp\/v2\/posts\/11176\/revisions\/11180"}],"wp:attachment":[{"href":"https:\/\/adhilac.com.ar\/index.php?rest_route=%2Fwp%2Fv2%2Fmedia&parent=11176"}],"wp:term":[{"taxonomy":"category","embeddable":true,"href":"https:\/\/adhilac.com.ar\/index.php?rest_route=%2Fwp%2Fv2%2Fcategories&post=11176"},{"taxonomy":"post_tag","embeddable":true,"href":"https:\/\/adhilac.com.ar\/index.php?rest_route=%2Fwp%2Fv2%2Ftags&post=11176"}],"curies":[{"name":"wp","href":"https:\/\/api.w.org\/{rel}","templated":true}]}}