{"id":11181,"date":"2015-09-21T16:54:39","date_gmt":"2015-09-21T19:54:39","guid":{"rendered":"https:\/\/adhilac.com.ar\/?p=11181"},"modified":"2015-09-21T16:55:58","modified_gmt":"2015-09-21T19:55:58","slug":"cronica-de-amor-por-la-habana","status":"publish","type":"post","link":"https:\/\/adhilac.com.ar\/?p=11181","title":{"rendered":"Cr\u00f3nica de amor por La Habana"},"content":{"rendered":"<p><a href=\"https:\/\/adhilac.com.ar\/wp-content\/uploads\/2015\/09\/Edif-Col-005.jpg\"><img loading=\"lazy\" decoding=\"async\" class=\"size-full wp-image-11182 alignleft\" title=\"Edif-Col-005\" src=\"https:\/\/adhilac.com.ar\/wp-content\/uploads\/2015\/09\/Edif-Col-005.jpg\" alt=\"\" width=\"255\" height=\"340\" srcset=\"https:\/\/adhilac.com.ar\/wp-content\/uploads\/2015\/09\/Edif-Col-005.jpg 425w, https:\/\/adhilac.com.ar\/wp-content\/uploads\/2015\/09\/Edif-Col-005-224x300.jpg 224w\" sizes=\"auto, (max-width: 255px) 100vw, 255px\" \/><\/a>Sergio Rodr\u00edguez Gelfenstein<strong> <\/strong><\/p>\n<p>&nbsp;<\/p>\n<p><em>Izquierda: Foto Carolina Crisorio (Archivo)<\/em><\/p>\n<p style=\"text-align: justify;\">Por invitaci\u00f3n de la Asociaci\u00f3n de Historiadores de Latinoam\u00e9rica y el Caribe (Adhilac) y la C\u00e1tedra Sim\u00f3n Bol\u00edvar de la Universidad de La Habana asist\u00ed en la capital cubana al Coloquio Internacional \u201cLa integraci\u00f3n en Am\u00e9rica Latina y el Caribe: alternativas hist\u00f3ricas y proyecci\u00f3n actual, a 200 a\u00f1os de la carta de Jamaica de Sim\u00f3n Bol\u00edvar\u201d.<\/p>\n<p style=\"text-align: justify;\">El evento cont\u00f3 con la participaci\u00f3n de 130 destacados expositores de casi todos los pa\u00edses de Am\u00e9rica Latina, as\u00ed como de Estados Unidos y Europa. El acto de inauguraci\u00f3n del evento, realizado ante el monumento al Libertador en la Habana Vieja, y a un costado de la casa que lleva su nombre en esa ciudad,\u00a0 cont\u00f3 con palabras de bienvenida del Doctor Sergio Guerra Vilaboy, presidente de Adhilac, del historiador venezolano Lionel Mu\u00f1oz y cerr\u00f3 con la ya tradicional magnificencia intelectual del Historiador de la Ciudad de la Habana Eusebio Leal Spengler, quien contextualiz\u00f3 respecto de las condiciones en las que Bol\u00edvar lleg\u00f3 a Jamaica y escribi\u00f3 la carta que pasar\u00eda a conocerse con tal nombre y que se inscribir\u00eda en los anales de la historia como el documento fundacional del pensamiento integrador latinoamericano.<!--more--><\/p>\n<p style=\"text-align: justify;\">&nbsp;<\/p>\n<p style=\"text-align: justify;\">Bajo el \u201cparaguas\u201d de la carta de Jamaica, los panelistas y participantes se \u201cpasearon\u201d por los debates acerca de la trascendencia hist\u00f3rica del documento, el pensamiento de los libertadores, la construcci\u00f3n del plan integracionista y la idea de Am\u00e9rica Latina, para proyectarlo en la actualidad a trav\u00e9s de las propuestas recientes en relaci\u00f3n al tema, pasando por los v\u00ednculos m\u00e1s novedosos referidos a las relaciones de Cuba con Am\u00e9rica Latina y con Estados Unidos, incluyendo hasta las de de China con Am\u00e9rica Latina y el Caribe entre otros \u00e1mbitos, lo que da cuenta de una amplia y rica gama de discusiones que apuntan a generar propuestas en conexi\u00f3n con la realidad actual de la regi\u00f3n y su futuro en materia del acercamiento posible que propicia el momento actual cuando se ha llegado a la segunda centuria del trascendente documento escrito por el Libertador.<\/p>\n<p style=\"text-align: justify;\">&nbsp;<\/p>\n<p style=\"text-align: justify;\">Pero, m\u00e1s all\u00e1 de los magn\u00edficos edificios reconstruidos en la Habana Vieja que gentilmente la Oficina del Historiador cedi\u00f3 para la realizaci\u00f3n del c\u00f3nclave: las casas de Sim\u00f3n Bol\u00edvar, de Benito Ju\u00e1rez, de los \u00c1rabes y la\u00a0 de Guayasam\u00edn, la vida en la ciudad segu\u00eda transcurriendo bajo un calor sofocante que incluso lleg\u00f3 a los 38\u00b0 cent\u00edgrados.<\/p>\n<p style=\"text-align: justify;\">&nbsp;<\/p>\n<p style=\"text-align: justify;\">Los cubanos debat\u00edan acerca de tres temas ligados pero que cada uno de ellos entra\u00f1a realidades y retos que la pasi\u00f3n y la ret\u00f3rica efusiva de los ciudadanos de la isla, arropan bajo emotivas e interminables discusiones. Son ellos: el persistente bloqueo de Estados Unidos, el restablecimiento de las relaciones con ese pa\u00eds y la visita del Papa Francisco, quien estar\u00e1 en Cuba cuando estas l\u00edneas sean publicadas.<\/p>\n<p style=\"text-align: justify;\">&nbsp;<\/p>\n<p style=\"text-align: justify;\">Como es habitual en una sociedad diversa como la de cualquier pa\u00eds de Am\u00e9rica Latina, que no excluye a Cuba, los ciudadanos opinan en un rango tan amplio que va desde los que creen que el restablecimiento de relaciones es la panacea que solucionar\u00e1 todos los problemas, hasta aquellos que son absolutamente esc\u00e9pticos y que juzgan que nada cambiar\u00e1, por el contrario, suponen que el enemigo acecha desde m\u00e1s cerca.<\/p>\n<p style=\"text-align: justify;\">&nbsp;<\/p>\n<p style=\"text-align: justify;\">Lo cierto es que, el pasado 11 de septiembre, fecha fat\u00eddica para Am\u00e9rica Latina y para Estados Unidos, el presidente Obama\u00a0 renov\u00f3 por un a\u00f1o m\u00e1s la llamada Ley de Comercio con el Enemigo, el estatuto que desde 1917 sustenta el\u00a0<a title=\"Viajes a Cuba centran debate sobre el bloqueo\" href=\"http:\/\/www.cubadebate.cu\/noticias\/2015\/08\/19\/viajes-a-cuba-centran-debate-sobre-el-bloqueo\/\">bloqueo <\/a>econ\u00f3mico impuesto a Cuba. Un alto funcionario del gobierno estadounidense que declin\u00f3 identificarse explic\u00f3 a la agencia espa\u00f1ola EFE que tal pr\u00f3rroga \u201cimplica que Obama sigue manteniendo su autoridad y \u00b4flexibilidad`\u00ad\u00ad\u00ad para relajar el bloqueo a Cuba mediante decretos ejecutivos\u201d. Obama contaba con plazo hasta el 14 de septiembre para decidir si deten\u00eda o prolongaba el bloqueo a Cuba como han hecho durante 53 a\u00f1os los \u00faltimos 9 presidentes estadounidenses. A la luz de los acontecimientos actuales, tal medida ha sido infructuosa para doblar la voluntad del pueblo cubano, aunque esto pareciera comenzar a ser entendido por la administraci\u00f3n de ese pa\u00eds.<\/p>\n<p style=\"text-align: justify;\">&nbsp;<\/p>\n<p style=\"text-align: justify;\">Seg\u00fan el mismo funcionario antes mencionado, la \u201crenovaci\u00f3n\u201d de la Ley de Comercio con el Enemigo \u201cmaximiza la flexibilidad del presidente para administrar el embargo a Cuba y autorizar determinadas transacciones\u201d, agregando que esa flexibilidad \u201ces fundamental\u201d para \u201cel compromiso\u201d del Gobierno de Obama de ayudar al pueblo cubano \u201ca determinar libremente su propio futuro\u201d. En otras palabras, m\u00e1s de lo mismo, pero con otra cara. Algo t\u00edpico de los gobiernos estadounidenses.<\/p>\n<p style=\"text-align: justify;\">&nbsp;<\/p>\n<p style=\"text-align: justify;\">Pero, es evidente que \u201cnormalizaci\u00f3n de relaciones\u201d no significa fin del bloqueo y eso lo ha entendido el gobierno cubano desarrollando una brillante diplomacia que le ha permitido \u201cbloquear\u201d internacionalmente a Estados Unidos, dej\u00e1ndolo rid\u00edculamente aislado, con el solitario acompa\u00f1amiento de Israel en las votaciones anuales en la ONU. Otra evidencia del fracaso de su pol\u00edtica exterior.<\/p>\n<p style=\"text-align: justify;\">&nbsp;<\/p>\n<p style=\"text-align: justify;\">En este sentido, el pasado 16 de septiembre, el gobierno cubano dio inicio a la divulgaci\u00f3n de un nuevo informe\u00a0 sobre el tema el cual se ha denominado \u201cNecesidad de poner fin al bloqueo econ\u00f3mico, comercial y financiero impuesto por los Estados Unidos de Am\u00e9rica contra Cuba\u201d. En \u00e9l se recuerda que \u201cA pesar del nuevo escenario, (\u2026) se ha mantenido el recrudecimiento del bloqueo en su dimensi\u00f3n financiera y extraterritorial\u2026\u201d<\/p>\n<p style=\"text-align: justify;\">&nbsp;<\/p>\n<p style=\"text-align: justify;\">El informe agrega m\u00e1s adelante que \u201cMuchas de las limitaciones que impone el bloqueo contra Cuba pudieran desaparecer, si el Presidente de EE.UU. aplicara con determinaci\u00f3n las amplias facultades ejecutivas que tiene para ello, a\u00fan cuando el desmantelamiento total de esta pol\u00edtica requiere de una decisi\u00f3n congresional\u201d.<\/p>\n<p style=\"text-align: justify;\">&nbsp;<\/p>\n<p style=\"text-align: justify;\">En octubre, una nueva votaci\u00f3n en la Asamblea General de la ONU evidenciar\u00e1 el repudio universal a tan inhumana medida imperial contra un pueblo peque\u00f1o y digno, que ha sabido resistir durante m\u00e1s de cinco d\u00e9cadas y salir airoso del trance m\u00e1s heroico que pa\u00eds alguno de Am\u00e9rica Latina le ha tocado vivir en la historia.<\/p>\n<p style=\"text-align: justify;\">&nbsp;<\/p>\n<p style=\"text-align: justify;\">En ese contexto, la visita del papa Francisco a Cuba, va a reforzar el apoyo de la Santa Sede al fin del bloqueo. El pasado jueves 17 de septiembre, el Secretario de Estado del Vaticano, Pietro Parolin, pidi\u00f3 que se levante el bloqueo que le impone Estados Unidos al pueblo de Cuba. En una entrevista con el canal televisivo del Vaticano, Parolin dijo que ese tipo de sanciones provoca sufrimiento en las poblaciones a las que se aplica y enfatiz\u00f3 en la necesidad de que se eliminen las medidas punitivas contra la mayor isla de las Antillas.<\/p>\n<p style=\"text-align: justify;\">Todos estos acontecimientos van preparando las condiciones para la realizaci\u00f3n durante el pr\u00f3ximo mes de abril de 2016 del VII Congreso del Partido Comunista de Cuba en el que se realizar\u00e1 una evaluaci\u00f3n del cumplimiento de lo que en Cuba se llama \u201cLineamientos para la actualizaci\u00f3n del modelo econ\u00f3mico, pol\u00edtico y social\u201d\u00a0 que es el plan que ha emprendido el pa\u00eds para reformar su econom\u00eda y adaptarla a los nuevos tiempos. Este Congreso ser\u00e1 trascendental pues supondr\u00e1 el fin del ciclo de conducci\u00f3n del pa\u00eds por la generaci\u00f3n hist\u00f3rica que lo ha dirigido desde el triunfo revolucionario de 1959.<\/p>\n<p style=\"text-align: justify;\">&nbsp;<\/p>\n<p style=\"text-align: justify;\">Todos estos hechos suponen una intensa din\u00e1mica de la vida cotidiana de los cubanos de la que dif\u00edcilmente pueda sustraerse un visitante extranjero interesado e involucrado de diferentes maneras con los avatares de la isla. Pero, como la vida sigue su curso y la cotidianidad del cubano no abandona jam\u00e1s su alegr\u00eda y su v\u00ednculo emocional con la m\u00fasica que lo identifica y lo hace palpitar en cada instante, aprovechamos la oportunidad que significaba un nuevo concierto de Silvio Rodr\u00edguez en los barrios para conocer la in\u00e9dita experiencia del mayor y mejor trovador cubano dando a conocer su m\u00fasica y su poes\u00eda directamente en las calles de la capital.<\/p>\n<p style=\"text-align: justify;\">&nbsp;<\/p>\n<p style=\"text-align: justify;\">El jueves 10 de septiembre, puntualmente a las 7 de la tarde, en la explanada situada detr\u00e1s de los edificios de 12 pisos ubicados en un sector cercano a la Plaza de la Revoluci\u00f3n, Silvio dio inicio al Concierto N\u00b0 68 desde que los mismos comenzaron justo 5 a\u00f1os atr\u00e1s el 9 de septiembre de 2010.<\/p>\n<p style=\"text-align: justify;\">&nbsp;<\/p>\n<p style=\"text-align: justify;\">Normalmente, cuando se quiere asistir a un evento cultural de cualquier tipo, hay que desplazarse al lugar donde se realiza el mismo. Lo novedoso del modelo musical creado por Silvio, es que \u00e9l, los m\u00fasicos que lo acompa\u00f1an y los invitados -que en esta ocasi\u00f3n fueron el extraordinario int\u00e9rprete cubano-estadounidense Pablo Men\u00e9ndez y el Grupo Mezcla- acuden a la inmediatez que significa el entorno natural donde residen los ciudadanos quienes bajaban de los edificios y se acercaban desde calles adyacentes para escuchar la voz insurrecta de Silvio y el melodioso sonido de canciones que han marcado la vida de varias generaciones presentes, que coreaban una y otra tonada del repertorio. Acercar la m\u00fasica a la comunidad, al barrio, a la puerta de la casa, ha sido el objetivo cumplido de Silvio y cuando le preguntaron qu\u00e9 pasar\u00eda si se terminar\u00e1n los barrios recorridos, contest\u00f3 casi sin pensar \u201cComenzar\u00edamos de nuevo\u201d. Mujeres con ni\u00f1os en brazos, abuelos acompa\u00f1ados de sus nietos y familias enteras se agolpaban emocionadas en torno a los sagrados sones de una m\u00fasica que ha ayudado a conformar la identidad cultural y cotidiana de los cubanos y porque no decirlo de los latinoamericanos.<\/p>\n<p style=\"text-align: justify;\">&nbsp;<\/p>\n<p style=\"text-align: justify;\">Escuchar nuevamente y de viva voz \u201cEl reparador de sue\u00f1os\u201d o las nunca perecederas \u201cEl necio\u201d y \u201cOjal\u00e1\u201d junto a otras decenas de canciones del pasado y del presente, revitaliza una comuni\u00f3n de amores con Cuba y su pueblo. Gonzal L\u00f3pez, el colega y amigo catal\u00e1n con quien asist\u00ed al Concierto, entra\u00f1ablemente emocionado, mirando el entorno de multitudes que nos rodeaba y que entonaba junto a Silvio las canciones que brotaban de su voz y su guitarra, me preguntaba, \u00bfes posible esto en alg\u00fan otro lugar del mundo? Y le respond\u00ed: \u201cNo, s\u00f3lo en Cuba, en La Habana en esta Habana a la que cada d\u00eda le renuevo mi amor\u201d.<\/p>\n<p style=\"text-align: justify;\">&nbsp;<\/p>\n<p style=\"text-align: justify;\">Caracas. Venezuela<\/p>\n<p style=\"text-align: justify;\">Publicado en\u00a0BLOG: SERGIORO07.BLOGSPOT.COM.<\/p>\n<p><strong>Publicado por ADHILAC Internacional \u00a9 www.adhilac.com.ar<\/strong><\/p>\n<p>Si Ud. desea asociarse de acuerdo a los Estatutos de ADHILAC\u00a0<a title=\"(ver)\" href=\"https:\/\/adhilac.com.ar\/?page_id=263\">(ver)<\/a> complete el siguiente formulario\u00a0<a title=\"(ver)\" href=\"https:\/\/adhilac.com.ar\/?page_id=3194\">(ver)<\/a><\/p>\n<p>E-mail: info@adhilac.com.ar<strong> <\/strong><\/p>\n<p>Twitter: @AdhilacInfo<\/p>\n<p>&nbsp;<\/p>\n<p style=\"text-align: justify;\">&nbsp;<\/p>\n","protected":false},"excerpt":{"rendered":"<p>Sergio Rodr\u00edguez Gelfenstein &nbsp; Izquierda: Foto Carolina Crisorio (Archivo) Por invitaci\u00f3n de la Asociaci\u00f3n de Historiadores de Latinoam\u00e9rica y el Caribe (Adhilac) y la C\u00e1tedra Sim\u00f3n Bol\u00edvar de la Universidad de La Habana asist\u00ed en la capital cubana al Coloquio Internacional \u201cLa integraci\u00f3n en Am\u00e9rica Latina y el Caribe: alternativas hist\u00f3ricas y proyecci\u00f3n actual, a [&hellip;]<\/p>\n","protected":false},"author":2,"featured_media":0,"comment_status":"closed","ping_status":"closed","sticky":false,"template":"","format":"standard","meta":{"_crdt_document":"","footnotes":""},"categories":[18,3,5,40],"tags":[63],"class_list":["post-11181","post","type-post","status-publish","format-standard","hentry","category-adhilac-cuba","category-adhilac-inter","category-congresos","category-informaciones","tag-cuba"],"_links":{"self":[{"href":"https:\/\/adhilac.com.ar\/index.php?rest_route=\/wp\/v2\/posts\/11181","targetHints":{"allow":["GET"]}}],"collection":[{"href":"https:\/\/adhilac.com.ar\/index.php?rest_route=\/wp\/v2\/posts"}],"about":[{"href":"https:\/\/adhilac.com.ar\/index.php?rest_route=\/wp\/v2\/types\/post"}],"author":[{"embeddable":true,"href":"https:\/\/adhilac.com.ar\/index.php?rest_route=\/wp\/v2\/users\/2"}],"replies":[{"embeddable":true,"href":"https:\/\/adhilac.com.ar\/index.php?rest_route=%2Fwp%2Fv2%2Fcomments&post=11181"}],"version-history":[{"count":4,"href":"https:\/\/adhilac.com.ar\/index.php?rest_route=\/wp\/v2\/posts\/11181\/revisions"}],"predecessor-version":[{"id":11186,"href":"https:\/\/adhilac.com.ar\/index.php?rest_route=\/wp\/v2\/posts\/11181\/revisions\/11186"}],"wp:attachment":[{"href":"https:\/\/adhilac.com.ar\/index.php?rest_route=%2Fwp%2Fv2%2Fmedia&parent=11181"}],"wp:term":[{"taxonomy":"category","embeddable":true,"href":"https:\/\/adhilac.com.ar\/index.php?rest_route=%2Fwp%2Fv2%2Fcategories&post=11181"},{"taxonomy":"post_tag","embeddable":true,"href":"https:\/\/adhilac.com.ar\/index.php?rest_route=%2Fwp%2Fv2%2Ftags&post=11181"}],"curies":[{"name":"wp","href":"https:\/\/api.w.org\/{rel}","templated":true}]}}