{"id":11187,"date":"2015-09-22T22:04:45","date_gmt":"2015-09-23T01:04:45","guid":{"rendered":"https:\/\/adhilac.com.ar\/?p=11187"},"modified":"2015-10-05T08:20:46","modified_gmt":"2015-10-05T11:20:46","slug":"declaracion-de-historiadores-argentinos-la-democracia-se-construye-con-verdad-y-con-justicia","status":"publish","type":"post","link":"https:\/\/adhilac.com.ar\/?p=11187","title":{"rendered":"Declaracion de Historiadores Argentinos: \u00abLa democracia se construye con verdad y con justicia\u00bb"},"content":{"rendered":"<div>\n<p style=\"text-align: justify;\"><strong>La democracia se construye con verdad y con justicia<\/strong><\/p>\n<p style=\"text-align: justify;\">En \u00a0nuestra \u00a0condici\u00f3n \u00a0de \u00a0investigadores \u00a0de \u00a0la \u00a0historia \u00a0reciente \u00a0de \u00a0la \u00a0Argentina, \u00a0que desarrollamos nuestra labor en el CONICET y en diversas universidades nacionales y extranjeras, queremos manifestar nuestra preocupaci\u00f3n por una serie de intervenciones producidas en diversas \u00e1mbitos acad\u00e9micos \u2013 la Universidad Cat\u00f3lica Argentina, la Universidad de San Andr\u00e9s- y la prensa gr\u00e1fica \u2013el diario <em>La Naci\u00f3n<\/em>&#8211; que relativizaron la magnitud y cualidad de los cr\u00edmenes y la represi\u00f3n estatal durante los a\u00f1os setenta en la Argentina, cuestionaron los juicios penales en curso contra perpetradores de violaciones a los derechos humanos y propusieron a los procesados y condenados por estos abusos como v\u00edctimas de un poder arbitrario. En paralelo, han demandado la reconciliaci\u00f3n y el perd\u00f3n como fruto de una negociaci\u00f3n entre verdad e impunidad. Sin embargo, como lo demuestra la experiencia argentina, cuando la impunidad reina la verdad no aflora.<!--more--><\/p>\n<p style=\"text-align: justify;\">&nbsp;<\/p>\n<p style=\"text-align: justify;\">Consideramos que en la Argentina se ha establecido fehacientemente, como resultado de la lucha del movimiento de derechos humanos y de las pol\u00edticas p\u00fablicas de distintos gobiernos constitucionales, la tr\u00e1gica singularidad de los cr\u00edmenes cometidos por la \u00faltima dictadura militar que procur\u00f3 eliminar la disidencia pol\u00edtica con el orden social establecido.<\/p>\n<p style=\"text-align: justify;\">&nbsp;<\/p>\n<p style=\"text-align: justify;\">Pensamos que las pol\u00edticas p\u00fablicas para procesar las violaciones masivas y sistem\u00e1ticas a los derechos humanos han abarcado esfuerzos reconocidos en el pa\u00eds y a escala internacional. La CONADEP constituy\u00f3 la primera comisi\u00f3n de la verdad exitosa a escala global, el Juicio a las Juntas estableci\u00f3 la existencia de un plan represivo, sistem\u00e1tico e ilegal, restaur\u00f3 la dignidad de las v\u00edctimas al reconocer su condici\u00f3n de sujeto de derecho y repuso a escala internacional a la justicia penal como herramienta para procesar las violaciones a los derechos humanos; se otorgaron reparaciones econ\u00f3micas y simb\u00f3licas, diversos lugares emblem\u00e1ticos de la represi\u00f3n fueron instituidos como sitios de memoria y este pasado forma parte del curr\u00edculo educativo. En ese marco se inscriben los juicios actuales en los que algunos de nosotros hemos intervenido en calidad de peritos, testigos o mediante otras maneras a requerimiento del poder judicial. Los juicios en curso, en los cuales los acusados gozan de todas las garant\u00edas legales, comenzaron a poner fin a una situaci\u00f3n de impunidad contraria al derecho nacional e internacional y reconocieron nuevamente la dignidad de los afectados. Su efecto no ha sido s\u00f3lo punitivo. Pusieron en evidencia la materialidad de la represi\u00f3n en provincias que se imaginaban \u00a0al \u00a0margen \u00a0de \u00a0los \u00a0cr\u00edmenes \u00a0de \u00a0Estado, \u00a0iluminaron \u00a0complicidades \u00a0corporativas \u00a0e identificaron la sistematicidad de las violencias sexuales padecidas por las\/os cautivas\/os en los centros clandestinos. \u00a0En \u00a0s\u00edntesis, \u00a0consideramos \u00a0que\u00a0 los \u00a0juicios \u00a0forman \u00a0parte \u00a0de\u00a0 un \u00a0conjunto \u00a0de\u00a0 pol\u00edticas p\u00fablicas que deben y merecen ser continuadas.<\/p>\n<\/div>\n<p style=\"text-align: justify;\">&nbsp;<\/p>\n<div style=\"text-align: justify;\">\n<p>Como investigadores de la historia reciente sabemos que la elaboraci\u00f3n de la verdad no se agota en la que producen los tribunales. Asimismo, entendemos que corresponde que la voluntad y la acci\u00f3n del Estado en esta materia se mantengan al margen de todo uso partidario, sectario o clientelar. El acceso a los archivos p\u00fablicos de la represi\u00f3n, reconocido en las disposiciones que los constituyeron, no puede ser arbitrario o discrecional. La configuraci\u00f3n de los sitios de memoria, su uso, y los relatos que gu\u00edan a sus visitantes deben comprometer amplios procesos de deliberaci\u00f3n colectiva y excluir toda banalizaci\u00f3n o faccionalismo para as\u00ed evitar que la elaboraci\u00f3n de la historia y el ejercicio de la memoria queden presas de tutelas o monopolios.<\/p>\n<p>&nbsp;<\/p>\n<p>Estas ideas forman parte de nuestro compromiso como investigadores de la historia reciente del pa\u00eds pero, tambi\u00e9n, como ciudadanos que entendemos que el conocimiento de la historia argentina reciente contin\u00faa siendo una empresa necesaria para iluminar este pasado que, por sus cualidades, nos sigue interpelando como sociedad y porque comprendemos que, en ello, se expresa nuestra voluntad para con la vigencia presente y futura de los derechos humanos.<\/p>\n<p>&nbsp;<\/p>\n<p><strong>Colectivo de trabajo sobre Historia reciente<\/strong><\/p>\n<p><strong><span style=\"color: #ff0000;\">Vea la<\/span> <a href=\"https:\/\/adhilac.com.ar\/wp-content\/uploads\/2015\/09\/Declaraci\u00f3n.pdf\">DECLARACION <\/a><\/strong><\/p>\n<p>Gabriela Aguila (CONICET-UNR); Luciano Alonso (CESIL \u2013 UNL); Ana Barletta (IDIHCS\/UNLP); Ernesto Bohoslavsky (CONICET -UNGS); Vera Carnovale (CONICET- CeDinCI\/UNSAM); Jorge Cernadas (UBA-UNGS) &#8211; Crenzel, Emilio (CONICET-UBA); Patricia Flier (IDIHCS\/UNLP); Marina Franco\u00a0 (CONICET-IDAES-UNSAM);\u00a0 Patricia\u00a0 Funes \u00a0(CONICET-UBA);\u00a0 Gara\u00f1o,\u00a0 Santiago (CONICET- UBA-UNTREF); Mar\u00eda Paula Gonz\u00e1lez (CONICET-UNGS); Jensen, Silvina (CONICET- UNS); Emmanuel Kahan (CONICET-IDIHCS\/UNLP); Laura Lenci (IDIHCS\/UNLP); Florencia Lev\u00edn (CONICET-UNGS); Laura Luciani (CLIHOS-UNR); Daniel Lvovich (CONICET-UNGS); C\u00e9sar M\u00f3naco (UNGS); Alejandra Oberti (UBA); Alberto P\u00e9rez (IDIHCS\/UNLP); Roberto Pittaluga (UBA\/UNLPam); Luciana Seminara (CLIHOS\/UNR); Hern\u00e1n Sorgentini (IDIHCS\/UNLP); Cristina Viano (CLIHOS\/UNR)<\/p>\n<p>&nbsp;<\/p>\n<p><strong>P<\/strong><strong>ara adhesiones<\/strong><a href=\"mailto:colectivohistoriareciente@gmail.com\"><strong>: colectivohistoriareciente@gmail.com<\/strong><\/a><\/p>\n<p>&nbsp;<\/p>\n<p><strong>Adhesiones recibidas<\/strong><\/p>\n<p>&nbsp;<\/p>\n<p>1.\u00a0\u00a0\u00a0\u00a0\u00a0\u00a0\u00a0\u00a0 Abbattista, Luc\u00eda (IdIHCS-UNLP)<\/p>\n<p>2.\u00a0\u00a0\u00a0\u00a0\u00a0\u00a0\u00a0\u00a0 Adamoli, Mar\u00eda Celeste (UBA\/ FLACSO\/ Ministerio de Educaci\u00f3n)<\/p>\n<p>3.\u00a0\u00a0\u00a0\u00a0\u00a0\u00a0\u00a0\u00a0 Adamovsky, Ezequiel (UBA-CONICET)<\/p>\n<p>4.\u00a0\u00a0\u00a0\u00a0\u00a0\u00a0\u00a0\u00a0 Alarc\u00f3n, Natalia ((ISHIR\/CONICET-UNR)<\/p>\n<p>5.\u00a0\u00a0\u00a0\u00a0\u00a0\u00a0\u00a0\u00a0 Alcaraz, Jorge R. (UNaM)<\/p>\n<p>6.\u00a0\u00a0\u00a0\u00a0\u00a0\u00a0\u00a0\u00a0 Alderete, Ana M. (UNC)<\/p>\n<p>7.\u00a0\u00a0\u00a0\u00a0\u00a0\u00a0\u00a0\u00a0 Alfaro Monsalve, Karen (Universidad Austral, Chile).<\/p>\n<p>8.\u00a0\u00a0\u00a0\u00a0\u00a0\u00a0\u00a0\u00a0 Allende, Santiago (UBA)<\/p>\n<p>9.\u00a0\u00a0\u00a0\u00a0\u00a0\u00a0\u00a0\u00a0 Allevi, Jos\u00e9 Ignacio ((ISHIR\/CONICET-UNR)<\/p>\n<\/div>\n<p style=\"text-align: justify;\">10.\u00a0\u00a0\u00a0\u00a0\u00a0\u00a0 Alonso, Fabiana (UNL)<\/p>\n<div style=\"text-align: justify;\">\n<p>11.\u00a0\u00a0\u00a0\u00a0\u00a0\u00a0 \u00c1lvarez, Gustavo (UBA)<\/p>\n<p>12.\u00a0\u00a0\u00a0\u00a0\u00a0\u00a0 Alvarez, Victoria (CONICET-UBA-UNLP).<\/p>\n<p>13.\u00a0\u00a0\u00a0\u00a0\u00a0\u00a0 Amado, Ana (IIEGE UBA)<\/p>\n<p>14.\u00a0\u00a0\u00a0\u00a0\u00a0\u00a0 Amigo, Roberto (UNGS\/UBA\/Museo Nacional de Bellas Artes)<\/p>\n<p>15.\u00a0\u00a0\u00a0\u00a0\u00a0\u00a0 Andrade, Gisela (UBA)<\/p>\n<p>16.\u00a0\u00a0\u00a0\u00a0\u00a0\u00a0 Andriotti Romanin, Enrique (CONICET-UNMdeP)<\/p>\n<p>17.\u00a0\u00a0\u00a0\u00a0\u00a0\u00a0 Andruchow, Marcela (UNLP)<\/p>\n<p>18.\u00a0\u00a0\u00a0\u00a0\u00a0\u00a0 And\u00fajar, Andrea (CONICET\/IIEGE-UBA\/UNP)<\/p>\n<p>19.\u00a0\u00a0\u00a0\u00a0\u00a0\u00a0 Arfuch, Leonor (IIGG-FSOC-UBA)<\/p>\n<p>20.\u00a0\u00a0\u00a0\u00a0\u00a0\u00a0 Arias Bucciarelli, Mario (UNCO)<\/p>\n<p>21.\u00a0\u00a0\u00a0\u00a0\u00a0\u00a0 Arr\u00faa, N\u00e9stor Nicol\u00e1s (FaHCE &#8211; UNLP)<\/p>\n<p>22.\u00a0\u00a0\u00a0\u00a0\u00a0\u00a0 Austral, Rosario (UNIPE &#8211; UNPAZ)<\/p>\n<p>23.\u00a0\u00a0\u00a0\u00a0\u00a0\u00a0 Bacci, Claudia (UBA)<\/p>\n<p>24.\u00a0\u00a0\u00a0\u00a0\u00a0\u00a0 Badaloni, Laura (ISHIR\/CONICET)<\/p>\n<p>25.\u00a0\u00a0\u00a0\u00a0\u00a0\u00a0 Badar\u00f3, M\u00e1ximo (CONICET\/ IDAES-UNSAM)<\/p>\n<p>26.\u00a0\u00a0\u00a0\u00a0\u00a0\u00a0 Badenes, Daniel (UNQ-UNLP)<\/p>\n<p>27.\u00a0\u00a0\u00a0\u00a0\u00a0\u00a0 Baeza, M\u00f3nica Fabiana (UNPSJB)<\/p>\n<p>28.\u00a0\u00a0\u00a0\u00a0\u00a0\u00a0 Balardini, Lorena (CONICET\/UBA)<\/p>\n<p>29.\u00a0\u00a0\u00a0\u00a0\u00a0\u00a0 Bal\u00e9, Cinthia (CONICET &#8211; IDAES\/UNSAM)<\/p>\n<p>30.\u00a0\u00a0\u00a0\u00a0\u00a0\u00a0 Barbuto, Valeria (UBA \/ Memoria Abierta)<\/p>\n<p>31.\u00a0\u00a0\u00a0\u00a0\u00a0\u00a0 Barela, Liliana (I.J.VGonzalez-IEM -DGPEIH)<\/p>\n<p>32.\u00a0\u00a0\u00a0\u00a0\u00a0 Barrancos, Dora (CONICET)<\/p>\n<p>33.\u00a0\u00a0\u00a0\u00a0\u00a0\u00a0 Barriera, Dar\u00edo (ISHIR\/CONICET-UNR)<\/p>\n<p>34.\u00a0\u00a0\u00a0\u00a0\u00a0\u00a0 Barrionuevo, Florencia (UNPSJB)<\/p>\n<p>35.\u00a0\u00a0\u00a0\u00a0\u00a0\u00a0 Basualdo, Guadalupe (UBA)<\/p>\n<p>36.\u00a0\u00a0\u00a0\u00a0\u00a0\u00a0 Basualdo, Victoria (CONICET-FLACSO)<\/p>\n<p>37.\u00a0\u00a0\u00a0\u00a0\u00a0\u00a0 Baz\u00e1n, Sonia (UNMdP)<\/p>\n<p>38.\u00a0\u00a0\u00a0\u00a0\u00a0\u00a0 B\u00e9jar , Mar\u00eda Dolores (IDIHCS\/UNLP)<\/p>\n<p>39.\u00a0\u00a0\u00a0\u00a0\u00a0\u00a0 Belinche Montequ\u00edn, Manuela (CONICET-IDIHCS\/UNLP)<\/p>\n<p>40.\u00a0\u00a0\u00a0\u00a0\u00a0\u00a0 Benega, Horacio (UNA)<\/p>\n<p>41.\u00a0\u00a0\u00a0\u00a0\u00a0\u00a0 Berrotar\u00e1n, Patricia (UNQ\/UBA)<\/p>\n<p>42.\u00a0\u00a0\u00a0\u00a0\u00a0\u00a0 Berrotar\u00e1n, Patricia M. (CeHCMe-UNQ)<\/p>\n<p>43.\u00a0\u00a0\u00a0\u00a0\u00a0\u00a0 Besoky, Juan Luis (IdIHCS\/UNLP-CONICET)<\/p>\n<p>44.\u00a0\u00a0\u00a0\u00a0\u00a0\u00a0 Besse, Juan (UBA\/UNLa)<\/p>\n<p>45.\u00a0\u00a0\u00a0\u00a0\u00a0\u00a0 Bettanin, Cristina In\u00e9s (Conicet-Undav \/UBA)<\/p>\n<p>46.\u00a0\u00a0\u00a0\u00a0\u00a0\u00a0 Bill\u00e1n, Y\u00e9sica (UNGS)<\/p>\n<p>47.\u00a0\u00a0\u00a0\u00a0\u00a0\u00a0 Blatezky, Arturo (Pastor-Coordinador Nacional MEDH)<\/p>\n<p>48.\u00a0\u00a0\u00a0\u00a0\u00a0\u00a0 Boido, Federico (UBA)<\/p>\n<p>49.\u00a0\u00a0\u00a0\u00a0\u00a0\u00a0 Bonaudo, Marta (ISHIR\/CESOR)<\/p>\n<p>50.\u00a0\u00a0\u00a0\u00a0\u00a0\u00a0 Born, Diego (UBA)<\/p>\n<p>51.\u00a0\u00a0\u00a0\u00a0\u00a0\u00a0 Boy\u00e9, Claudio (UBA)<\/p>\n<p>52.\u00a0\u00a0\u00a0\u00a0\u00a0\u00a0 Bozza, Alberto (IdIHCS-UNLP)<\/p>\n<p>53.\u00a0\u00a0\u00a0\u00a0\u00a0\u00a0 Browarnik, Graciela (UNA-AHORA)<\/p>\n<p>54.\u00a0\u00a0\u00a0\u00a0\u00a0\u00a0 Brunetti, Paulina (UNC)<\/p>\n<p>55.\u00a0\u00a0\u00a0\u00a0\u00a0\u00a0 Bubello, Juan (UBA\/UNLP)<\/p>\n<p>56.\u00a0\u00a0\u00a0\u00a0\u00a0\u00a0 Bustos, Emanuel (UNRC)<\/p>\n<p>57.\u00a0\u00a0\u00a0\u00a0\u00a0\u00a0 Caldo, Paula ((ISHIR\/CONICET-UNR)<\/p>\n<p>58.\u00a0\u00a0\u00a0\u00a0\u00a0\u00a0 Caletti Garciadiego, B\u00e1rbara (Instituto Ravignani-UBA)<\/p>\n<p>59.\u00a0\u00a0\u00a0\u00a0\u00a0\u00a0 Caletti, Sergio (UBA)<\/p>\n<\/div>\n<p><span style=\"text-align: justify;\">60.\u00a0\u00a0\u00a0\u00a0\u00a0\u00a0 Calvo, Claudia (UBA)<\/span><\/p>\n<div style=\"text-align: justify;\">\n<p>61.\u00a0\u00a0\u00a0\u00a0\u00a0\u00a0 Calvo, Nancy (UNQ)<\/p>\n<p>62.\u00a0\u00a0\u00a0\u00a0\u00a0\u00a0 Campagno, Marcelo (UBA)<\/p>\n<p>63.\u00a0\u00a0\u00a0\u00a0\u00a0\u00a0 Campos, Esteban (UBA\/CONICET)<\/p>\n<p>64.\u00a0\u00a0\u00a0\u00a0\u00a0\u00a0 Canavese, Mariana (UBA, CONICET-CeDInCI\/UNSAM)<\/p>\n<p>65.\u00a0\u00a0\u00a0\u00a0\u00a0\u00a0 Canelo, Paula (CONICET-IDAES\/UNSAM-UBA)<\/p>\n<p>66.\u00a0\u00a0\u00a0\u00a0\u00a0\u00a0 Canevari, Juana (UBA)<\/p>\n<p>67.\u00a0\u00a0\u00a0\u00a0\u00a0\u00a0 Cantera, Carmen (UNLPam)<\/p>\n<p>68.\u00a0\u00a0\u00a0\u00a0\u00a0\u00a0 Capelli<a href=\"mailto:france.capelli@gmail.com\">, <\/a>Francesca<a href=\"mailto:france.capelli@gmail.com\"> <\/a>(UBA)<\/p>\n<p>69.\u00a0\u00a0\u00a0\u00a0\u00a0\u00a0 Caram\u00e9s, Diego (UBA\/UNA)<\/p>\n<p>70.\u00a0\u00a0\u00a0\u00a0\u00a0\u00a0 Carb\u00f3n, Leandro (FyL, UBA)<\/p>\n<p>71.\u00a0\u00a0\u00a0\u00a0\u00a0\u00a0\u00a0\u00a0 Carlos Garc\u00eda Mac Gaw<\/p>\n<p>72.\u00a0\u00a0\u00a0\u00a0\u00a0\u00a0 Carnagui, Juan Luis (FaHCE-UNLP)<\/p>\n<p>73.\u00a0\u00a0\u00a0\u00a0\u00a0\u00a0 Carnevale, Sergio (UNGS &#8211; ISFD 42)<\/p>\n<p>74.\u00a0\u00a0\u00a0\u00a0\u00a0\u00a0 Caruso, Valeria (UBA)<\/p>\n<p>75.\u00a0\u00a0\u00a0\u00a0\u00a0\u00a0 Casas, Sa\u00fal Luis (IdIHCS &#8211; UNLP)<\/p>\n<p>76.\u00a0\u00a0\u00a0\u00a0\u00a0\u00a0 Castellani, Ana (UNSAM-CONICET)<\/p>\n<p>77.\u00a0\u00a0\u00a0\u00a0\u00a0\u00a0 Casullo, Mariana (UBA\/UNQ)<\/p>\n<p>78.\u00a0\u00a0\u00a0\u00a0\u00a0\u00a0 Catoggio, Soledad (UBA-CONICET)<\/p>\n<p>79.\u00a0\u00a0\u00a0\u00a0\u00a0\u00a0 Causa, Emiliano (UNLP\/UNA )<\/p>\n<p>80.\u00a0\u00a0\u00a0\u00a0\u00a0\u00a0 Celentano, Adri\u00e1n (IdIHCS-UNLP)<\/p>\n<p>81.\u00a0\u00a0\u00a0\u00a0\u00a0\u00a0 Cers\u00f3simo, Facundo (CONICET)<\/p>\n<p>82.\u00a0\u00a0\u00a0\u00a0\u00a0 Chama, Mauricio (IdIHCS-UNLP)<\/p>\n<p>83.\u00a0\u00a0\u00a0\u00a0\u00a0\u00a0 Chevalier, Clara (UNAJ-UBA)<\/p>\n<p>84.\u00a0\u00a0\u00a0\u00a0\u00a0 Cieza, Daniel (UBA)<\/p>\n<p>85.\u00a0\u00a0\u00a0\u00a0\u00a0\u00a0 Ciunfrini, Irma (UNGS)<\/p>\n<p>86.\u00a0\u00a0\u00a0\u00a0\u00a0\u00a0 Clarke, Guillermo (UNLP- Director del Archivo Hist\u00f3rico PBA)<\/p>\n<p>87.\u00a0\u00a0\u00a0\u00a0\u00a0\u00a0 Collado, Pablo (UNLP)<\/p>\n<p>88.\u00a0\u00a0\u00a0\u00a0\u00a0\u00a0 Confino, Hern\u00e1n (UBA-IDAES UNSAM- CONICET)<\/p>\n<p>89.\u00a0\u00a0\u00a0\u00a0\u00a0\u00a0 Coraza de los Santos, Enrique(ECOSUR-CONACYT, M\u00e9xico)<\/p>\n<p>90.\u00a0\u00a0\u00a0\u00a0\u00a0\u00a0 Corbelle, Florencia (UBA)<\/p>\n<p>91.\u00a0\u00a0\u00a0\u00a0\u00a0\u00a0 Correa, Francisco Emanuel (IdIHCS &#8211; UNLP)<\/p>\n<p>92.\u00a0\u00a0\u00a0\u00a0\u00a0\u00a0 Corte, Malena (CONICET-UNGS-IDES)<\/p>\n<p>93.\u00a0\u00a0\u00a0\u00a0\u00a0\u00a0 Cosse, Isabella (CONICET-UBA)<\/p>\n<p>94.\u00a0\u00a0\u00a0\u00a0\u00a0\u00a0 Coudanes, Mariela (UNL- UADER)<\/p>\n<p>95.\u00a0\u00a0\u00a0\u00a0\u00a0\u00a0 Crisorio, Carolina (UBA\/ADHILAC)<\/p>\n<p>96.\u00a0\u00a0\u00a0\u00a0\u00a0\u00a0 Cuesta, Virginia (Idihcs \u2013 UNLP)<\/p>\n<p>97.\u00a0\u00a0\u00a0\u00a0\u00a0\u00a0 Cueto Rua, Santiago (IdIHCS-UNLP)<\/p>\n<p>98.\u00a0\u00a0\u00a0\u00a0\u00a0\u00a0 Curciarello, Catalina (FaHCE &#8211; UNLP)<\/p>\n<p>99.\u00a0\u00a0\u00a0\u00a0\u00a0\u00a0 D\u00b4Antonio, D\u00e9bora (CONICET\/UBA)<\/p>\n<p>100.\u00a0\u00a0\u00a0\u00a0 Da Silva Catela, Ludmila (CONICET\/UNC-Archivo Provincial de la Memoria-C\u00f3rdoba)<\/p>\n<p>101.\u00a0\u00a0\u00a0\u00a0 Dalmaroni, Miguel CONICET (IdIHCS &#8211; UNLP)<\/p>\n<p>102.\u00a0 \u00a0Daona, Victoria (IDES-UNT)<\/p>\n<p>103.\u00a0 \u00a0de la Fuente, Vera (UBA\/IDAES\/Biblioteca Nacional)<\/p>\n<p>104.\u00a0 \u00a0de Marinis, Pablo (CONICET\/UBA)<\/p>\n<p>105.\u00a0 \u00a0Delgado, Juli\u00e1n (UBA\/EHESS)<\/p>\n<p>106.\u00a0 \u00a0Delunti, Crist\u00f3bal (IdIHCS-UNLP)<\/p>\n<p>107.\u00a0 \u00a0Demasi, Carlos (UDELAR, Uruguay )<\/p>\n<p>108.\u00a0 \u00a0Dev\u00e9s, Magal\u00ed Andrea (UBA)<\/p>\n<p>109.\u00a0 \u00a0Di Meglio, Gabriel (UBA-CONICET)<\/p>\n<\/div>\n<p style=\"text-align: justify;\">110.\u00a0 \u00a0Dicroce, Carlos Alberto (IdIHCS &#8211; UNLP)<\/p>\n<div style=\"text-align: justify;\">\n<p>111.\u00a0 \u00a0Dimarco, Sabina (CONICET-UNGS)<\/p>\n<p>112.\u00a0 \u00a0Divincenzo, Mar\u00eda Alicia (UNR)<\/p>\n<p>113.\u00a0 \u00a0Diz, Mar\u00eda Luisa (UBA\/CIS-CONICET\/IDES).<\/p>\n<p>114.\u00a0 \u00a0Dominella, Virgnia (UNS-UNLP)<\/p>\n<p>115.\u00a0 \u00a0Dom\u00ednguez, Nora (UBA)<\/p>\n<p>116.\u00a0 \u00a0Dur\u00e1n, Valeria (UBA)<\/p>\n<p>117.\u00a0 \u00a0Dussel, In\u00e9s (DIE\/Cinvestav, M\u00e9xico)<\/p>\n<p>118.\u00a0 \u00a0Ehrlich, Laura (UNQ\/CONICET)<\/p>\n<p>119.\u00a0 \u00a0Engraf, Agatha (UNS)<\/p>\n<p>120.\u00a0 \u00a0Eseverri, M\u00e1ximo (FSOC-UBA)<\/p>\n<p>121.\u00a0 \u00a0Espeche, Ximena (UBA-CONICET)<\/p>\n<p>122.\u00a0 \u00a0Falco, Alejandro (Facultad de Ciencias Sociales UBA)<\/p>\n<p>123.\u00a0 \u00a0Farias, Cristina (UNQ)<\/p>\n<p>124.\u00a0 \u00a0Far\u00edas, Mat\u00edas (UBA)<\/p>\n<p>125.\u00a0 \u00a0Feierstein, Daniel (CONICET-UNTREF-UBA)<\/p>\n<p>126.\u00a0 \u00a0Feld, Claudia (CIS-CONICET\/IDES)<\/p>\n<p>127.\u00a0 \u00a0Fern\u00e1ndez Barrio, Facundo (UBA)<\/p>\n<p>128.\u00a0 \u00a0Fern\u00e1ndez P\u00edcolo, Mauricio (UNP\/INSIHS)<\/p>\n<p>129.\u00a0 \u00a0Fern\u00e1ndez, Sandra (ISHIR\/CONICET-UNR)<\/p>\n<p>130.\u00a0 \u00a0Fern\u00e1ndez, Sebasti\u00e1n (UNT)<\/p>\n<p>131.\u00a0 \u00a0Ferraro, Nicol\u00e1s Pablo (UBA)<\/p>\n<p>132.\u00a0 \u00a0Ferreyra, Brian (UNGS)<\/p>\n<p>133.\u00a0 \u00a0Fico, Carlos (UFRJ, Brasil)<\/p>\n<p>134.\u00a0 \u00a0Fidel, Carlos (UNQ\/CLACSO)<\/p>\n<p>135.\u00a0 \u00a0Finkel, Ra\u00fal (Colegio Nacional &#8211; UNLP)<\/p>\n<p>136.\u00a0 \u00a0Finocchio, Silvia (UNLP-UBA)<\/p>\n<p>137.\u00a0 \u00a0Flachsland, Cecilia (UBA)<\/p>\n<p>138.\u00a0 \u00a0Flores, Ana (FFYH, UNC)<\/p>\n<p>139.\u00a0 \u00a0Fornillo, Bruno (UBA-CONICET)<\/p>\n<p>140.\u00a0 \u00a0Fortuny, Natalia (CONICET- UBA)<\/p>\n<p>141.\u00a0 \u00a0Fourmantin, Estela (UBA)<\/p>\n<p>142.\u00a0 \u00a0Fradkin, Ra\u00fal (Instituto Ravignani-UBA)<\/p>\n<p>143.\u00a0 \u00a0Funes, Graciela (UNCOMA)<\/p>\n<p>144.\u00a0 \u00a0Gago, Mar\u00eda Paula (CONICET-IIGG).<\/p>\n<p>145.\u00a0 \u00a0Galante, Diego (CONICET-UBA)<\/p>\n<p>146.\u00a0 \u00a0Galiana, Sergio (UBA \/ UNGS \/ UNQ)<\/p>\n<p>147.\u00a0 \u00a0Gamarnik, Cora (FSOC-UBA\/ UNM)<\/p>\n<p>148.\u00a0 \u00a0Gandulfo, Juan (CIS-CONICET\/IDES)<\/p>\n<p>149.\u00a0 \u00a0Garabedian, Marcelo (UBA \/ UNPAZ)<\/p>\n<p>150.\u00a0 \u00a0Garatte, Mar\u00eda Luciana (UNLP)<\/p>\n<p>151.\u00a0 \u00a0Garbero, Vanesa (CONICET, UNC)<\/p>\n<p>152.\u00a0 \u00a0Garcilazo, Romina (UNR)<\/p>\n<p>153.\u00a0 \u00a0G\u00e1rgano, Cecilia (CONICET-UNSAM)<\/p>\n<p>154.\u00a0 \u00a0Garguin, Enrique (IdIHCS-UNLP)<\/p>\n<p>155.\u00a0 \u00a0Garriga, Mar\u00eda Cristina (UNLP)<\/p>\n<p>156.\u00a0 \u00a0Garulli, Liliana (CBC-UBA)<\/p>\n<p>157.\u00a0 \u00a0Gatica, M\u00f3nica (UNPSJB-Trelew)<\/p>\n<p>158.\u00a0 \u00a0Geli, Patricio (UBA)<\/p>\n<p>159.\u00a0 \u00a0Gelman, Jorge (CONICET- UBA)<\/p>\n<\/div>\n<p style=\"text-align: justify;\">160.\u00a0 \u00a0Gentile, Mar\u00eda Beatriz (Decana Facultad de Humanidades UNCo.)<\/p>\n<div style=\"text-align: justify;\">\n<p>161.\u00a0 \u00a0Gesteira, Soledad (UBA\/CONICET)<\/p>\n<p>162.\u00a0 \u00a0Ghigliani, Pablo (IdIHCS-UNLP)<\/p>\n<p>163.\u00a0 \u00a0Gomez, Joaqu\u00edn, \u00a0(UBA\/UNLA)<\/p>\n<p>164.\u00a0 \u00a0Gonz\u00e1lez Canosa, Mora (CONICET -IdIHCS UNLP)<\/p>\n<p>165.\u00a0 \u00a0Gonz\u00e1lez De Oleaga, Marisa (UNED, Espa\u00f1a)<\/p>\n<p>166.\u00a0 \u00a0Gonz\u00e1lez Tiz\u00f3n, \u00a0Rodrigo (CONICET\/UBA\/IDAES-UNSAM).<\/p>\n<p>167.\u00a0 \u00a0Gonz\u00e1lez, Alejandra Adela (UNDAV\/UBA\/UNSAL)<\/p>\n<p>168.\u00a0 \u00a0Gonz\u00e1lez, Carola (UNPSJB)<\/p>\n<p>169.\u00a0 \u00a0Gonz\u00e1lez, Claudia (UNGS)<\/p>\n<p>170.\u00a0 \u00a0Gonz\u00e1lez, Mart\u00edn (UBA)<\/p>\n<p>171.\u00a0 \u00a0Gonz\u00e1lez, Miguel (ISPJVG-UTDT)<\/p>\n<p>172.\u00a0 \u00a0Gonzalves, Ricardo (UNGS)<\/p>\n<p>173.\u00a0 \u00a0Gordillo, M\u00f3nica (IDH-UNC-CONICET)<\/p>\n<p>174.\u00a0 \u00a0Gramm\u00e1tico, Karin (UBA-UNAJ)<\/p>\n<p>175.\u00a0 \u00a0Gr\u00e9goire, Gabriel (IESH-UNLPam)<\/p>\n<p>176.\u00a0 \u00a0Grimberg, Julieta (UBA\/UNPAZ)<\/p>\n<p>177.\u00a0 \u00a0Grondona, Ana (UBA-CONICET-CCC)<\/p>\n<p>178.\u00a0 \u00a0Haber, Magal\u00ed (UBA)<\/p>\n<p>179.\u00a0 \u00a0Heredia, Mariana (CONICET-UNSAM-UBA).<\/p>\n<p>180.\u00a0 \u00a0Hermeto, Miriam (UFMG, Brasil)<\/p>\n<p>181.\u00a0 \u00a0Iglesias, Federico (UNGS)<\/p>\n<p>182.\u00a0 \u00a0Insausti, Santiago Joaqu\u00edn (UBA-IIGG)<\/p>\n<p>183.\u00a0 \u00a0Iribarne, Mar\u00eda Clara (CEA\/UNC)<\/p>\n<p>184.\u00a0 \u00a0Izaguirre, In\u00e9s (UBA)<\/p>\n<p>185.\u00a0 \u00a0Jedlicki, Fanny (Universit\u00e9 du Havre, Francia)<\/p>\n<p>186.\u00a0 \u00a0Jel\u00edn, Elizabeth (CIS &#8211; IDES\/CONICET)<\/p>\n<p>187.\u00a0 \u00a0Kaiser, Susana (University of San Francisco, Estados Unidos)<\/p>\n<p>188.\u00a0 \u00a0Kaufman, Alejandro (UNQ\/UBA)<\/p>\n<p>189.\u00a0 \u00a0Kogan, Sergio (FA\/UNC)<\/p>\n<p>190.\u00a0 \u00a0La Rocca, Malena (IIGG-UBA)<\/p>\n<p>191.\u00a0 \u00a0Laguarda, Paula (IESH-UNLPam\/CONICET)<\/p>\n<p>192.\u00a0 \u00a0Laino Sanchis, Fabricio (CONICET-UBA-UNSAM)<\/p>\n<p>193.\u00a0 \u00a0Lampasona, Julieta (IIGG\/FSOC\/UBA)<\/p>\n<p>194.\u00a0 \u00a0Langieri, Marcelo (UBA)<\/p>\n<p>195.\u00a0 \u00a0Lanzillotta, Mar\u00eda (UNLPam)<\/p>\n<p>196.\u00a0 \u00a0Lastra, Mar\u00eda Soledad (IdIHCS-UNLP)<\/p>\n<p>197.\u00a0 \u00a0Lazzari, Axel (UNSAM\/Conicet)<\/p>\n<p>198.\u00a0 \u00a0Lenton, Diana (UBA\/CONICET).<\/p>\n<p>199.\u00a0 \u00a0Leone, Miguel (CONICET\/UBA-IEALC)<\/p>\n<p>200.\u00a0 \u00a0Lessa, Francesca (Universidad de Oxford, Reino Unido).<\/p>\n<p>201.\u00a0 \u00a0Liberczuk, Carolina (UBA-UNGS)<\/p>\n<p>202.\u00a0 \u00a0Linares, Mar\u00eda Dolores (IESH- CONICET- UNLPam)<\/p>\n<p>203.\u00a0 \u00a0Llobet, Valeria (CEDESI\/UNSAM, CONICET)<\/p>\n<p>204.\u00a0 \u00a0Lloret, Rodrigo (UBA\/Flacso)<\/p>\n<p>205.\u00a0 \u00a0Lombardi, Alba (C\u00e1tedra DDHH FFyL UBA)<\/p>\n<p>206.\u00a0 \u00a0Longoni, Ana (CONICET\/UBA)<\/p>\n<p>207.\u00a0 \u00a0L\u00f3pez Cantera, Mercedes Fernanda (UBA)<\/p>\n<p>208.\u00a0 \u00a0L\u00f3pez, Dami\u00e1n (UBA\/UNQ)<\/p>\n<p>209.\u00a0 \u00a0Lorenz, Federico (CONICET &#8211; UBA)<\/p>\n<\/div>\n<p style=\"text-align: justify;\">210.\u00a0 \u00a0Lorenzetti, Luciano (UNS-UNPA)<\/p>\n<div style=\"text-align: justify;\">\n<p>211.\u00a0 \u00a0Lucena, Daniela (UBA-CONICET)<\/p>\n<p>212.\u00a0 \u00a0Lucero, Guadalupe (UBA \/ UNA)<\/p>\n<p>213.\u00a0 \u00a0Luzuriaga, Pablo (UBA)<\/p>\n<p>214.\u00a0 \u00a0Mac\u00f3n, Cecilia (FFyL UBA)<\/p>\n<p>215.\u00a0 \u00a0Mallimaci, Fortunato (UBA\/CONICET)<\/p>\n<p>216.\u00a0 \u00a0Manzano, Valeria (CONICET \/ UNSAM).<\/p>\n<p>217.\u00a0 \u00a0Marchesi, Aldo (Universidad de la Rep\u00fablica, Uruguay)<\/p>\n<p>218.\u00a0 \u00a0Marinaro, Salvador (USal)<\/p>\n<p>219.\u00a0 \u00a0Marrone, Irene (IIGG-FCS-UBA)<\/p>\n<p>220.\u00a0 \u00a0Mart\u00ednez, Josefina (UBA)<\/p>\n<p>221.\u00a0 \u00a0Mart\u00ednez, Liliana (Red Puna \u2013 Jujuy)<\/p>\n<p>222.\u00a0 \u00a0Martocci, Federico (IESH-UNLPam)<\/p>\n<p>223.\u00a0 \u00a0Masotta, Carlos (CONICET- UBA)<\/p>\n<p>224.\u00a0 \u00a0Massone, Marisa (UBA-FLACSO)<\/p>\n<p>225.\u00a0 \u00a0Mastr\u00e1ngelo, Mariana (UN de Chilecito)<\/p>\n<p>226.\u00a0 \u00a0Mazzei, Daniel (UBA)<\/p>\n<p>227.\u00a0 \u00a0Melendo, Mar\u00eda Jos\u00e9 (UNCo-UNRN)<\/p>\n<p>228.\u00a0 \u00a0Mendizabal, Mar\u00eda Eugenia (UBA)<\/p>\n<p>229.\u00a0 \u00a0Merbilha\u00e1, Margarita (CONICET-IdIHCS-UNLP)<\/p>\n<p>230.\u00a0 \u00a0Mereb, Ayel\u00e9n (CONICET\/ UNLP\/IDyPCa-UNRN)<\/p>\n<p>231.\u00a0 \u00a0Merele, Hern\u00e1n (UNGS)<\/p>\n<p>232.\u00a0 \u00a0Merenson, Silvina (CIS-CONICET\/IDES e IDAES\/UNSAM)<\/p>\n<p>233.\u00a0 \u00a0Meschiany, Talia (IdIHCS-UNLP)<\/p>\n<p>234.\u00a0 \u00a0Mestman, Mariano (UBA-CONICET)<\/p>\n<p>235.\u00a0 \u00a0Miliddi, Federico Mart\u00edn (UBA)<\/p>\n<p>236.\u00a0 \u00a0Miranda, Viviana (UNGS)<\/p>\n<p>237.\u00a0 \u00a0Mohaded, Ana (Facultad de Artes, UNC)<\/p>\n<p>238.\u00a0 \u00a0Monasterolo, Elvio (IESH-UNLPam)<\/p>\n<p>239.\u00a0 \u00a0Montero, Mar\u00eda Lorena (UNS\/CONICET)<\/p>\n<p>240.\u00a0 \u00a0Morales, Domingo (UNPSJB)<\/p>\n<p>241.\u00a0 \u00a0Mosquera, Horacio (UBA)<\/p>\n<p>242.\u00a0 \u00a0Motto, Carlos Ernesto (UBA)<\/p>\n<p>243.\u00a0 \u00a0Movimiento Ecum\u00e9nico por los Derechos Humanos<\/p>\n<p>244.\u00a0 \u00a0Mudrovcic, Mar\u00eda In\u00e9s (UNCO-CONICET)<\/p>\n<p>245.\u00a0 \u00a0Musitano, Adriana (FFyH-UNC)<\/p>\n<p>246.\u00a0 \u00a0Muzzopappa, Eva (UNRN)<\/p>\n<p>247.\u00a0 \u00a0Nazar, Mariana (UBA)<\/p>\n<p>248.\u00a0 \u00a0Nemec, Diego (UNAJ)<\/p>\n<p>249.\u00a0 \u00a0Nieto, Nadia (UNLP)<\/p>\n<p>250.\u00a0 \u00a0Nofal, Rossana (CONICET-UNT)<\/p>\n<p>251.\u00a0 \u00a0Novick, Andrea (UBA)<\/p>\n<p>252.\u00a0 \u00a0Olivares, Mar\u00eda Laura (UNPSJB-Comodoro Rivadavia)<\/p>\n<p>253.\u00a0 \u00a0Olmos, Vanesa (UNLP)<\/p>\n<p>254.\u00a0 \u00a0Osuna, Florencia (UNGS-UNLP)<\/p>\n<p>255.\u00a0 \u00a0Otero, Roc\u00edo (UBA)<\/p>\n<p>256.\u00a0 \u00a0Paganini, Mariana (UBA)<\/p>\n<p>257.\u00a0 \u00a0Pag\u00e8s Blanch, Joan (UAB, Espa\u00f1a)<\/p>\n<p>258.\u00a0 \u00a0Paiaro, Melisa (CEA-UNC \/ CONICET)<\/p>\n<p>259.\u00a0 \u00a0Palieraki, Eugenia (Universit\u00e9 de Cergy-Pontoise, Francia)<\/p>\n<\/div>\n<p style=\"text-align: justify;\">260.\u00a0 \u00a0Pappier, Viviana (IdIHCS &#8211; UNLP)<\/p>\n<div style=\"text-align: justify;\">\n<p>261.\u00a0 \u00a0Pappier, Viviana (UNLP)<\/p>\n<p>262.\u00a0 \u00a0Parenti, Silvio (Direcci\u00f3n de DDHH &#8211; UNLP<\/p>\n<p>263.\u00a0 \u00a0Pasino, Alejandra (UBA)<\/p>\n<p>264.\u00a0 \u00a0Pearson, Paula Roc\u00edo (UBA)<\/p>\n<p>265.\u00a0 \u00a0Pecheny, Mario (UBA-CONICET)<\/p>\n<p>266.\u00a0 \u00a0Pellegrini, Micaela (ISHIR\/CONICET)<\/p>\n<p>267.\u00a0 \u00a0Peller, Mariela (CONICET-UBA)<\/p>\n<p>268.\u00a0 \u00a0Perelman, Marcela (UBA\/Directora del \u00c1rea de Investigaci\u00f3n CELS)<\/p>\n<p>269.\u00a0 \u00a0Pereyra, Sebasti\u00e1n (CONICET-IDAES\/UNSAM)<\/p>\n<p>270.\u00a0 \u00a0P\u00e9rez \u00c1lvarez, Gonzalo (UNP-INSIHS\/CONICET)<\/p>\n<p>271.\u00a0 \u00a0P\u00e9rez Esquivel, Adolfo, (Premio Nobel de la Paz, SEPAJ, UBA)<\/p>\n<p>272.\u00a0 \u00a0Perez Mendoza, Joel (Colegio de M\u00e9xico)<\/p>\n<p>273.\u00a0 \u00a0P\u00e9rez, Claudia (UNPSJB-Trelew)<\/p>\n<p>274.\u00a0 \u00a0Petra, Adriana (CeDInCI\/UNSAM- CONICET)<\/p>\n<p>275.\u00a0 \u00a0Petrone, Mario (UBA)<\/p>\n<p>276.\u00a0 \u00a0Philp, Marta (UNC)<\/p>\n<p>277.\u00a0 \u00a0Piazzi, Carolina (ISHIR-CESOR)<\/p>\n<p>278.\u00a0 \u00a0Pineau, Marisa (UBA)<\/p>\n<p>279.\u00a0 \u00a0Pinto Vallejos, Julio (Universidad de Santiago de Chile)<\/p>\n<p>280.\u00a0 \u00a0Pis Diez, Nayla (CONICET-IdIHCS-UNLP)<\/p>\n<p>281.\u00a0 \u00a0Pisarello, Virgnia (CESIL-UNL \/ UADER)<\/p>\n<p>282.\u00a0 \u00a0Pita, Mar\u00eda Victoria (UBA \/ CONICET)<\/p>\n<p>283.\u00a0 \u00a0Poczynok, Cristian Miguel (UBA)<\/p>\n<p>284.\u00a0 \u00a0Ponisio, Mariana (UNR-CONICET)<\/p>\n<p>285.\u00a0 \u00a0Pontoriero, Esteban (IDAES-UNSAM)<\/p>\n<p>286.\u00a0 \u00a0Porta, Fernando (UNQ-CIECTI)<\/p>\n<p>287.\u00a0 \u00a0Portos, Joan Manuel (UBA)<\/p>\n<p>288.\u00a0 \u00a0Pozzi, Pablo (UBA)<\/p>\n<p>289.\u00a0 \u00a0Pujol, Sergio (UNLP &#8211; CONICET)<\/p>\n<p>290.\u00a0 \u00a0Quadrat, Samantha (UFF, Brasil)<\/p>\n<p>291.\u00a0\u00a0\u00a0\u00a0 Quiroga, Gustavo (FFyL \u2013 UBA)<\/p>\n<p>292.\u00a0 \u00a0Rabotnikof, Nora (IIF-UNAM, M\u00e9xico)<\/p>\n<p>293.\u00a0 \u00a0Radovich, Juan Carlos (UBA-CONICET)<\/p>\n<p>294.\u00a0 \u00a0Raggio, Sandra (Comisi\u00f3n por la Memoria Bs.As \u2013 UNLP)<\/p>\n<p>295.\u00a0 \u00a0Raina, Andrea (CONICET \/ CESIL \u2013 UNL)<\/p>\n<p>296.\u00a0 \u00a0Ram\u00edrez, Ana Julia (IdIHCS-UNLP)<\/p>\n<p>297.\u00a0 \u00a0Ram\u00edrez, Hern\u00e1n (Unisinos, Brasil)<\/p>\n<p>298.\u00a0 \u00a0Ramos, Hugo (CESIL \u2013 UNL)<\/p>\n<p>299.\u00a0 \u00a0Ratto, Alex (ISHIR\/CONICET-UNR)<\/p>\n<p>300.\u00a0 \u00a0Regueiro, Sabina (UBA \/ CONICET)<\/p>\n<p>301.\u00a0 \u00a0Rey Trist\u00e1n, Eduardo (USC, Espa\u00f1a)<\/p>\n<p>302.\u00a0 \u00a0Rey, Ana L\u00eda (UBA)<\/p>\n<p>303.\u00a0 \u00a0Rifkin, Deborah (UBA)<\/p>\n<p>304.\u00a0 \u00a0Risler, Julia (UBA)<\/p>\n<p>305.\u00a0 \u00a0Roca, Jos\u00e9 Ignacio (UNLPam)<\/p>\n<p>306.\u00a0 \u00a0Rodr\u00edguez Ag\u00fcero, Laura (UNCuyo)<\/p>\n<p>307.\u00a0 \u00a0Rodr\u00edguez, Andrea Bel\u00e9n (CONICET-UNCO)<\/p>\n<p>308.\u00a0 \u00a0Rodriguez, Fernando (UBA)<\/p>\n<p>309.\u00a0 \u00a0Rodr\u00edguez, Laura Graciela (CONICET\/ IdIHCS\/UNLP)<\/p>\n<\/div>\n<p style=\"text-align: justify;\">310.\u00a0 \u00a0Rodr\u00edguez, Mar\u00eda Graciela (UNPSJB)<\/p>\n<div style=\"text-align: justify;\">\n<p>311.\u00a0 \u00a0Rosetti, Sandra (UNS)<\/p>\n<p>312.\u00a0 \u00a0Rostica, Julieta (CONICET-UBA)<\/p>\n<p>313.\u00a0 \u00a0Rubinich, Lucas (IIGG, FSC\u2013 UBA)<\/p>\n<p>314.\u00a0 \u00a0Ruy, Carolina (UNA\/UP\/IVA)<\/p>\n<p>315.\u00a0 \u00a0Salcedo, Javier (UNTREF)<\/p>\n<p>316.\u00a0 \u00a0Salomon Tarquini, Claudia (CONICET-UNLPam)<\/p>\n<p>317.\u00a0 \u00a0Salomone, Alicia (Universidad de Chile)<\/p>\n<p>318.\u00a0 \u00a0Salvatori, Samanta (CISH\/UNLP)<\/p>\n<p>319.\u00a0 \u00a0Salvi, Valentina (CIS-CONICET\/IDES\/UNTREF\/UBA)<\/p>\n<p>320.\u00a0 \u00a0San Juli\u00e1n, Dolores (UBA)<\/p>\n<p>321.\u00a0 \u00a0S\u00e1nchez, Bel\u00e9n (C\u00e1tedra DDHH FFyL UBA)<\/p>\n<p>322.\u00a0 \u00a0S\u00e1nchez, Laura (FCH UNLPam)<\/p>\n<p>323.\u00a0 \u00a0S\u00e1nchez, Laura Gabriela (UBA)<\/p>\n<p>324.\u00a0 \u00a0Santilli, Daniel (Instituto Ravignani-CONICET\/UBA)<\/p>\n<p>325.\u00a0 \u00a0Sarrabayrouse Oliveira, Mar\u00eda Jos\u00e9 (UBA)<\/p>\n<p>326.\u00a0 \u00a0Sarsale, Clara (UBA\/UNGS-IDES)<\/p>\n<p>327.\u00a0 \u00a0Satta, Paula (FaHCE &#8211; UNLP)<\/p>\n<p>328.\u00a0 \u00a0Sazb\u00f3n, Daniel Bernardo (UBA-UNAJ)<\/p>\n<p>329.\u00a0 \u00a0Scardamaglia, Ver\u00f3nica (Psicolog\u00eda UBA)<\/p>\n<p>330.\u00a0 \u00a0Scatizza, Pablo(UNCO)<\/p>\n<p>331.\u00a0 \u00a0Schenquer, Laura (CESIL\u2013UNL)<\/p>\n<p>332.\u00a0 \u00a0Schindel, Estela (UBA, Universidad de Constanza, Alemania)<\/p>\n<p>333.\u00a0 \u00a0Schneider, Alejandro (IDIHCS\/UNLP-UBA)<\/p>\n<p>334.\u00a0 \u00a0Sch\u00f6nemann, Eduardo (UNC, Depto de Cine y Tv. Facultad de Artes)<\/p>\n<p>335.\u00a0 \u00a0Scirica, Elena (UBA\/UNA)<\/p>\n<p>336.\u00a0 \u00a0Scocco, Marianella UNR-CONICET<\/p>\n<p>337.\u00a0 \u00a0Sedr\u00e1n, Paula (ISHIR\/CONICET)<\/p>\n<p>338.\u00a0 \u00a0Seia, Guadalupe (CONICET)<\/p>\n<p>339.\u00a0 \u00a0Seitz, Ana In\u00e9s (CONICET-UNLP-UNS)<\/p>\n<p>340.\u00a0 \u00a0Serrano, Mar\u00eda Cecilia (UBA)<\/p>\n<p>341.\u00a0 \u00a0Sessa, Leandro CONICET (IdIHCS &#8211; UNLP)<\/p>\n<p>342.\u00a0 \u00a0Sily, Alberto (Ex investigador CEIL\/CONICET).<\/p>\n<p>343.\u00a0 \u00a0Simas, Carolina (UNPSJB)<\/p>\n<p>344.\u00a0 \u00a0Simonassi, Silvia (ISHIR-CESOR\/UNR)<\/p>\n<p>345.\u00a0 \u00a0Simonoff, Alejandro (IdIHCS-UNLP)<\/p>\n<p>346.\u00a0 \u00a0Skura, Susana (UBA- Memoria Abierta)<\/p>\n<p>347.\u00a0 \u00a0Slipak, Daniela (Conicet-UNSAM)<\/p>\n<p>348.\u00a0 \u00a0Soler, Lorena (CONICET-UBA)<\/p>\n<p>349.\u00a0 \u00a0Sol\u00eds, Ana Carol (UNC)<\/p>\n<p>350.\u00a0 \u00a0Sonder\u00e9guer, Mar\u00eda (UNQUi)<\/p>\n<p>351.\u00a0 \u00a0Stantic, Lita (Productora cinematogr\u00e1fica)<\/p>\n<p>352.\u00a0 \u00a0Starcenbaum, Marcelo (IdIHCS-UNLP)<\/p>\n<p>353.\u00a0 \u00a0Swedzky, Javier (UNA)<\/p>\n<p>354.\u00a0 \u00a0Szurmuk, M\u00f3nica (UBA\/CONICET)<\/p>\n<p>355.\u00a0 \u00a0Taccetta, Natalia (UBA\/UNA)<\/p>\n<p>356.\u00a0 \u00a0Tarcus, Horacio (CeDInCI\/UNSAM-UBA-CONICET)<\/p>\n<p>357.\u00a0 \u00a0Tarducci, M\u00f3nica (UBA\/UNSAM)<\/p>\n<p>358.\u00a0 \u00a0Tell, Mar\u00eda Gracia (UNL)<\/p>\n<p>359.\u00a0 \u00a0Tiscornia, Sof\u00eda (UBA \/ CELS)<\/p>\n<\/div>\n<p style=\"text-align: justify;\">360.\u00a0 \u00a0Tocho, Fernanda (CONICET-IdIHCS-UNLP)<\/p>\n<p style=\"text-align: justify;\">361.\u00a0 \u00a0Tolcachier, Fabriana (UNS)<\/p>\n<p style=\"text-align: justify;\">362.\u00a0 \u00a0Tolentino, Marcos (UNICAMP, Brasil)<\/p>\n<p style=\"text-align: justify;\">363.\u00a0 \u00a0Tonon, Mar\u00eda Cecilia (CESIL \u2013 UNL)<\/p>\n<p style=\"text-align: justify;\">364.\u00a0 \u00a0Tornay, Lizel (UBA-UNPAZ)<\/p>\n<p style=\"text-align: justify;\">365.\u00a0 \u00a0Torres, Fernanda (IdIHCS-UNLP)<\/p>\n<p style=\"text-align: justify;\">366.\u00a0 \u00a0Tortti, Mar\u00eds Cristina (IdIHCS-UNLP)<\/p>\n<p style=\"text-align: justify;\">367.\u00a0 \u00a0Tossi, Mauricio (CONICET &#8211; UNRN)<\/p>\n<p style=\"text-align: justify;\">368.\u00a0 \u00a0Troncoso, Ana (UNPSJB-Trelew)<\/p>\n<p style=\"text-align: justify;\">369.\u00a0 \u00a0Urquiza, Yolanda (FHCS, UNM)<\/p>\n<p style=\"text-align: justify;\">370.\u00a0 \u00a0Valdivia Ort\u00edz de Z\u00e1rate, Ver\u00f3nica (Universidad Diego Portales, Chile)<\/p>\n<p style=\"text-align: justify;\">371.\u00a0 \u00a0Van Dembroucke, Celina (UBA\/McGill University, Canad\u00e1)<\/p>\n<p style=\"text-align: justify;\">372.\u00a0 \u00a0Vannucchi, Edgardo (Centro Cultural de la Memoria Haroldo Conti-UBA)<\/p>\n<p style=\"text-align: justify;\">373.\u00a0 \u00a0Vazquez, Cristian (CONICET-UNaF-UNGS)<\/p>\n<p style=\"text-align: justify;\">374.\u00a0 \u00a0Vega Mart\u00ednez, Mercedes (UBA, FaCE-UNT)<\/p>\n<p style=\"text-align: justify;\">375.\u00a0 \u00a0Vega, Natalia (CESIL \u2013 UNL)<\/p>\n<p style=\"text-align: justify;\">376.\u00a0 \u00a0Verzero, Lorena (CONICET-UBA)<\/p>\n<p style=\"text-align: justify;\">377.\u00a0 \u00a0Vicente, Martin Alejandro (CONICET \u2013 UNGS)<\/p>\n<p style=\"text-align: justify;\">378.\u00a0 \u00a0Videla, Oscar (ISHIR\/CONICET-UNR)<\/p>\n<p style=\"text-align: justify;\">379.\u00a0 \u00a0Viguera, An\u00edbal (FaHCE-UNLP)<\/p>\n<p style=\"text-align: justify;\">380.\u00a0 \u00a0Villalta, Carla (UBA\/CONICET)<\/p>\n<p style=\"text-align: justify;\">381.\u00a0 \u00a0Villarruel, Roberto (Director Centro Universitario de Idiomas-CUI)<\/p>\n<p style=\"text-align: justify;\">382.\u00a0 \u00a0Visconti, Marcela (UBA)<\/p>\n<p style=\"text-align: justify;\">383.\u00a0 \u00a0Vitelli, Federico (UNS)<\/p>\n<p style=\"text-align: justify;\">384.\u00a0 \u00a0Vittor, Carolina (Stony Brook University \/ UBA)<\/p>\n<p style=\"text-align: justify;\">385.\u00a0 \u00a0Volkind, Pablo (UBA)<\/p>\n<p style=\"text-align: justify;\">386.\u00a0 \u00a0Vommaro, Pablo (UBA\/CONICET)<\/p>\n<p style=\"text-align: justify;\">387.\u00a0 \u00a0Wasserman, Fabio (CONICET-UBA)<\/p>\n<p style=\"text-align: justify;\">388.\u00a0 \u00a0Winner, Sonia (UBA- Conicet)<\/p>\n<p style=\"text-align: justify;\">389.\u00a0 \u00a0Wisch\u00f1ervsky, Sergio (UBA)<\/p>\n<p style=\"text-align: justify;\">390.\u00a0 \u00a0Wlosko, Miriam (UNLa)<\/p>\n<p style=\"text-align: justify;\">391.\u00a0 \u00a0Wrobel, Iv\u00e1n (UBA)<\/p>\n<p style=\"text-align: justify;\">392.\u00a0 \u00a0Yankelevich, Pablo (Colegio de M\u00e9xico)<\/p>\n<p style=\"text-align: justify;\">393.\u00a0 \u00a0Yannuzzi, Nadia (UBA)<\/p>\n<p style=\"text-align: justify;\">394.\u00a0 \u00a0Zampa, Romina (ISHIR\/CONICET)<\/p>\n<p style=\"text-align: justify;\">395.\u00a0 \u00a0Zanetto, Roc\u00edo (UNS\/CONICET)<\/p>\n<p style=\"text-align: justify;\">396.\u00a0 \u00a0Zapata, Ana Bel\u00e9n (UBA\/UNS\/CONICET)<\/p>\n<p style=\"text-align: justify;\">397.\u00a0 \u00a0Zimerman, Silvina (UBA)<\/p>\n<p style=\"text-align: justify;\">398.\u00a0 \u00a0Zingarelli, Andrea (UNLP)<\/p>\n<p style=\"text-align: justify;\">399.\u00a0 \u00a0Zubillaga, Paula (UNPAZ)<\/p>\n<p style=\"text-align: justify;\">400.\u00a0 \u00a0Zylberman, Lior (CONICET\/CEG-UNTREF\/UBA)<\/p>\n<p style=\"text-align: justify;\">&nbsp;<\/p>\n<p style=\"text-align: justify;\"><strong>P<\/strong><strong>ara adhesiones<\/strong><a href=\"mailto:colectivohistoriareciente@gmail.com\"><strong>: colectivohistoriareciente@gmail.com<\/strong><\/a><\/p>\n<p style=\"text-align: justify;\">&nbsp;<\/p>\n<p><strong>Publicado por ADHILAC Internacional \u00a9 www.adhilac.com.ar<\/strong><\/p>\n<p>Si Ud. desea asociarse de acuerdo a los Estatutos de ADHILAC\u00a0<a title=\"(ver)\" href=\"https:\/\/adhilac.com.ar\/?page_id=263\">(ver)<\/a> complete el siguiente formulario\u00a0<a title=\"(ver)\" href=\"https:\/\/adhilac.com.ar\/?page_id=3194\">(ver)<\/a><\/p>\n<p>E-mail: info@adhilac.com.ar<strong> <\/strong><\/p>\n<p>Twitter: @AdhilacInfo<\/p>\n","protected":false},"excerpt":{"rendered":"<p>La democracia se construye con verdad y con justicia En \u00a0nuestra \u00a0condici\u00f3n \u00a0de \u00a0investigadores \u00a0de \u00a0la \u00a0historia \u00a0reciente \u00a0de \u00a0la \u00a0Argentina, \u00a0que desarrollamos nuestra labor en el CONICET y en diversas universidades nacionales y extranjeras, queremos manifestar nuestra preocupaci\u00f3n por una serie de intervenciones producidas en diversas \u00e1mbitos acad\u00e9micos \u2013 la Universidad Cat\u00f3lica Argentina, la [&hellip;]<\/p>\n","protected":false},"author":2,"featured_media":0,"comment_status":"closed","ping_status":"closed","sticky":false,"template":"","format":"standard","meta":{"_crdt_document":"","footnotes":""},"categories":[15,40],"tags":[67,116],"class_list":["post-11187","post","type-post","status-publish","format-standard","hentry","category-historia","category-informaciones","tag-argentina","tag-derechos-humanos"],"_links":{"self":[{"href":"https:\/\/adhilac.com.ar\/index.php?rest_route=\/wp\/v2\/posts\/11187","targetHints":{"allow":["GET"]}}],"collection":[{"href":"https:\/\/adhilac.com.ar\/index.php?rest_route=\/wp\/v2\/posts"}],"about":[{"href":"https:\/\/adhilac.com.ar\/index.php?rest_route=\/wp\/v2\/types\/post"}],"author":[{"embeddable":true,"href":"https:\/\/adhilac.com.ar\/index.php?rest_route=\/wp\/v2\/users\/2"}],"replies":[{"embeddable":true,"href":"https:\/\/adhilac.com.ar\/index.php?rest_route=%2Fwp%2Fv2%2Fcomments&post=11187"}],"version-history":[{"count":3,"href":"https:\/\/adhilac.com.ar\/index.php?rest_route=\/wp\/v2\/posts\/11187\/revisions"}],"predecessor-version":[{"id":11189,"href":"https:\/\/adhilac.com.ar\/index.php?rest_route=\/wp\/v2\/posts\/11187\/revisions\/11189"}],"wp:attachment":[{"href":"https:\/\/adhilac.com.ar\/index.php?rest_route=%2Fwp%2Fv2%2Fmedia&parent=11187"}],"wp:term":[{"taxonomy":"category","embeddable":true,"href":"https:\/\/adhilac.com.ar\/index.php?rest_route=%2Fwp%2Fv2%2Fcategories&post=11187"},{"taxonomy":"post_tag","embeddable":true,"href":"https:\/\/adhilac.com.ar\/index.php?rest_route=%2Fwp%2Fv2%2Ftags&post=11187"}],"curies":[{"name":"wp","href":"https:\/\/api.w.org\/{rel}","templated":true}]}}