{"id":11190,"date":"2015-10-01T08:28:47","date_gmt":"2015-10-01T11:28:47","guid":{"rendered":"https:\/\/adhilac.com.ar\/?p=11190"},"modified":"2015-10-01T08:28:47","modified_gmt":"2015-10-01T11:28:47","slug":"ix-encuentro-de-centros-espanoles-de-redial-sevilla-29-y-30-de-octubre-de-2015","status":"publish","type":"post","link":"https:\/\/adhilac.com.ar\/?p=11190","title":{"rendered":"IX Encuentro de Centros Espa\u00f1oles de REDIAL. Sevilla. 29 y 30 de octubre de 2015"},"content":{"rendered":"<div dir=\"ltr\">\n<div dir=\"ltr\">\n<div>\n<div style=\"text-align: justify;\">IX ENCUENTRO DE CENTROS ESPA\u00d1OLES DE REDIAL:<\/div>\n<div style=\"text-align: justify;\">\u00abFondos y recursos iberoamericanos para las humanidades digitales\u00bb<\/p>\n<p>Organiza: REDIAL (Red Europea de Informaci\u00f3n y Documentaci\u00f3n sobre Am\u00e9rica Latina) y Biblioteca Ots Capdequ\u00ed de la Escuela de Estudios Hispanoamericanos (CSIC), con el patrocinio de la Subdirecci\u00f3n\u00a0 General de Coordinaci\u00f3n Bibliotecaria (Min. Educaci\u00f3n, Cultura y Deporte)<\/p><\/div>\n<div style=\"text-align: justify;\">Lugar: Sal\u00f3n de actos de la Escuela de Estudios Hispanoamericanos, C\/ Alfonso XII, 16. Sevilla<br \/>\n29 y 30 de octubre de 2015<!--more--><\/div>\n<div style=\"text-align: justify;\">\n<strong>Asistencia gratuita<\/strong><\/p>\n<p>El encuentro se desarrollar\u00e1 en dos jornadas de ma\u00f1ana, cuyo programa definitivo se comunicar\u00e1 el 15 de octubre. Hasta dicha fecha se abre la posibilidad de presentar propuestas de comunicaciones libres para ponentes que deseen participar en el evento. Pueden enviar las propuestas a los organizadores del evento.<\/p>\n<p><strong>Programa provisional, intervenciones previstas:<\/strong><\/div>\n<div style=\"padding-left: 30px; text-align: justify;\"><strong> <\/strong><br \/>\n&#8211; Apertura de las jornadas \/ Antonio Guti\u00e9rrez, director de la Escuela de Estudios Hispanoamericanos<br \/>\n&#8211; Las Humanidades digitales en los Estudios Latinoamericanos \/ Luis Rodr\u00edguez Yunta, CSIC, Centro de Ciencias Humanas y Sociales.<br \/>\n&#8211; Metodolog\u00eda de text mining y aplicaci\u00f3n sobre un corpus de textos de revistas americanistas \/ Anna Svensson, Biblioteca de la Universidad de G\u00f6teborg.<br \/>\n&#8211; Proyectos de la Biblioteca Hisp\u00e1nica: biblioteca digital, recolector Americanae, fondos audiovisuales \/ Araceli Garc\u00eda, AECID Biblioteca Hisp\u00e1nica<br \/>\n&#8211; Fondos de mapas y fotograf\u00edas digitalizadas sobre Am\u00e9rica\u00a0 Latina : fondos de Venezuela, Argentina, Brasil y Guayana francesa \/ Caroline Ab\u00e9la, Centre de Documentation REGARDS, Burdeos,<br \/>\n&#8211; Estado, avances y futuro del proyecto de la Biblioteca Digital del Patrimonio Iberoamericano (BDPI) \/ Elena S\u00e1nchez Nogales, responsable del Servicio de Biblioteca Digital de la Biblioteca Nacional de Espa\u00f1a<br \/>\n&#8211; Una biblioteca entre los oc\u00e9anos de la comunicaci\u00f3n: la Biblioteca del Archivo General de Indias: de la tradici\u00f3n a la innovaci\u00f3n \/ Carmen Lozano Polo, Biblioteca del Archivo General de Indias.<br \/>\n&#8211; Exhibir documentos, compartir un legado y contar mil historias: La difusi\u00f3n en el Archivo General de Indias \/ Antonio S\u00e1nchez de Mora, Archivo General de Indias.<br \/>\n&#8211; Sistemas y recursos digitales para la investigaci\u00f3n en cartograf\u00eda hist\u00f3rica en el \u00e1mbito americanista \/ Jos\u00e9 Mar\u00eda Garc\u00eda Redondo, doctorando de la Universidad Pablo de Olavide.<\/div>\n<div style=\"text-align: justify;\">\n<strong>Comit\u00e9 organizador:<\/strong><\/div>\n<div style=\"text-align: justify;\">Isabel Real (Biblioteca Ots Capdequ\u00ed,\u00a0<a href=\"mailto:bibescu@cica.es\" target=\"_blank\"><\/a><a href=\"mailto:bibescu@cica.es\" target=\"_blank\">bibescu@cica.es<\/a>), Felipe del Pozo (Biblioteca de la Universidad Internacional de Andaluc\u00eda,\u00a0<a href=\"mailto:f.delpozo@unia.es\" target=\"_blank\">f.delpozo@unia.es<\/a>), Luis Rodr\u00edguez Yunta (CSIC \u2013 Centro de Ciencias Humanas y Sociales,\u00a0<a href=\"mailto:luis.ryunta@cchs.csic.es\" target=\"_blank\"><\/a><a href=\"mailto:luis.ryunta@cchs.csic.es\" target=\"_blank\">luis.ryunta@cchs.csic.es<\/a>).<span style=\"text-decoration: underline;\"> <\/span><span style=\"text-decoration: underline;\"> <\/span><\/div>\n<div style=\"text-align: justify;\"><\/div>\n<\/div>\n<div style=\"text-align: justify;\"><\/div>\n<\/div>\n<\/div>\n<p style=\"text-align: justify;\">&nbsp;<\/p>\n<p><strong>Publicado por ADHILAC Internacional \u00a9 www.adhilac.com.ar<\/strong><\/p>\n<p>Si Ud. desea asociarse de acuerdo a los Estatutos de ADHILAC\u00a0<a title=\"(ver)\" href=\"https:\/\/adhilac.com.ar\/?page_id=263\">(ver)<\/a> complete el siguiente formulario\u00a0<a title=\"(ver)\" href=\"https:\/\/adhilac.com.ar\/?page_id=3194\">(ver)<\/a><\/p>\n<p>E-mail: info@adhilac.com.ar<strong> <\/strong><\/p>\n<p>Twitter: @AdhilacInfo<\/p>\n<p>&nbsp;<\/p>\n","protected":false},"excerpt":{"rendered":"<p>IX ENCUENTRO DE CENTROS ESPA\u00d1OLES DE REDIAL: \u00abFondos y recursos iberoamericanos para las humanidades digitales\u00bb Organiza: REDIAL (Red Europea de Informaci\u00f3n y Documentaci\u00f3n sobre Am\u00e9rica Latina) y Biblioteca Ots Capdequ\u00ed de la Escuela de Estudios Hispanoamericanos (CSIC), con el patrocinio de la Subdirecci\u00f3n\u00a0 General de Coordinaci\u00f3n Bibliotecaria (Min. Educaci\u00f3n, Cultura y Deporte) Lugar: Sal\u00f3n de [&hellip;]<\/p>\n","protected":false},"author":2,"featured_media":0,"comment_status":"closed","ping_status":"closed","sticky":false,"template":"","format":"standard","meta":{"_crdt_document":"","footnotes":""},"categories":[5,40],"tags":[13,637],"class_list":["post-11190","post","type-post","status-publish","format-standard","hentry","category-congresos","category-informaciones","tag-america-latina","tag-documentos"],"_links":{"self":[{"href":"https:\/\/adhilac.com.ar\/index.php?rest_route=\/wp\/v2\/posts\/11190","targetHints":{"allow":["GET"]}}],"collection":[{"href":"https:\/\/adhilac.com.ar\/index.php?rest_route=\/wp\/v2\/posts"}],"about":[{"href":"https:\/\/adhilac.com.ar\/index.php?rest_route=\/wp\/v2\/types\/post"}],"author":[{"embeddable":true,"href":"https:\/\/adhilac.com.ar\/index.php?rest_route=\/wp\/v2\/users\/2"}],"replies":[{"embeddable":true,"href":"https:\/\/adhilac.com.ar\/index.php?rest_route=%2Fwp%2Fv2%2Fcomments&post=11190"}],"version-history":[{"count":2,"href":"https:\/\/adhilac.com.ar\/index.php?rest_route=\/wp\/v2\/posts\/11190\/revisions"}],"predecessor-version":[{"id":11192,"href":"https:\/\/adhilac.com.ar\/index.php?rest_route=\/wp\/v2\/posts\/11190\/revisions\/11192"}],"wp:attachment":[{"href":"https:\/\/adhilac.com.ar\/index.php?rest_route=%2Fwp%2Fv2%2Fmedia&parent=11190"}],"wp:term":[{"taxonomy":"category","embeddable":true,"href":"https:\/\/adhilac.com.ar\/index.php?rest_route=%2Fwp%2Fv2%2Fcategories&post=11190"},{"taxonomy":"post_tag","embeddable":true,"href":"https:\/\/adhilac.com.ar\/index.php?rest_route=%2Fwp%2Fv2%2Ftags&post=11190"}],"curies":[{"name":"wp","href":"https:\/\/api.w.org\/{rel}","templated":true}]}}