{"id":11203,"date":"2015-10-07T17:37:22","date_gmt":"2015-10-07T20:37:22","guid":{"rendered":"https:\/\/adhilac.com.ar\/?p=11203"},"modified":"2015-10-07T17:37:22","modified_gmt":"2015-10-07T20:37:22","slug":"primeras-jornadas-historia-y-memoria-200-anos-de-la-uba%e2%80%9d-buenos-aires-22-de-octubre-de-2015","status":"publish","type":"post","link":"https:\/\/adhilac.com.ar\/?p=11203","title":{"rendered":"Primeras Jornadas: \u00abHistoria y Memoria: 200 a\u00f1os de la UBA\u201d. Buenos Aires. 22 de octubre de 2015"},"content":{"rendered":"<p style=\"text-align: justify;\"><a href=\"https:\/\/adhilac.com.ar\/wp-content\/uploads\/2015\/10\/1rasJornadas-Historia-y-Memoria-200-a-UBA.jpg\"><img loading=\"lazy\" decoding=\"async\" class=\"size-full wp-image-11204 alignleft\" title=\"1rasJornadas-Historia-y-Memoria-200-a-UBA\" src=\"https:\/\/adhilac.com.ar\/wp-content\/uploads\/2015\/10\/1rasJornadas-Historia-y-Memoria-200-a-UBA.jpg\" alt=\"\" width=\"241\" height=\"341\" srcset=\"https:\/\/adhilac.com.ar\/wp-content\/uploads\/2015\/10\/1rasJornadas-Historia-y-Memoria-200-a-UBA.jpg 1240w, https:\/\/adhilac.com.ar\/wp-content\/uploads\/2015\/10\/1rasJornadas-Historia-y-Memoria-200-a-UBA-212x300.jpg 212w, https:\/\/adhilac.com.ar\/wp-content\/uploads\/2015\/10\/1rasJornadas-Historia-y-Memoria-200-a-UBA-723x1024.jpg 723w\" sizes=\"auto, (max-width: 241px) 100vw, 241px\" \/><\/a>El jueves 22 de octubre de 2015, a partir de las 14 hs, se desarrollar\u00e1n las primeras jornadas del programa \u201cHistoria y Memoria: 200 a\u00f1os de la UBA\u201d en el edificio del rectorado de la UBA ubicado en Pte. J. E. Uriburu 950, entrepiso.<\/p>\n<p style=\"text-align: justify;\">Este programa fue creado por Resoluci\u00f3n del Consejo Superior N\u00ba 3338 del 12 de octubre de 2011 y tiene como prop\u00f3sito central constituir un espacio de reflexi\u00f3n de la comunidad universitaria en torno a la trayectoria de la instituci\u00f3n, su presente y su futuro.<\/p>\n<p style=\"text-align: justify;\">CRONOGRAMA DE ACTIVIDADES<!--more--><\/p>\n<p style=\"text-align: justify;\">INICIO: 14:00 Hs.\u00a0\u00a0Palabras de Bienvenida de la Secretaria de Asuntos Acad\u00e9micos de la Universidad de Buenos Aires, Prof. Mar\u00eda Catalina Nosiglia.<\/p>\n<p style=\"text-align: justify;\">PRIMER BLOQUE 14.15 a 16.15 Hs.<\/p>\n<p style=\"text-align: justify;\">Moderador: Juan Sebasti\u00e1n Califa (Facultad de Ciencias Sociales, UBA)<\/p>\n<p style=\"text-align: justify;\">Comentarios: Pablo Buchbinder (Director del Programa Historia y Memoria)<\/p>\n<p style=\"text-align: justify;\">Expositores:<\/p>\n<ul style=\"text-align: justify;\">\n<li>\u00b7 Mario Sabugo (Facultad de Arquitectura y Urbanismo), \u201cEl claustro y la ciudad. Notas para una historia urbana y arquitect\u00f3nica de la ciudad de Buenos Aires\u201d.<\/li>\n<li>\u00b7 Susana Sel (Facultad de Ciencias Sociales), \u201cVicisitudes del cine cient\u00edfico\u201d<\/li>\n<li>\u00b7 Alicia Mart\u00edn (Facultad de Filosof\u00eda y Letras), \u201cReflexiones sobre los estudios del folklore en la Universidad de Buenos Aires.\u201d<\/li>\n<li>\u00b7 Jaime Bortz (Facultad de Medicina) \u201cUBA: De la Academia a la Praxis en cuesti\u00f3n de Salud P\u00fablica Infantil.\u201d<\/li>\n<\/ul>\n<p style=\"text-align: justify;\">PAUSA: 16.15 a 16.30 Hs.<\/p>\n<p style=\"text-align: justify;\">SEGUNDO BLOQUE: 16.30 a 18. 15 Hs.<\/p>\n<p style=\"text-align: justify;\">Moderadora: Mariana Mendonca (Facultad de Ciencias Sociales, UBA)<\/p>\n<p style=\"text-align: justify;\">Comentarios: Sandra Carli (Facultad de Ciencias Sociales, UBA)<\/p>\n<p style=\"text-align: justify;\">Expositores:<\/p>\n<ul style=\"text-align: justify;\">\n<li>\u00b7 Samanta Casareto (Facultad de Filosof\u00eda y Letras), \u201cLas implicancias del Terrorismo de Estado en la Universidad de Buenos Aires, un abordaje desde la Facultad de Filosofia y Letras\u201d<\/li>\n<li>\u00b7 Carla Garc\u00eda y Juan Cruz Andrada (Facultad de Filosof\u00eda y Letras) \u201cHistoria del Arte: momentos en la construcci\u00f3n de una disciplina\u201d<\/li>\n<li>\u00b7 Pedro Blois (Faculta de Ciencias Sociales).\u00a0\u00a0\u201c\u00bfExiste una trayectoria de la sociolog\u00eda en la Argentina? Ruptura y continuidades de la Carrera de Sociolog\u00eda de la Universidad de Buenos Aires\u201d<\/li>\n<\/ul>\n<p style=\"text-align: justify;\">Para m\u00e1s informaci\u00f3n: <a href=\"mailto:historiaymemoria-uba@rec.uba.ar\" target=\"_blank\">historiaymemoria-uba@rec.uba.ar<\/a><\/p>\n<p style=\"text-align: justify;\"><a href=\"http:\/\/www.uba.ar\/historia\" target=\"_blank\">www.uba.ar\/historia<\/a><\/p>\n<p style=\"text-align: justify;\">&nbsp;<\/p>\n<p><strong>Publicado por ADHILAC Internacional \u00a9 www.adhilac.com.ar<\/strong><\/p>\n<p>Si Ud. desea asociarse de acuerdo a los Estatutos de ADHILAC\u00a0<a title=\"(ver)\" href=\"https:\/\/adhilac.com.ar\/?page_id=263\">(ver)<\/a> complete el siguiente formulario\u00a0<a title=\"(ver)\" href=\"https:\/\/adhilac.com.ar\/?page_id=3194\">(ver)<\/a><\/p>\n<p>E-mail: info@adhilac.com.ar<strong> <\/strong><\/p>\n<p>Twitter: @AdhilacInfo<\/p>\n<p style=\"text-align: justify;\">&nbsp;<\/p>\n<p style=\"text-align: justify;\">&nbsp;<\/p>\n<p style=\"text-align: justify;\">&nbsp;<\/p>\n","protected":false},"excerpt":{"rendered":"<p>El jueves 22 de octubre de 2015, a partir de las 14 hs, se desarrollar\u00e1n las primeras jornadas del programa \u201cHistoria y Memoria: 200 a\u00f1os de la UBA\u201d en el edificio del rectorado de la UBA ubicado en Pte. J. E. Uriburu 950, entrepiso. Este programa fue creado por Resoluci\u00f3n del Consejo Superior N\u00ba 3338 [&hellip;]<\/p>\n","protected":false},"author":2,"featured_media":0,"comment_status":"closed","ping_status":"closed","sticky":false,"template":"","format":"standard","meta":{"_crdt_document":"","footnotes":""},"categories":[5,40],"tags":[871,119,233],"class_list":["post-11203","post","type-post","status-publish","format-standard","hentry","category-congresos","category-informaciones","tag-historia","tag-memoria","tag-universidad-de-buenos-aires"],"_links":{"self":[{"href":"https:\/\/adhilac.com.ar\/index.php?rest_route=\/wp\/v2\/posts\/11203","targetHints":{"allow":["GET"]}}],"collection":[{"href":"https:\/\/adhilac.com.ar\/index.php?rest_route=\/wp\/v2\/posts"}],"about":[{"href":"https:\/\/adhilac.com.ar\/index.php?rest_route=\/wp\/v2\/types\/post"}],"author":[{"embeddable":true,"href":"https:\/\/adhilac.com.ar\/index.php?rest_route=\/wp\/v2\/users\/2"}],"replies":[{"embeddable":true,"href":"https:\/\/adhilac.com.ar\/index.php?rest_route=%2Fwp%2Fv2%2Fcomments&post=11203"}],"version-history":[{"count":1,"href":"https:\/\/adhilac.com.ar\/index.php?rest_route=\/wp\/v2\/posts\/11203\/revisions"}],"predecessor-version":[{"id":11205,"href":"https:\/\/adhilac.com.ar\/index.php?rest_route=\/wp\/v2\/posts\/11203\/revisions\/11205"}],"wp:attachment":[{"href":"https:\/\/adhilac.com.ar\/index.php?rest_route=%2Fwp%2Fv2%2Fmedia&parent=11203"}],"wp:term":[{"taxonomy":"category","embeddable":true,"href":"https:\/\/adhilac.com.ar\/index.php?rest_route=%2Fwp%2Fv2%2Fcategories&post=11203"},{"taxonomy":"post_tag","embeddable":true,"href":"https:\/\/adhilac.com.ar\/index.php?rest_route=%2Fwp%2Fv2%2Ftags&post=11203"}],"curies":[{"name":"wp","href":"https:\/\/api.w.org\/{rel}","templated":true}]}}