{"id":11206,"date":"2015-10-10T16:58:20","date_gmt":"2015-10-10T19:58:20","guid":{"rendered":"https:\/\/adhilac.com.ar\/?p=11206"},"modified":"2015-10-10T17:01:01","modified_gmt":"2015-10-10T20:01:01","slug":"del-no-al-alca-a-unasur-centro-cultural-de-la-cooperacion-buenos-aires-15-de-octubre-de-2015","status":"publish","type":"post","link":"https:\/\/adhilac.com.ar\/?p=11206","title":{"rendered":"Del No al ALCA a Unasur. Centro Cultural de la Cooperaci\u00f3n. Buenos Aires. 15 de octubre de 2015"},"content":{"rendered":"<h3><span style=\"color: #339966;\">Jueves 15 de octubre 19,00hs.<\/span><\/h3>\n<p><strong>Centro Cultural de la Cooperaci\u00f3n \u00abFloreal Gorini\u00bb<\/strong><\/p>\n<p style=\"text-align: center;\"><strong>Del No al ALCA a Unasur<\/strong><\/p>\n<div><strong><a href=\"https:\/\/adhilac.com.ar\/wp-content\/uploads\/2015\/10\/NoALCATAPA3-2.jpg\"><img loading=\"lazy\" decoding=\"async\" class=\"size-full wp-image-11207 aligncenter\" title=\"CiudadEmpresaTAPA2\" src=\"https:\/\/adhilac.com.ar\/wp-content\/uploads\/2015\/10\/NoALCATAPA3-2.jpg\" alt=\"\" width=\"442\" height=\"234\" srcset=\"https:\/\/adhilac.com.ar\/wp-content\/uploads\/2015\/10\/NoALCATAPA3-2.jpg 1358w, https:\/\/adhilac.com.ar\/wp-content\/uploads\/2015\/10\/NoALCATAPA3-2-300x159.jpg 300w, https:\/\/adhilac.com.ar\/wp-content\/uploads\/2015\/10\/NoALCATAPA3-2-1024x543.jpg 1024w\" sizes=\"auto, (max-width: 442px) 100vw, 442px\" \/><\/a><\/strong><\/div>\n<div style=\"text-align: justify;\"><strong><a href=\"https:\/\/adhilac.com.ar\/wp-content\/uploads\/2015\/10\/NoALCATAPA3-2.jpg\"><\/a>A diez a\u00f1os de la derrota del ALCA en Mar del Plata, Ediciones del CCC presenta el libro: Del No al ALCA a Unasur<\/strong><\/div>\n<div style=\"text-align: justify;\"><img alt=\"\" align=\"right\" \/><\/div>\n<div style=\"text-align: justify;\"><strong>Jueves 15 de octubre 19,00hs.<!--more--><\/strong><\/div>\n<div style=\"text-align: justify;\">Un trabajo que recopila art\u00edculos y entrevistas a destacados exponentes de la intelectualidad, la pol\u00edtica y el periodismo latinoamericano, con el objetivo de construir una mirada lo m\u00e1s compleja y completa posible sobre el proceso abierto en la regi\u00f3n tras aquel hist\u00f3rico hito. Panelistas:\u00a0<strong>Jorge Taiana<\/strong> (Ex canciller argentino. Primer candidato al Parlasur por el FPV),\u00a0<strong>Ram\u00f3n Torres Galarza<\/strong> (Embajador Itinerante de la Rep\u00fablica de Ecuador),\u00a0<strong>Ricardo Aronskind<\/strong>(Lic. Econom\u00eda UBA. Investitador-Docente en la UNGS),\u00a0<strong>Juan Manuel Karg<\/strong> (co-coordinador del libro Del No al ALCA a Unasur, CCC),\u00a0<strong>Agust\u00edn Lewit<\/strong> (co-coordinador libro Del No al ALCA a Unasur, CCC). Coordina:\u00a0<strong>Horacio L\u00f3pez<\/strong>(Subdirector CCC)<br \/>\nOrganiza: Departamento de Estudios Pol\u00edticos y Ediciones del CCC. Sala Jacobo Laks [3\u00ba P] 19:00<\/div>\n<div style=\"text-align: justify;\"><a rel=\"nofollow\" href=\"http:\/\/www.centrocultural.coop\/blogs\/nuestramericanos\/\" target=\"_blank\">http:\/\/www.centrocultural.coop\/blogs\/nuestramericanos\/<\/a><\/div>\n<div style=\"text-align: justify;\">\n<div>\n<div dir=\"ltr\">\n<div><span style=\"color: #222222;\"><span style=\"font-family: Calibri, sans-serif;\"><span><strong><br \/>\n<\/strong><\/span><\/span><\/span><\/div>\n<div><span style=\"color: #222222;\"><span style=\"font-family: Calibri, sans-serif;\"><span><strong>Libro<\/strong><\/span><\/span><\/span><\/div>\n<div><span style=\"color: #222222;\"><span style=\"font-family: Calibri, sans-serif;\"><span><strong>T\u00edtulo: \u201cDel No al ALCA a Unasur\u201d<\/strong><\/span><\/span><\/span><\/div>\n<div><span style=\"color: #222222;\"><span style=\"font-family: Calibri, sans-serif;\"><span><strong>Bajada: Diez a\u00f1os despu\u00e9s de Mar del Plata<\/strong><\/span><\/span><\/span><\/div>\n<div><span style=\"color: #222222;\"><span style=\"font-family: Calibri, sans-serif;\"><span><strong>-Todo por orden alfab\u00e9tico, para aparici\u00f3n en tapa \/ contratapa-<\/strong><\/span><\/span><\/span><\/div>\n<div><span style=\"color: #222222;\"><span style=\"font-family: Calibri, sans-serif;\"><span><strong>Coordinadores: <\/strong><\/span><\/span><\/span><span style=\"font-family: Calibri, sans-serif; color: #222222;\">Juan Manuel Karg; Agust\u00edn Lewit<\/span><\/div>\n<div><span style=\"color: #222222;\"><span style=\"font-family: Calibri, sans-serif;\"><span><strong>Pr\u00f3logo: <\/strong><\/span><\/span><\/span><span style=\"font-family: Calibri, sans-serif; color: #222222;\">Atilio Bor\u00f3n<\/span><\/div>\n<div><span style=\"color: #222222;\"><span style=\"font-family: Calibri, sans-serif;\"><span><strong>Entrevistas: <\/strong><\/span><\/span><\/span><span style=\"font-family: Calibri, sans-serif; color: #222222;\">Buen Abad; Calloni; Fier; Guerra; Heller; Long; Pignotti; Samper; Serrano Mancilla; Taiana; Torres Galarza; Zelaya<\/span><\/div>\n<div><span style=\"font-family: Calibri, sans-serif; color: #222222;\"><br \/>\n<\/span><\/div>\n<div><span style=\"color: #222222;\"><span style=\"font-family: Calibri, sans-serif;\"><span><strong>Art\u00edculos: <\/strong><\/span><\/span><\/span><span style=\"font-family: Calibri, sans-serif; color: #222222;\">Alonso; Arkonada; Boh\u00f3rquez; Brito; Cort\u00e9s; Glanc; Granato; Karg; Landa; Lewit; Ipar; Pisnoy; Sabatella; Schuster; Semer\u00eda<\/span><\/div>\n<div><span style=\"font-family: Calibri, sans-serif;\"><span>&#8212;-<\/span><\/span><\/div>\n<div><span style=\"font-family: Calibri, sans-serif;\"><span>Distribuci\u00f3n interna:<\/span><\/span><\/div>\n<div><span style=\"font-family: Calibri, sans-serif;\"><span><strong>Prologo Bor\u00f3n <\/strong>\u2013 La derrota del ALCA diez a\u00f1os despu\u00e9s<\/span><\/span><\/div>\n<div><span style=\"font-family: Calibri, sans-serif;\"><span><strong>Cap\u00edtulo 1. Antes del No al ALCA. Antecedentes del cambio de \u00e9poca<\/strong><\/span><\/span><\/div>\n<div><span style=\"font-family: Calibri, sans-serif;\"><span>a) Tendencias contrapuestas. Intereses y des-intereses en la integraci\u00f3n de Nuestra Am\u00e9rica en el siglo XIX y comienzos del siglo XX \u2013 Alejandro Pisnoy<\/span><\/span><\/div>\n<div><span style=\"font-family: Calibri, sans-serif;\"><span>b) \u201cLa parte central de la l\u00ednea de resistencia al ALCA la llev\u00f3 Argentina\u201d &#8211; Entrevista a Jorge Taiana<\/span><\/span><\/div>\n<div><span style=\"font-family: Calibri, sans-serif;\"><span>c) El Siglo XXI y el ocaso del Panamericanismo. Un recorrido breve e incompleto a trav\u00e9s de encuentros en la Cumbre &#8211; Aurelio Alonso<\/span><\/span><\/div>\n<div><span style=\"font-family: Calibri, sans-serif;\"><span>d) \u201cEl TLCAN no era s\u00f3lo comercio: implic\u00f3 un desmantelamiento del Estado en M\u00e9xico\u201d &#8211; Entrevista a Angel Guerra<\/span><\/span><\/div>\n<div><span style=\"font-family: Calibri, sans-serif;\"><span><strong>Cap\u00edtulo 2. Mar del Plata: gesta hist\u00f3rica y despu\u00e9s<\/strong><\/span><\/span><\/div>\n<div><span style=\"font-family: Calibri, sans-serif;\"><span><span style=\"font-family: Calibri, sans-serif;\">a) El rol de Ch\u00e1vez, Kirchner y Lula en el \u201cNo al ALCA\u201d &#8211; <\/span><span style=\"font-family: Calibri, sans-serif;\">Juan Manuel Karg<\/span><\/span><\/span><\/div>\n<div><span style=\"font-family: Calibri, sans-serif;\"><span>b) \u201cLula es el mayor l\u00edder pol\u00edtico brasile\u00f1o de todos los tiempos\u201d &#8211; Entrevista a Dario Pignotti<\/span><\/span><\/div>\n<div><span style=\"font-family: Calibri, sans-serif;\"><span>c) \u201cMar del Plata 2005 representa un momento de inflexi\u00f3n en la historia contempor\u00e1nea\u201d &#8211; Entrevista a Torres Galarza<\/span><\/span><\/div>\n<div><span style=\"font-family: Calibri, sans-serif;\"><span><strong>Cap\u00edtulo 3. La nueva integraci\u00f3n: ALBA, Unasur, CELAC, y Mercosur repotenciado<\/strong><\/span><\/span><\/div>\n<div><span style=\"font-family: Calibri, sans-serif;\"><span>a) Emergencia y consolidaci\u00f3n del ALBA: de la resistencia a un nuevo regionalismo &#8211; Agust\u00edn Lewit<\/span><\/span><\/div>\n<div><span style=\"font-family: Calibri, sans-serif;\"><span>b)\u00a0<span style=\"color: #000000;\">\u201cLa crisis del Mercosur s\u00f3lo se va a superar con m\u00e1s Mercosur, con m\u00e1s integraci\u00f3n<\/span><span style=\"color: #000000;\">\u201d &#8211; <\/span>Entrevista a Florisvaldo Fier<\/span><\/span><\/div>\n<div><span style=\"font-family: Calibri, sans-serif;\"><span>c) A diez a\u00f1os del rechazo al proyecto ALCA: avances y dificultades del MERCOSUR actual \u2013 Leandro Granato<\/span><\/span><\/div>\n<div><span style=\"font-family: Calibri, sans-serif;\"><span>d) El desaf\u00edo de la historia y los pasos hacia la integraci\u00f3n continental desde la CELAC. Elementos para un balance pol\u00edtico &#8211; Roger Landa<\/span><\/span><\/div>\n<div><span style=\"font-family: Calibri, sans-serif;\"><span>e) Integraci\u00f3n petrolera y gas\u00edfera en Suram\u00e9rica: buenas intenciones, pocos avances &#8211; Ignacio Sabatella<\/span><\/span><\/div>\n<div><span style=\"font-family: Calibri, sans-serif;\"><span><strong>Cap\u00edtulo 4. Ch\u00e1vez y el Socialismo del Siglo XXI<\/strong><\/span><\/span><\/div>\n<div><span style=\"font-family: Calibri, sans-serif;\"><span><span style=\"color: #222222;\">a) <\/span><span style=\"color: #222222;\">\u201c<\/span><span style=\"color: #222222;\">Ch\u00e1vez fue El Libertador del Siglo XXI<\/span><span style=\"color: #222222;\">\u201d &#8211; <\/span>Entrevista a Mel Zelaya<\/span><\/span><\/div>\n<div><span style=\"font-family: Calibri, sans-serif;\"><span>b)\u00a0<span style=\"color: #222222;\">Antiimperialismo en tiempos de resistencia neoliberal latinoamericana &#8211; <\/span>Luis Wainer<\/span><\/span><\/div>\n<div><span style=\"font-family: Calibri, sans-serif;\"><span>c) <\/span><\/span><span style=\"font-family: Calibri, sans-serif;\"><span>Ch\u00e1vez y su victoria estrat\u00e9gica sobre el ALCA<\/span><\/span><sup><span style=\"font-family: Calibri, sans-serif;\"><span> &#8211; <\/span><\/span><\/sup><span style=\"font-family: Calibri, sans-serif;\"><span>Carmen Bohorquez<\/span><\/span><\/div>\n<div><span style=\"font-family: Calibri, sans-serif;\"><span><strong>Cap\u00edtulo 5. DDHH, educaci\u00f3n y medios de comunicaci\u00f3n: aportes para una nueva etapa hist\u00f3rica regional<\/strong><\/span><\/span><\/div>\n<div><span style=\"font-family: Calibri, sans-serif;\"><span>a)\u00a0<span style=\"color: #000000;\">El NO al ALCA: la resignificaci\u00f3n de los derechos humanos en la regi\u00f3n &#8211; <\/span>Pablo Pablo Glanc; Gonzalo Semeria<\/span><\/span><\/div>\n<div><span style=\"font-family: Calibri, sans-serif;\"><span>b)\u00a0\u00abLas nuevas leyes de comunicaci\u00f3n tienen ra\u00edces profundas, de debates populares muy importantes\u00bb &#8211;\u00a0Entrevista a Buen Abad<\/span><\/span><\/div>\n<div><span style=\"font-family: Calibri, sans-serif;\"><span>c) La educaci\u00f3n en tiempos del cambio de \u00e9poca regional. Avances y desaf\u00edos en la construcci\u00f3n de una educaci\u00f3n<em>Nuestroamericana <\/em>&#8211; Gisela Brito<\/span><\/span><\/div>\n<div><span style=\"font-family: Calibri, sans-serif;\"><span><strong>Cap\u00edtulo 6. Desaf\u00edos democr\u00e1ticos y de desarrollo a nivel regional<\/strong><\/span><\/span><\/div>\n<div><span style=\"font-family: Calibri, sans-serif;\"><span>a) \u201cDebemos conservar esta regi\u00f3n del mundo como una zona de paz\u201d \u2013 Entrevista a Ernesto Samper (Unasur)<\/span><\/span><\/div>\n<div><span style=\"font-family: Calibri, sans-serif;\"><span>b) \u201cDemocracia y transformaciones pol\u00edticas en Am\u00e9rica Latina: el presente en el espejo de la transici\u00f3n democr\u00e1tica\u201d &#8211; Ezequiel Ipar; Mart\u00edn Cort\u00e9s<\/span><\/span><\/div>\n<div><span style=\"font-family: Calibri, sans-serif;\"><span>c) Las formas contempor\u00e1neas de la integraci\u00f3n &#8211; Federico Schuster<\/span><\/span><\/div>\n<div><span style=\"font-family: Calibri, sans-serif;\"><span>d) \u201cLa presencia de Lula y de Kirchner en el Mercosur fue un cambio muy grande\u201d &#8211; Entrevista a Stella Calloni<\/span><\/span><\/div>\n<div><span style=\"font-family: Calibri, sans-serif;\"><span><strong>Cap\u00edtulo 7. Perspectivas de Am\u00e9rica Latina en un mundo multipolar<\/strong><\/span><\/span><\/div>\n<div><span style=\"font-family: Calibri, sans-serif;\"><span>a) \u201cLa integraci\u00f3n es un pilar muy importante de la ideolog\u00eda de nuestro proceso\u201d &#8211; Entrevista a Guillaume Long<\/span><\/span><\/div>\n<div><span><span style=\"font-family: Calibri, sans-serif;\">b) 2005-2015: Del entierro del ALCA al nacimiento del Soft Power chino en Am\u00e9rica Latina y el Caribe <\/span><span style=\"font-family: Calibri, sans-serif;\">&#8211; Katu Arkonada<\/span><\/span><\/div>\n<div><span style=\"font-family: Calibri, sans-serif;\"><span>c) \u00abNosotros tenemos que so\u00f1ar con una sociedad con alt\u00edsimos niveles de productividad\u201d. Entrevista a Carlos Heller<\/span><\/span><\/div>\n<div><span><span style=\"font-family: Calibri, sans-serif;\">d) <\/span><span style=\"font-family: Calibri, sans-serif;\">\u201cHay un nuevo intento de restauraci\u00f3n conservadora en la regi\u00f3n<\/span><span style=\"font-family: Calibri, sans-serif;\">\u201d.<\/span><span style=\"font-family: Calibri, sans-serif;\"> <\/span><span style=\"font-family: Calibri, sans-serif;\">Entrevista Alfredo Serrano Mancilla<\/span><\/span><\/div>\n<div><span><span style=\"font-family: Calibri, sans-serif;\"><br \/>\n<\/span><\/span><\/div>\n<\/div>\n<\/div>\n<\/div>\n<p><strong>Publicado por ADHILAC Internacional \u00a9 www.adhilac.com.ar<\/strong><\/p>\n<p>Si Ud. desea asociarse de acuerdo a los Estatutos de ADHILAC\u00a0<a title=\"(ver)\" href=\"https:\/\/adhilac.com.ar\/?page_id=263\">(ver)<\/a> complete el siguiente formulario\u00a0<a title=\"(ver)\" href=\"https:\/\/adhilac.com.ar\/?page_id=3194\">(ver)<\/a><\/p>\n<p>E-mail: info@adhilac.com.ar<strong> <\/strong><\/p>\n<p>Twitter: @AdhilacInfo<\/p>\n<p style=\"text-align: justify;\">&nbsp;<\/p>\n","protected":false},"excerpt":{"rendered":"<p>Jueves 15 de octubre 19,00hs. Centro Cultural de la Cooperaci\u00f3n \u00abFloreal Gorini\u00bb Del No al ALCA a Unasur A diez a\u00f1os de la derrota del ALCA en Mar del Plata, Ediciones del CCC presenta el libro: Del No al ALCA a Unasur Jueves 15 de octubre 19,00hs.<\/p>\n","protected":false},"author":2,"featured_media":0,"comment_status":"closed","ping_status":"closed","sticky":false,"template":"","format":"standard","meta":{"_crdt_document":"","footnotes":""},"categories":[40,7],"tags":[538,638,227],"class_list":["post-11206","post","type-post","status-publish","format-standard","hentry","category-informaciones","category-publicac-info","tag-integracion-latinoamericana","tag-no-al-alca","tag-unasur"],"_links":{"self":[{"href":"https:\/\/adhilac.com.ar\/index.php?rest_route=\/wp\/v2\/posts\/11206","targetHints":{"allow":["GET"]}}],"collection":[{"href":"https:\/\/adhilac.com.ar\/index.php?rest_route=\/wp\/v2\/posts"}],"about":[{"href":"https:\/\/adhilac.com.ar\/index.php?rest_route=\/wp\/v2\/types\/post"}],"author":[{"embeddable":true,"href":"https:\/\/adhilac.com.ar\/index.php?rest_route=\/wp\/v2\/users\/2"}],"replies":[{"embeddable":true,"href":"https:\/\/adhilac.com.ar\/index.php?rest_route=%2Fwp%2Fv2%2Fcomments&post=11206"}],"version-history":[{"count":4,"href":"https:\/\/adhilac.com.ar\/index.php?rest_route=\/wp\/v2\/posts\/11206\/revisions"}],"predecessor-version":[{"id":11210,"href":"https:\/\/adhilac.com.ar\/index.php?rest_route=\/wp\/v2\/posts\/11206\/revisions\/11210"}],"wp:attachment":[{"href":"https:\/\/adhilac.com.ar\/index.php?rest_route=%2Fwp%2Fv2%2Fmedia&parent=11206"}],"wp:term":[{"taxonomy":"category","embeddable":true,"href":"https:\/\/adhilac.com.ar\/index.php?rest_route=%2Fwp%2Fv2%2Fcategories&post=11206"},{"taxonomy":"post_tag","embeddable":true,"href":"https:\/\/adhilac.com.ar\/index.php?rest_route=%2Fwp%2Fv2%2Ftags&post=11206"}],"curies":[{"name":"wp","href":"https:\/\/api.w.org\/{rel}","templated":true}]}}