{"id":11263,"date":"2015-11-13T15:34:52","date_gmt":"2015-11-13T18:34:52","guid":{"rendered":"https:\/\/adhilac.com.ar\/?p=11263"},"modified":"2015-11-17T10:43:17","modified_gmt":"2015-11-17T13:43:17","slug":"el-retorno-del-consenso-de-washington-%c2%bfreconquista-del-eden-o-ascensor-al-cadalso","status":"publish","type":"post","link":"https:\/\/adhilac.com.ar\/?p=11263","title":{"rendered":"El retorno del Consenso de Washington \u00bfreconquista del Ed\u00e9n o  ascensor al cadalso?"},"content":{"rendered":"<h3 style=\"text-align: justify;\"><span style=\"color: #339966;\"><a href=\"https:\/\/adhilac.com.ar\/wp-content\/uploads\/2015\/11\/Debate-Neoliberalismo.jpg\"><img loading=\"lazy\" decoding=\"async\" class=\"size-full wp-image-11270 alignleft\" title=\"Debate Neoliberalismo\" src=\"https:\/\/adhilac.com.ar\/wp-content\/uploads\/2015\/11\/Debate-Neoliberalismo.jpg\" alt=\"\" width=\"181\" height=\"355\" \/><\/a>Debates <\/span><\/h3>\n<p style=\"text-align: justify;\">Por Carolina Crisorio<\/p>\n<p style=\"text-align: justify;\">La crisis econ\u00f3mica internacional ha reavivado la competencia por el control los recursos energ\u00e9ticos, el agua, las materias primas, la tecnolog\u00eda, la fuerza de trabajo, los mercados\u2026 \u00bfun recrudecimiento del antiguo imperialismo en un nuevo escenario mundial?<\/p>\n<p style=\"text-align: justify;\">&nbsp;<\/p>\n<p style=\"text-align: justify;\">Las viejas potencias, muchas de ellas decadentes pugnan entre s\u00ed, se recomponen y tratan de ahogar sin mucho \u00e9xito a los nuevos actores. Blanden sus armas, exhiben sus dientes, redefinen sus enemigos irreconciliables, sus antagonistas (a veces socios), sus partenaires de ahora (pero no de hace cinco d\u00edas o de dentro de cinco minutos). Estamos caminando en un escenario de film noire, con agentes de la guerra fr\u00eda, con conflictos y escenarios b\u00e9licos que tienen los ingredientes de cruzadas medievales, y tecnolog\u00eda de punta aplicada a sofisticados m\u00e9todos de destrucci\u00f3n a larga distancia.<!--more--><\/p>\n<p style=\"text-align: justify;\">&nbsp;<\/p>\n<p style=\"text-align: justify;\">En pocos d\u00edas se realizar\u00e1 la segunda vuelta para elegir presidente en la Argentina. Uno de los candidatos dice confiar en el papel regulador del Estado para impulsar pol\u00edticas progresivas e incluyentes. El otro, de manera m\u00e1s difusa, llama a votar sin miedo por la uni\u00f3n de todos ocultando, se dice, su intenci\u00f3n de retomar las recetas neoliberales. Esto ha reavivado el debate que atraves\u00f3 buena parte del siglo XX acerca del papel del Estado. La posibilidad de aplicar las pol\u00edticas inspiradas en el Consenso de Washington es para sus simpatizantes abrir paso a la bella joven retratada en <em>La Primavera<\/em> de Sandro Boticelli, joya del renacimiento italiano del siglo XV. En cambio, para quienes prefieren aplicar una suerte de neokeynesianismo reformista, la reinstauraci\u00f3n del neoliberalismo ser\u00eda elegir un camino que lleva a un despe\u00f1adero como en <em>La par\u00e1bola de los ciegos<\/em> de Pieter Brueghel el viejo, ese gran flamenco del siglo XVI que se dice se inspir\u00f3 en la maravillosa obra de \u00a0J\u00e9r\u00f4me Bosch.<\/p>\n<p style=\"text-align: justify;\"><a href=\"https:\/\/adhilac.com.ar\/wp-content\/uploads\/2015\/11\/Botticelli-Sandro-Primavera.jpg\"><img loading=\"lazy\" decoding=\"async\" class=\"size-full wp-image-11273 alignnone\" title=\"Botticelli Sandro Primavera\" src=\"https:\/\/adhilac.com.ar\/wp-content\/uploads\/2015\/11\/Botticelli-Sandro-Primavera.jpg\" alt=\"\" width=\"623\" height=\"441\" srcset=\"https:\/\/adhilac.com.ar\/wp-content\/uploads\/2015\/11\/Botticelli-Sandro-Primavera.jpg 1299w, https:\/\/adhilac.com.ar\/wp-content\/uploads\/2015\/11\/Botticelli-Sandro-Primavera-300x212.jpg 300w, https:\/\/adhilac.com.ar\/wp-content\/uploads\/2015\/11\/Botticelli-Sandro-Primavera-1024x724.jpg 1024w\" sizes=\"auto, (max-width: 623px) 100vw, 623px\" \/><\/a><\/p>\n<p style=\"text-align: justify;\"><em>La Primavera.<\/em> Sandro Botticelli.<\/p>\n<p><a href=\"https:\/\/adhilac.com.ar\/wp-content\/uploads\/2015\/11\/Brueghel-p.-De-parabel-der-blinden.jpg\"><img loading=\"lazy\" decoding=\"async\" class=\"alignnone size-full wp-image-11272\" title=\"Brueghel p. De parabel der blinden\" src=\"https:\/\/adhilac.com.ar\/wp-content\/uploads\/2015\/11\/Brueghel-p.-De-parabel-der-blinden.jpg\" alt=\"\" width=\"520\" height=\"293\" srcset=\"https:\/\/adhilac.com.ar\/wp-content\/uploads\/2015\/11\/Brueghel-p.-De-parabel-der-blinden.jpg 1371w, https:\/\/adhilac.com.ar\/wp-content\/uploads\/2015\/11\/Brueghel-p.-De-parabel-der-blinden-300x168.jpg 300w, https:\/\/adhilac.com.ar\/wp-content\/uploads\/2015\/11\/Brueghel-p.-De-parabel-der-blinden-1024x575.jpg 1024w\" sizes=\"auto, (max-width: 520px) 100vw, 520px\" \/><\/a><\/p>\n<p><em>La\u00a0par\u00e1bola\u00a0de los ciegos. <\/em>Pieter Brueghel el viejo.<\/p>\n<p>Vea \u00a0el documento, elaborada por la C\u00e1tedra Abierta Plan F\u00e9nix. Completo se puede leer en\u00a0<a title=\"http:\/\/www.econ.uba.ar\/planfenix\/index2.htm\" href=\"http:\/\/www.econ.uba.ar\/planfenix\/index2.htm\" target=\"_blank\">http:\/\/www.econ.uba.ar\/planfenix\/index2.htm<\/a><\/p>\n<p>Vea tambi\u00e9n la nota de Atilio Boron.<\/p>\n<p><a title=\"http:\/\/www.atilioboron.com.ar\/2015\/10\/argentina-un-balotaje-crucial-para.html\" href=\"http:\/\/www.atilioboron.com.ar\/2015\/10\/argentina-un-balotaje-crucial-para.html\" target=\"_blank\">http:\/\/www.atilioboron.com.ar\/2015\/10\/argentina-un-balotaje-crucial-para.html<\/a><\/p>\n<p><strong>Publicado por ADHILAC Internacional \u00a9 www.adhilac.com.ar<\/strong><\/p>\n<p>Si Ud. desea asociarse de acuerdo a los Estatutos de ADHILAC\u00a0<a title=\"(ver)\" href=\"https:\/\/adhilac.com.ar\/?page_id=263\">(ver)<\/a> complete el siguiente formulario\u00a0<a title=\"(ver)\" href=\"https:\/\/adhilac.com.ar\/?page_id=3194\">(ver)<\/a><\/p>\n<p>E-mail: info@adhilac.com.ar<strong> <\/strong><\/p>\n<p>Twitter: @AdhilacInfo<\/p>\n<p style=\"text-align: justify;\">&nbsp;<\/p>\n","protected":false},"excerpt":{"rendered":"<p>Debates Por Carolina Crisorio La crisis econ\u00f3mica internacional ha reavivado la competencia por el control los recursos energ\u00e9ticos, el agua, las materias primas, la tecnolog\u00eda, la fuerza de trabajo, los mercados\u2026 \u00bfun recrudecimiento del antiguo imperialismo en un nuevo escenario mundial? &nbsp; Las viejas potencias, muchas de ellas decadentes pugnan entre s\u00ed, se recomponen y [&hellip;]<\/p>\n","protected":false},"author":4,"featured_media":0,"comment_status":"closed","ping_status":"closed","sticky":false,"template":"","format":"standard","meta":{"_crdt_document":"","footnotes":""},"categories":[40],"tags":[67,284,625],"class_list":["post-11263","post","type-post","status-publish","format-standard","hentry","category-informaciones","tag-argentina","tag-neoliberalismo","tag-plan-fenix"],"_links":{"self":[{"href":"https:\/\/adhilac.com.ar\/index.php?rest_route=\/wp\/v2\/posts\/11263","targetHints":{"allow":["GET"]}}],"collection":[{"href":"https:\/\/adhilac.com.ar\/index.php?rest_route=\/wp\/v2\/posts"}],"about":[{"href":"https:\/\/adhilac.com.ar\/index.php?rest_route=\/wp\/v2\/types\/post"}],"author":[{"embeddable":true,"href":"https:\/\/adhilac.com.ar\/index.php?rest_route=\/wp\/v2\/users\/4"}],"replies":[{"embeddable":true,"href":"https:\/\/adhilac.com.ar\/index.php?rest_route=%2Fwp%2Fv2%2Fcomments&post=11263"}],"version-history":[{"count":13,"href":"https:\/\/adhilac.com.ar\/index.php?rest_route=\/wp\/v2\/posts\/11263\/revisions"}],"predecessor-version":[{"id":11282,"href":"https:\/\/adhilac.com.ar\/index.php?rest_route=\/wp\/v2\/posts\/11263\/revisions\/11282"}],"wp:attachment":[{"href":"https:\/\/adhilac.com.ar\/index.php?rest_route=%2Fwp%2Fv2%2Fmedia&parent=11263"}],"wp:term":[{"taxonomy":"category","embeddable":true,"href":"https:\/\/adhilac.com.ar\/index.php?rest_route=%2Fwp%2Fv2%2Fcategories&post=11263"},{"taxonomy":"post_tag","embeddable":true,"href":"https:\/\/adhilac.com.ar\/index.php?rest_route=%2Fwp%2Fv2%2Ftags&post=11263"}],"curies":[{"name":"wp","href":"https:\/\/api.w.org\/{rel}","templated":true}]}}