{"id":11265,"date":"2015-11-13T13:54:48","date_gmt":"2015-11-13T16:54:48","guid":{"rendered":"https:\/\/adhilac.com.ar\/?p=11265"},"modified":"2015-11-13T13:54:48","modified_gmt":"2015-11-13T16:54:48","slug":"racismo-genocidios-memorias-y-justicia-alcira-b-bonilla-coordinadora","status":"publish","type":"post","link":"https:\/\/adhilac.com.ar\/?p=11265","title":{"rendered":"Racismo, genocidios, memorias y justicia. Alcira B. Bonilla, coordinadora."},"content":{"rendered":"<h3><span style=\"color: #339966;\">Publicaci\u00f3n<\/span><\/h3>\n<div style=\"text-align: justify;\"><a href=\"https:\/\/adhilac.com.ar\/wp-content\/uploads\/2015\/11\/Alcira-B-Bonilla.jpg\"><img loading=\"lazy\" decoding=\"async\" class=\"alignleft size-full wp-image-11266\" title=\"Alcira B Bonilla\" src=\"https:\/\/adhilac.com.ar\/wp-content\/uploads\/2015\/11\/Alcira-B-Bonilla.jpg\" alt=\"\" width=\"204\" height=\"296\" srcset=\"https:\/\/adhilac.com.ar\/wp-content\/uploads\/2015\/11\/Alcira-B-Bonilla.jpg 567w, https:\/\/adhilac.com.ar\/wp-content\/uploads\/2015\/11\/Alcira-B-Bonilla-206x300.jpg 206w\" sizes=\"auto, (max-width: 204px) 100vw, 204px\" \/><\/a>Alcira B. Bonilla (coord.)\u00a0<em>Racismo, genocidios, memorias y justicia<\/em>. Buenos Aires, Patria Grande, 2015.<\/div>\n<div style=\"text-align: justify;\"><\/div>\n<div style=\"text-align: justify;\">Esta publicaci\u00f3n es un avance de investigaciones realizadas en el marco de proyectos UBACyT y PIP CONICET radicados en la Secci\u00f3n de \u00c9tica, Antropolog\u00eda Filos\u00f3fica y Filosof\u00eda Intercultural \u00abProf. Carlos Astrada\u00bb del Instituto de Filosof\u00eda de la Facultad de Filosof\u00eda y Letras de la Universidad de Buenos Aires.<\/div>\n<div style=\"text-align: justify;\"><\/div>\n<div style=\"text-align: justify;\">Colaboran: Oscar de Gyldenfeldt (tambi\u00e9n autor de las ilustraciones de tapa y contratapa),<!--more--> Miguel Andr\u00e9s Brenner, D\u00e9bora Schachter, Federica Scherbosky, Augusto Romano, Daniel Guti\u00e9rrez, Daniel Berisso, Gloria Zelaya, M. Soledad Liparelli, Patricia La Porta, M. Celeste Perosino, Natalia Ruhl, Diana Vi\u00f1oles, Marina Boschi, Alcira Bonilla, Natalia Vozzi, M. Alejandra Furfaro, Federico Pozzi.<\/div>\n<div style=\"text-align: justify;\">Foto de solapoa: Daniela Godoy.<\/div>\n<p><strong>Publicado por ADHILAC Internacional \u00a9 www.adhilac.com.ar<\/strong><\/p>\n<p>Si Ud. desea asociarse de acuerdo a los Estatutos de ADHILAC\u00a0<a title=\"(ver)\" href=\"https:\/\/adhilac.com.ar\/?page_id=263\">(ver)<\/a> complete el siguiente formulario\u00a0<a title=\"(ver)\" href=\"https:\/\/adhilac.com.ar\/?page_id=3194\">(ver)<\/a><\/p>\n<p>E-mail: info@adhilac.com.ar<strong> <\/strong><\/p>\n<p>Twitter: @AdhilacInfo<\/p>\n<p>&nbsp;<\/p>\n","protected":false},"excerpt":{"rendered":"<p>Publicaci\u00f3n Alcira B. Bonilla (coord.)\u00a0Racismo, genocidios, memorias y justicia. Buenos Aires, Patria Grande, 2015. Esta publicaci\u00f3n es un avance de investigaciones realizadas en el marco de proyectos UBACyT y PIP CONICET radicados en la Secci\u00f3n de \u00c9tica, Antropolog\u00eda Filos\u00f3fica y Filosof\u00eda Intercultural \u00abProf. Carlos Astrada\u00bb del Instituto de Filosof\u00eda de la Facultad de Filosof\u00eda y [&hellip;]<\/p>\n","protected":false},"author":2,"featured_media":0,"comment_status":"closed","ping_status":"closed","sticky":false,"template":"","format":"standard","meta":{"_crdt_document":"","footnotes":""},"categories":[40,7],"tags":[644,645,119,643],"class_list":["post-11265","post","type-post","status-publish","format-standard","hentry","category-informaciones","category-publicac-info","tag-genocidio","tag-justicia","tag-memoria","tag-racismo"],"_links":{"self":[{"href":"https:\/\/adhilac.com.ar\/index.php?rest_route=\/wp\/v2\/posts\/11265","targetHints":{"allow":["GET"]}}],"collection":[{"href":"https:\/\/adhilac.com.ar\/index.php?rest_route=\/wp\/v2\/posts"}],"about":[{"href":"https:\/\/adhilac.com.ar\/index.php?rest_route=\/wp\/v2\/types\/post"}],"author":[{"embeddable":true,"href":"https:\/\/adhilac.com.ar\/index.php?rest_route=\/wp\/v2\/users\/2"}],"replies":[{"embeddable":true,"href":"https:\/\/adhilac.com.ar\/index.php?rest_route=%2Fwp%2Fv2%2Fcomments&post=11265"}],"version-history":[{"count":1,"href":"https:\/\/adhilac.com.ar\/index.php?rest_route=\/wp\/v2\/posts\/11265\/revisions"}],"predecessor-version":[{"id":11267,"href":"https:\/\/adhilac.com.ar\/index.php?rest_route=\/wp\/v2\/posts\/11265\/revisions\/11267"}],"wp:attachment":[{"href":"https:\/\/adhilac.com.ar\/index.php?rest_route=%2Fwp%2Fv2%2Fmedia&parent=11265"}],"wp:term":[{"taxonomy":"category","embeddable":true,"href":"https:\/\/adhilac.com.ar\/index.php?rest_route=%2Fwp%2Fv2%2Fcategories&post=11265"},{"taxonomy":"post_tag","embeddable":true,"href":"https:\/\/adhilac.com.ar\/index.php?rest_route=%2Fwp%2Fv2%2Ftags&post=11265"}],"curies":[{"name":"wp","href":"https:\/\/api.w.org\/{rel}","templated":true}]}}