{"id":11279,"date":"2015-11-13T15:34:30","date_gmt":"2015-11-13T18:34:30","guid":{"rendered":"https:\/\/adhilac.com.ar\/?p=11279"},"modified":"2015-11-17T18:27:25","modified_gmt":"2015-11-17T21:27:25","slug":"pensamiento-critico-latinoamericano-del-antiimperialismo-a-la-teoria-descolonial","status":"publish","type":"post","link":"https:\/\/adhilac.com.ar\/?p=11279","title":{"rendered":"Pensamiento Cr\u00edtico Latinoamericano: Del antiimperialismo a la teor\u00eda descolonial"},"content":{"rendered":"<div dir=\"ltr\">\n<h3><span style=\"color: #339966;\">Curso<\/span><\/h3>\n<div style=\"text-align: justify;\"><strong>Pensamiento Cr\u00edtico Latinoamericano: Del antiimperialismo a la teor\u00eda descolonial<\/strong><\/div>\n<div style=\"text-align: justify;\"><\/div>\n<div style=\"text-align: justify;\"><img loading=\"lazy\" decoding=\"async\" class=\"alignleft\" style=\"border: 0px;\" title=\"carpani-4\" src=\"https:\/\/mail.google.com\/mail\/u\/0\/?ui=2&amp;ik=31c22b8d02&amp;view=fimg&amp;th=15101f06ac630603&amp;attid=0.3&amp;disp=emb&amp;attbid=ANGjdJ_exi1-XvRxY1pdhA5OU4ZeDwYvC2BNonoo0CfMSGVMP-JrU6NX3jVx9vbUUUc8uwY6jaHu2Ki-V0OgQT_hWhYNNcdrA_weCR9gwWlKciwIzZhZ3LC6wqIubgQ&amp;sz=w918-h618&amp;ats=1447436600379&amp;rm=15101f06ac630603&amp;zw&amp;atsh=1\" border=\"0\" alt=\"carpani-4\" width=\"275\" height=\"185\" \/><\/div>\n<div style=\"text-align: justify;\">\n<div>5 Encuentros: 18\/11, 2\/12, 9\/12, 10\/12, 16\/12. Sala An\u00edbal Ponce [2\u00ba P] de 18:00 a 21:00<\/div>\n<div>Centro Cultural de la Cooperaci\u00f3n \u2013 Av. corrientes 1543<\/div>\n<\/div>\n<div style=\"text-align: justify;\">Analizaremos las principales corrientes te\u00f3ricas del pensamiento cr\u00edtico latinoamericano del siglo XX y XXI que tematizaron el imperialismo en Am\u00e9rica Latina y el Sur Global. Estudiaremos el primer anti-imperialismo latinoamericanista de comienzos del siglo XIX, para luego examinar las corrientes nacional-populares y las marxistas antiimperialistas de las d\u00e9cadas de los 30\u00b4s hasta los 70\u00b4s. <!--more-->A continuaci\u00f3n abordaremos las propuestas de la filosof\u00eda de la liberaci\u00f3n y la teor\u00eda de la dependencia y finalmente las teor\u00edas del socialismo del siglo XXI y, la m\u00e1s reciente, teor\u00eda descolonial.<\/div>\n<div style=\"text-align: justify;\"><\/div>\n<div style=\"text-align: justify;\"><\/div>\n<div style=\"text-align: justify;\">Docente: Dr. Juan Francisco Mart\u00ednez Peria (Programa Sur Global- UNSAM; CEL-UNSAM; CCC)<\/div>\n<div style=\"text-align: justify;\">Organiza: Programa Sur Global USAM, Departamento de Historia del CCC.<\/p>\n<hr \/>\n<\/div>\n<div style=\"text-align: justify;\" dir=\"ltr\">Agradecemos la difusi\u00f3n de esta informaci\u00f3n<\/div>\n<div style=\"text-align: justify;\" dir=\"ltr\">Prensa CCC:\u00a0Cecilia Balaguer l Carolina Guevara l\u00a0<a href=\"mailto:prensa@centrocultural.coop\" target=\"_blank\">prensa@centrocultural.coop<\/a><\/div>\n<div style=\"text-align: justify;\" dir=\"ltr\"><a href=\"http:\/\/www.centrocultural.coop\/\" target=\"_blank\">www.centrocultural.coop<\/a> l Av. Corrientes 1543, CABA l Tel: 5077-8016<\/div>\n<\/div>\n<p style=\"text-align: justify;\"><strong>Publicado por ADHILAC Internacional \u00a9 www.adhilac.com.ar<\/strong><\/p>\n<p style=\"text-align: justify;\">Si Ud. desea asociarse de acuerdo a los Estatutos de ADHILAC\u00a0<a title=\"(ver)\" href=\"https:\/\/adhilac.com.ar\/?page_id=263\">(ver)<\/a> complete el siguiente formulario\u00a0<a title=\"(ver)\" href=\"https:\/\/adhilac.com.ar\/?page_id=3194\">(ver)<\/a><\/p>\n<p style=\"text-align: justify;\">E-mail: info@adhilac.com.ar<strong> <\/strong><\/p>\n<p style=\"text-align: justify;\">Twitter: @AdhilacInfo<\/p>\n<p style=\"text-align: justify;\">&nbsp;<\/p>\n","protected":false},"excerpt":{"rendered":"<p>Curso Pensamiento Cr\u00edtico Latinoamericano: Del antiimperialismo a la teor\u00eda descolonial 5 Encuentros: 18\/11, 2\/12, 9\/12, 10\/12, 16\/12. Sala An\u00edbal Ponce [2\u00ba P] de 18:00 a 21:00 Centro Cultural de la Cooperaci\u00f3n \u2013 Av. corrientes 1543 Analizaremos las principales corrientes te\u00f3ricas del pensamiento cr\u00edtico latinoamericano del siglo XX y XXI que tematizaron el imperialismo en Am\u00e9rica [&hellip;]<\/p>\n","protected":false},"author":2,"featured_media":0,"comment_status":"closed","ping_status":"closed","sticky":false,"template":"","format":"standard","meta":{"_crdt_document":"","footnotes":""},"categories":[5,40],"tags":[13,148,168],"class_list":["post-11279","post","type-post","status-publish","format-standard","hentry","category-congresos","category-informaciones","tag-america-latina","tag-caribe","tag-pensamiento-critico"],"_links":{"self":[{"href":"https:\/\/adhilac.com.ar\/index.php?rest_route=\/wp\/v2\/posts\/11279","targetHints":{"allow":["GET"]}}],"collection":[{"href":"https:\/\/adhilac.com.ar\/index.php?rest_route=\/wp\/v2\/posts"}],"about":[{"href":"https:\/\/adhilac.com.ar\/index.php?rest_route=\/wp\/v2\/types\/post"}],"author":[{"embeddable":true,"href":"https:\/\/adhilac.com.ar\/index.php?rest_route=\/wp\/v2\/users\/2"}],"replies":[{"embeddable":true,"href":"https:\/\/adhilac.com.ar\/index.php?rest_route=%2Fwp%2Fv2%2Fcomments&post=11279"}],"version-history":[{"count":2,"href":"https:\/\/adhilac.com.ar\/index.php?rest_route=\/wp\/v2\/posts\/11279\/revisions"}],"predecessor-version":[{"id":11295,"href":"https:\/\/adhilac.com.ar\/index.php?rest_route=\/wp\/v2\/posts\/11279\/revisions\/11295"}],"wp:attachment":[{"href":"https:\/\/adhilac.com.ar\/index.php?rest_route=%2Fwp%2Fv2%2Fmedia&parent=11279"}],"wp:term":[{"taxonomy":"category","embeddable":true,"href":"https:\/\/adhilac.com.ar\/index.php?rest_route=%2Fwp%2Fv2%2Fcategories&post=11279"},{"taxonomy":"post_tag","embeddable":true,"href":"https:\/\/adhilac.com.ar\/index.php?rest_route=%2Fwp%2Fv2%2Ftags&post=11279"}],"curies":[{"name":"wp","href":"https:\/\/api.w.org\/{rel}","templated":true}]}}