{"id":11297,"date":"2015-11-20T12:49:06","date_gmt":"2015-11-20T15:49:06","guid":{"rendered":"https:\/\/adhilac.com.ar\/?p=11297"},"modified":"2015-11-21T07:49:28","modified_gmt":"2015-11-21T10:49:28","slug":"seminario-permanente-de-investigacion-exilios-en-mexico-e-iberoamerica-unam-2-de-diciembre-de-2015","status":"publish","type":"post","link":"https:\/\/adhilac.com.ar\/?p=11297","title":{"rendered":"Seminario Permanente de Investigaci\u00f3n: \u00abExilios en M\u00e9xico e Iberoam\u00e9rica\u00bb. UNAM. 2 de diciembre de 2015"},"content":{"rendered":"<h3 style=\"text-align: justify;\" lang=\"x-unicode\"><span style=\"color: #339966;\"><a href=\"https:\/\/adhilac.com.ar\/wp-content\/uploads\/2015\/11\/CIALC-02.jpg\"><img loading=\"lazy\" decoding=\"async\" class=\"alignleft size-full wp-image-11303\" title=\"Exilio iberoamericano_mayo\" src=\"https:\/\/adhilac.com.ar\/wp-content\/uploads\/2015\/11\/CIALC-02.jpg\" alt=\"\" width=\"276\" height=\"179\" srcset=\"https:\/\/adhilac.com.ar\/wp-content\/uploads\/2015\/11\/CIALC-02.jpg 2126w, https:\/\/adhilac.com.ar\/wp-content\/uploads\/2015\/11\/CIALC-02-300x195.jpg 300w, https:\/\/adhilac.com.ar\/wp-content\/uploads\/2015\/11\/CIALC-02-1024x665.jpg 1024w\" sizes=\"auto, (max-width: 276px) 100vw, 276px\" \/><\/a>INVITACI\u00d3N<\/span><\/h3>\n<div style=\"text-align: justify;\" lang=\"x-unicode\"><strong>ESTIMADOS COLEGAS: <\/strong><\/div>\n<div style=\"text-align: justify;\" lang=\"x-unicode\">Nos complace informarles que el pr\u00f3ximo mi\u00e9rcoles 2 de diciembre de 2015, a las 12 horas en el Auditorio \u00abLeopoldo Zea\u00bb, piso 3 de la Torre II de Humanidades, continuamos con las sesiones de nuestro Seminario Permanente de Investigaci\u00f3n: \u00abExilios en M\u00e9xico e Iberoam\u00e9rica\u00bb<!--more--> que\u00a0forma parte del Proyecto PAPIIT IG400314: \u201cInteracci\u00f3n de los Exilios en M\u00e9xico e Iberoam\u00e9rica (Siglo XX)\u201d.<br \/>\n&nbsp;<\/p>\n<p>En esta ocasi\u00f3n extraordinaria el Dr. Sergio Guerra Vilaboy de la Universidad La Habana y Presidente de la Asociaci\u00f3n de Historiadores Latinoamericanos y del Caribe (ADHILAC) impartir\u00e1 la conferencia \u201cCONSIDERACIONES SOBRE LOS ESTUDIOS COMPARADOS EN LA HISTORIOGRAF\u00cdA LATINOAMERICANA\u201d y dicha actividad acad\u00e9mica ser\u00e1 comentada por el Dr. Adalberto Santana, investigador y director del Centro de Investigaciones sobre Am\u00e9rica Latina y el Caribe de la UNAM y moderada por el doctor Jos\u00e9 Francisco Mej\u00eda Flores investigador del CIALC, UNAM.<\/p>\n<p>A la espera de contar con su valiosa asistencia y participaci\u00f3n nos despedimos no sin antes hacerles llegar un muy cordial saludo.<\/p>\n<\/div>\n<div style=\"text-align: justify;\" lang=\"x-unicode\">\n<div>A T E N T A M E N T E<br \/>\nDR. ADALBERTO SANTANA HERN\u00c1NDEZ&nbsp;<\/p>\n<p>Responsable del Proyecto<\/p>\n<p>DRA. FEL\u00cdCITAS L\u00d3PEZ PORTILLO TOSTADO<\/p>\n<p>Corresponsable del Proyecto<\/p>\n<p>DR. JOS\u00c9 FRANCISCO MEJ\u00cdA FLORES.<br \/>\nCoordinador acad\u00e9mico.<\/p>\n<p>Proyecto PAPIIT No. IG400314 \u00abInteracci\u00f3n de los Exilios en M\u00e9xico e Iberoam\u00e9rica\u00bb.<br \/>\nCIALC-UNAM.<br \/>\nTorre II de Humanidades, piso 8, Ciudad Universitaria.<br \/>\nTel\u00e9fono: 56 23 02 11 al 13, ext. 42740.<\/p>\n<\/div>\n<\/div>\n<p><strong>Publicado por ADHILAC Internacional \u00a9 www.adhilac.com.ar<\/strong><\/p>\n<p>Si Ud. desea asociarse de acuerdo a los Estatutos de ADHILAC\u00a0<a title=\"(ver)\" href=\"https:\/\/adhilac.com.ar\/?page_id=263\">(ver)<\/a> complete el siguiente formulario\u00a0<a title=\"(ver)\" href=\"https:\/\/adhilac.com.ar\/?page_id=3194\">(ver)<\/a><\/p>\n<p>E-mail: info@adhilac.com.ar<strong> <\/strong><\/p>\n<p>Twitter: @AdhilacInfo<\/p>\n","protected":false},"excerpt":{"rendered":"<p>INVITACI\u00d3N ESTIMADOS COLEGAS: Nos complace informarles que el pr\u00f3ximo mi\u00e9rcoles 2 de diciembre de 2015, a las 12 horas en el Auditorio \u00abLeopoldo Zea\u00bb, piso 3 de la Torre II de Humanidades, continuamos con las sesiones de nuestro Seminario Permanente de Investigaci\u00f3n: \u00abExilios en M\u00e9xico e Iberoam\u00e9rica\u00bb<\/p>\n","protected":false},"author":2,"featured_media":0,"comment_status":"closed","ping_status":"closed","sticky":false,"template":"","format":"standard","meta":{"_crdt_document":"","footnotes":""},"categories":[5,40],"tags":[386,121],"class_list":["post-11297","post","type-post","status-publish","format-standard","hentry","category-congresos","category-informaciones","tag-exilio","tag-mexico"],"_links":{"self":[{"href":"https:\/\/adhilac.com.ar\/index.php?rest_route=\/wp\/v2\/posts\/11297","targetHints":{"allow":["GET"]}}],"collection":[{"href":"https:\/\/adhilac.com.ar\/index.php?rest_route=\/wp\/v2\/posts"}],"about":[{"href":"https:\/\/adhilac.com.ar\/index.php?rest_route=\/wp\/v2\/types\/post"}],"author":[{"embeddable":true,"href":"https:\/\/adhilac.com.ar\/index.php?rest_route=\/wp\/v2\/users\/2"}],"replies":[{"embeddable":true,"href":"https:\/\/adhilac.com.ar\/index.php?rest_route=%2Fwp%2Fv2%2Fcomments&post=11297"}],"version-history":[{"count":5,"href":"https:\/\/adhilac.com.ar\/index.php?rest_route=\/wp\/v2\/posts\/11297\/revisions"}],"predecessor-version":[{"id":11305,"href":"https:\/\/adhilac.com.ar\/index.php?rest_route=\/wp\/v2\/posts\/11297\/revisions\/11305"}],"wp:attachment":[{"href":"https:\/\/adhilac.com.ar\/index.php?rest_route=%2Fwp%2Fv2%2Fmedia&parent=11297"}],"wp:term":[{"taxonomy":"category","embeddable":true,"href":"https:\/\/adhilac.com.ar\/index.php?rest_route=%2Fwp%2Fv2%2Fcategories&post=11297"},{"taxonomy":"post_tag","embeddable":true,"href":"https:\/\/adhilac.com.ar\/index.php?rest_route=%2Fwp%2Fv2%2Ftags&post=11297"}],"curies":[{"name":"wp","href":"https:\/\/api.w.org\/{rel}","templated":true}]}}