{"id":11314,"date":"2015-11-23T11:57:06","date_gmt":"2015-11-23T14:57:06","guid":{"rendered":"https:\/\/adhilac.com.ar\/?p=11314"},"modified":"2015-11-24T12:00:34","modified_gmt":"2015-11-24T15:00:34","slug":"homenaje-a-oscar-loyola-cuba","status":"publish","type":"post","link":"https:\/\/adhilac.com.ar\/?p=11314","title":{"rendered":"Homenaje a Oscar Loyola. Cuba"},"content":{"rendered":"<h3 style=\"text-align: justify;\"><span style=\"color: #339966;\">Rumores en la Quinta de los Molinos <\/span><\/h3>\n<p style=\"text-align: justify;\">Jos\u00e9 Alejandro Rodr\u00edguez &#8211; Juventud Rebelde<br \/>\n20 de Noviembre del 2015<\/p>\n<p style=\"text-align: justify;\">Dondequiera que est\u00e9 aguzando el ingenio sin obsesi\u00f3n de brillar ni  ascender, Oscar Loyola sabe que la Historia no solo est\u00e1 hecha de  proezas y barrancos, de causas y consecuencias, sino tambi\u00e9n de  fortuitos azares. Golpes imprevisibles como aquel accidente que el 5 de  septiembre de 2014 lo secuestrara para siempre frente a la Universidad  de La Habana, la Universidad de sus amores pedag\u00f3gicos durante 40 a\u00f1os. <!--more--><\/p>\n<p>Andan por ah\u00ed demasiados hu\u00e9rfanos de su c\u00e1tedra apasionante, entre  historiadores, docentes y alumnos. Hay demasiada nostalgia acad\u00e9mica\u00a0 de  aquella pasi\u00f3n cognoscitiva suya, tan controversial, a fuerza de  histrionismo, honestidad y transparencia, en torno a los avatares y  evoluci\u00f3n de la naci\u00f3n cubana. Una c\u00e1tedra que desbord\u00f3 los textos y  fuentes documentales, y traspas\u00f3 los fr\u00edos esquemas de manuales y  mediocres gu\u00edas de preguntas y respuestas ortodoxas.<\/p>\n<p>Pasar\u00e1 el tiempo y se hablar\u00e1 del doctor en Ciencias Hist\u00f3ricas Oscar  Loyola, \u00e1nima de la historiograf\u00eda cubana, presidente de la Comisi\u00f3n de  Grados Cient\u00edficos de Ciencias Sociales y Humanidades de la Universidad  de La Habana, miembro del Consejo Cient\u00edfico del Centro de Estudios  Martianos, brillante condottieri de la Uni\u00f3n de Historiadores de Cuba y  de la Asociaci\u00f3n de Historiadores Latinoamericanos.<\/p>\n<p>Pero lo que prevalecer\u00e1 sobre todo en la memoria ser\u00e1 esa devoci\u00f3n por  las gestas patrias, revelada en sus libros de inevitable consulta, sus  conferencias magistrales con dramaturgia muy propia, y en esas  fascinantes clases a puro nervio. Quedar\u00e1 su obsesi\u00f3n por M\u00e1ximo G\u00f3mez,  ese inmenso\u00a0 transido de desgarraduras y grandezas, duro y tierno a la  vez.<\/p>\n<p>Loyola fue como una estrella que alumbr\u00f3 los rincones enigm\u00e1ticos y  controversiales de la Historia de Cuba. Profesor l\u00edder y asequible de  sus inquietos alumnos, sin distancias ni fronteras. Sin dogmas ni  acomodamientos verticalistas.<\/p>\n<p>Descend\u00eda las alturas de la Universidad de La Habana y recorr\u00eda las  calles de la ciudad con la libreta de abastecimientos, como P\u00e1nfilo,  para comprar el pan, disfrutar el personaje de cubano com\u00fan y promedio y  rencontrarse con Molly, su amor de siempre. Y con Alexandra, su semilla  en este mundo.<\/p>\n<p>Por todas esas razones, desde el m\u00e1s all\u00e1 Loyola fue el participante m\u00e1s  activo en el evento cient\u00edfico e historiogr\u00e1fico que se celebr\u00f3 en ese  para\u00edso resguardado del trafago y los estruendos de la ciudad, La Quinta  de los Molinos, el pasado 18 de noviembre: aniversario 179 del  nacimiento de M\u00e1ximo G\u00f3mez.<\/p>\n<p>Muy cerca de la \u00faltima morada del General\u00edsimo en la propia Quinta, que  lleva mucho tiempo en una reconstrucci\u00f3n inacabable, la doctora  Francisca L\u00f3pez Civeira\u00a0 honraba la\u00a0 \u00abmaestr\u00eda y sagacidad oscar\u00edstica\u00bb.  El Doctor Horacio D\u00edaz destac\u00f3 su \u00absensibilidad para revelar los  aspectos humanos de la Historia\u00bb y lo defini\u00f3 como \u00abciencia, arte y  pasi\u00f3n\u00bb.<\/p>\n<p>All\u00ed estaban sus alumnos. Para el doctor Yoel Cordov\u00ed, hoy  vicepresidente del Instituto de Historia, \u00abera el modelo del profesor  universitario: sagacidad, valent\u00eda e inteligencia\u00bb. Para David  Dom\u00ednguez, \u00abfaltar a su clase de Historia de Cuba II era imposible,  gracias a su magnetismo\u00bb.<\/p>\n<p>Los participantes en el encuentro rindieron honores nada solemnes \u2014a lo  Oscar\u2014 a las cenizas del eterno profesor, depositadas a solo unos metros  de la casa de M\u00e1ximo G\u00f3mez. Y su hija Alexandra me confes\u00f3 la raz\u00f3n de  ese destino: pleno de vida y gracia, Loyola le hab\u00eda rogado una vez que  si mor\u00eda, depositaran sus cenizas muy cerca de la vivienda del gran  guerrero y estratega dominicano-cubano, pues as\u00ed se entretendr\u00eda mucho  hablando d\u00eda y noche con el General\u00edsimo\u2026<\/p>\n<p style=\"text-align: justify;\">&nbsp;<\/p>\n<p style=\"text-align: justify;\"><strong>Publicado por ADHILAC Internacional \u00a9 www.adhilac.com.ar<\/strong><\/p>\n<p>Si Ud. desea asociarse de acuerdo a los Estatutos de ADHILAC\u00a0<a title=\"(ver)\" href=\"https:\/\/adhilac.com.ar\/?page_id=263\">(ver)<\/a> complete el siguiente formulario\u00a0<a title=\"(ver)\" href=\"https:\/\/adhilac.com.ar\/?page_id=3194\">(ver)<\/a><\/p>\n<p>E-mail: info@adhilac.com.ar<strong> <\/strong><\/p>\n<p>Twitter: @AdhilacInfo<\/p>\n<p style=\"text-align: justify;\">&nbsp;<\/p>\n","protected":false},"excerpt":{"rendered":"<p>Rumores en la Quinta de los Molinos Jos\u00e9 Alejandro Rodr\u00edguez &#8211; Juventud Rebelde 20 de Noviembre del 2015 Dondequiera que est\u00e9 aguzando el ingenio sin obsesi\u00f3n de brillar ni ascender, Oscar Loyola sabe que la Historia no solo est\u00e1 hecha de proezas y barrancos, de causas y consecuencias, sino tambi\u00e9n de fortuitos azares. Golpes imprevisibles [&hellip;]<\/p>\n","protected":false},"author":2,"featured_media":0,"comment_status":"closed","ping_status":"open","sticky":false,"template":"","format":"standard","meta":{"_crdt_document":"","footnotes":""},"categories":[18,351,40],"tags":[],"class_list":["post-11314","post","type-post","status-publish","format-standard","hentry","category-adhilac-cuba","category-historiadores","category-informaciones"],"_links":{"self":[{"href":"https:\/\/adhilac.com.ar\/index.php?rest_route=\/wp\/v2\/posts\/11314","targetHints":{"allow":["GET"]}}],"collection":[{"href":"https:\/\/adhilac.com.ar\/index.php?rest_route=\/wp\/v2\/posts"}],"about":[{"href":"https:\/\/adhilac.com.ar\/index.php?rest_route=\/wp\/v2\/types\/post"}],"author":[{"embeddable":true,"href":"https:\/\/adhilac.com.ar\/index.php?rest_route=\/wp\/v2\/users\/2"}],"replies":[{"embeddable":true,"href":"https:\/\/adhilac.com.ar\/index.php?rest_route=%2Fwp%2Fv2%2Fcomments&post=11314"}],"version-history":[{"count":1,"href":"https:\/\/adhilac.com.ar\/index.php?rest_route=\/wp\/v2\/posts\/11314\/revisions"}],"predecessor-version":[{"id":11315,"href":"https:\/\/adhilac.com.ar\/index.php?rest_route=\/wp\/v2\/posts\/11314\/revisions\/11315"}],"wp:attachment":[{"href":"https:\/\/adhilac.com.ar\/index.php?rest_route=%2Fwp%2Fv2%2Fmedia&parent=11314"}],"wp:term":[{"taxonomy":"category","embeddable":true,"href":"https:\/\/adhilac.com.ar\/index.php?rest_route=%2Fwp%2Fv2%2Fcategories&post=11314"},{"taxonomy":"post_tag","embeddable":true,"href":"https:\/\/adhilac.com.ar\/index.php?rest_route=%2Fwp%2Fv2%2Ftags&post=11314"}],"curies":[{"name":"wp","href":"https:\/\/api.w.org\/{rel}","templated":true}]}}