{"id":11324,"date":"2015-11-30T12:51:41","date_gmt":"2015-11-30T15:51:41","guid":{"rendered":"https:\/\/adhilac.com.ar\/?p=11324"},"modified":"2015-11-30T12:51:41","modified_gmt":"2015-11-30T15:51:41","slug":"a-40-anos-del-fin-del-colonialismo-portugues-en-africa-panel-buenos-aires-30-de-noviembre","status":"publish","type":"post","link":"https:\/\/adhilac.com.ar\/?p=11324","title":{"rendered":"A 40 a\u00f1os del fin del colonialismo portugu\u00e9s en \u00c1frica. Panel. Buenos Aires 30 de noviembre"},"content":{"rendered":"<h3 style=\"text-align: justify;\"><span style=\"color: #339966;\">A 40 a\u00f1os del fin del colonialismo portugu\u00e9s en \u00c1frica<\/span><\/h3>\n<div style=\"text-align: justify;\">Lunes 30 de Noviembre . Sala Jacobo Laks \u00a03\u00ba Piso 19:00 horas.<\/div>\n<div style=\"text-align: justify;\">Centro Cultural de la Cooperaci\u00f3n . Corrientes 1543. Buenos Aires. Argentina.<\/div>\n<div style=\"text-align: justify;\"><\/div>\n<div style=\"text-align: justify;\">Tras la Revoluci\u00f3n de los Claveles de abril de 1974, el nuevo gobierno de Portugal acept\u00f3 sentarse a discutir las independencias de sus colonias africanas, Mozambique, Angola, Cabo Verde, Guinea Bissau y Santo Tom\u00e9 y Principe, que ven\u00edan peleando por ella en el terreno pol\u00edtico y militar por m\u00e1s de una d\u00e9cada.<!--more--><\/div>\n<div style=\"text-align: justify;\"><\/div>\n<div style=\"text-align: justify;\">En esta panel se hablar\u00e1 de este proceso ya que en 2015 se cumplen 40 a\u00f1os de la retirada de Portugal de \u00c1frica, ya que fue el primer pa\u00eds europeo que se instal\u00f3 en el continente.<\/div>\n<div style=\"text-align: justify;\"><\/div>\n<div style=\"text-align: justify;\">Expositores:\u00a0M\u00edriam Gomes (Sociedad de Socorros Mutuos Uni\u00f3n Caboverdeana de Dock Sud ), Carmen B\u00e1ez (m\u00e9dica sanitarista por la Universidad Eduardo Mondlane de Mozambique), Luciana Contarino Sparta (Facultad de Filosof\u00eda y Letras de la UBA), Marisa Pineau (Facultad de Filosof\u00eda y Letras de la UBA y Programa Sur Global de la UNSAM)<\/div>\n<div style=\"text-align: justify;\"><\/div>\n<div style=\"text-align: justify;\">Modera:\u00a0Juan Francisco Mart\u00ednez Peria: (Coordinador del Departamento de Historia del CCC,e integrante del Programa Sur Global de la UNSAM)<\/div>\n<div style=\"text-align: justify;\"><\/div>\n<div style=\"text-align: justify;\">Organiza: Programa Sur Global UNSAM, C\u00e1tedra de \u201cHistoria de la Colonizaci\u00f3n y Descolonizaci\u00f3n\u201d del Depto. de Historia, FFyL-UBA, Departamento de Historia del CCC.<\/div>\n<p style=\"text-align: justify;\"><strong>Publicado por ADHILAC Internacional \u00a9 www.adhilac.com.ar<\/strong><\/p>\n<p style=\"text-align: justify;\">Si Ud. desea asociarse de acuerdo a los Estatutos de ADHILAC\u00a0<a title=\"(ver)\" href=\"https:\/\/adhilac.com.ar\/?page_id=263\">(ver)<\/a> complete el siguiente formulario\u00a0<a title=\"(ver)\" href=\"https:\/\/adhilac.com.ar\/?page_id=3194\">(ver)<\/a><\/p>\n<p style=\"text-align: justify;\">E-mail: info@adhilac.com.ar<strong> <\/strong><\/p>\n<p style=\"text-align: justify;\">Twitter: @AdhilacInfo<\/p>\n<p style=\"text-align: justify;\">&nbsp;<\/p>\n","protected":false},"excerpt":{"rendered":"<p>A 40 a\u00f1os del fin del colonialismo portugu\u00e9s en \u00c1frica Lunes 30 de Noviembre . Sala Jacobo Laks \u00a03\u00ba Piso 19:00 horas. Centro Cultural de la Cooperaci\u00f3n . Corrientes 1543. Buenos Aires. Argentina. Tras la Revoluci\u00f3n de los Claveles de abril de 1974, el nuevo gobierno de Portugal acept\u00f3 sentarse a discutir las independencias de [&hellip;]<\/p>\n","protected":false},"author":2,"featured_media":0,"comment_status":"closed","ping_status":"closed","sticky":false,"template":"","format":"standard","meta":{"_crdt_document":"","footnotes":""},"categories":[5,40],"tags":[473,329,650],"class_list":["post-11324","post","type-post","status-publish","format-standard","hentry","category-congresos","category-informaciones","tag-africa","tag-colonialismo","tag-portugal"],"_links":{"self":[{"href":"https:\/\/adhilac.com.ar\/index.php?rest_route=\/wp\/v2\/posts\/11324","targetHints":{"allow":["GET"]}}],"collection":[{"href":"https:\/\/adhilac.com.ar\/index.php?rest_route=\/wp\/v2\/posts"}],"about":[{"href":"https:\/\/adhilac.com.ar\/index.php?rest_route=\/wp\/v2\/types\/post"}],"author":[{"embeddable":true,"href":"https:\/\/adhilac.com.ar\/index.php?rest_route=\/wp\/v2\/users\/2"}],"replies":[{"embeddable":true,"href":"https:\/\/adhilac.com.ar\/index.php?rest_route=%2Fwp%2Fv2%2Fcomments&post=11324"}],"version-history":[{"count":2,"href":"https:\/\/adhilac.com.ar\/index.php?rest_route=\/wp\/v2\/posts\/11324\/revisions"}],"predecessor-version":[{"id":11326,"href":"https:\/\/adhilac.com.ar\/index.php?rest_route=\/wp\/v2\/posts\/11324\/revisions\/11326"}],"wp:attachment":[{"href":"https:\/\/adhilac.com.ar\/index.php?rest_route=%2Fwp%2Fv2%2Fmedia&parent=11324"}],"wp:term":[{"taxonomy":"category","embeddable":true,"href":"https:\/\/adhilac.com.ar\/index.php?rest_route=%2Fwp%2Fv2%2Fcategories&post=11324"},{"taxonomy":"post_tag","embeddable":true,"href":"https:\/\/adhilac.com.ar\/index.php?rest_route=%2Fwp%2Fv2%2Ftags&post=11324"}],"curies":[{"name":"wp","href":"https:\/\/api.w.org\/{rel}","templated":true}]}}