{"id":11327,"date":"2015-12-09T08:45:49","date_gmt":"2015-12-09T11:45:49","guid":{"rendered":"https:\/\/adhilac.com.ar\/?p=11327"},"modified":"2015-12-09T08:45:49","modified_gmt":"2015-12-09T11:45:49","slug":"premios-de-la-critica-cientifico-tecnica-2014","status":"publish","type":"post","link":"https:\/\/adhilac.com.ar\/?p=11327","title":{"rendered":"Premios de la Cr\u00edtica Cient\u00edfico-T\u00e9cnica 2014."},"content":{"rendered":"<h3 style=\"text-align: justify;\"><span style=\"color: #339966;\"><em><img loading=\"lazy\" decoding=\"async\" class=\"alignleft\" src=\"http:\/\/www.lapapeleta.cult.cu\/media\/hechos\/NUEVA_HISTORIA_MINIMA.jpg.290x196_q85_box-0%2C19%2C447%2C321_crop_detail.jpg\" alt=\"Nueva historia m\u00ednima de Am\u00e9rica Latina\" width=\"232\" height=\"157\" \/>Nueva historia m\u00ednima de Am\u00e9rica Latina <\/em><\/span><\/h3>\n<p style=\"text-align: justify;\">Conozca los t\u00edtulos y una breve rese\u00f1a de las \u00faltimas obras galardonadas con este reconocimiento<\/p>\n<p style=\"text-align: justify;\">Sin perder el rigor acad\u00e9mico, <em>Nueva historia m\u00ednima de Am\u00e9rica Latina<\/em> (Ediciones Bolo\u00f1a) logra la s\u00edntesis expositiva de los principales acontecimientos, hechos y procesos econ\u00f3micos, pol\u00edticos y sociales que han marcado la trayectoria de nuestro continente desde sus or\u00edgenes hasta el siglo XXI. <!--more-->La obra puede leerse en el orden consecutivo de sus 14 cap\u00edtulos, con lo cual el lector obtendr\u00e1 una visi\u00f3n de conjunto de lo acontecido durante los siglos abordados. Asimismo, puede servir de libro de consulta, pues la metodolog\u00eda expositiva utilizada, y lo detallado del \u00edndice, posibilita b\u00fasquedas espec\u00edficas en temas particulares. Su autor, el reconocido historiador Sergio Guerra Vilaboy, ha conseguido gestar un libro ameno y pleno de inter\u00e9s para los interesados en la historia regional. (Ibrahim Hidalgo de Paz).<\/p>\n<p style=\"text-align: justify;\">&nbsp;<\/p>\n<p style=\"text-align: justify;\">Juventud Rebelde.\u00a0\u00a0www.<strong>juventudrebelde<\/strong>.cu &#8211;\u00a05 de Diciembre del 2015<\/p>\n<p>&nbsp;<\/p>\n<p><strong>Publicado por ADHILAC Internacional \u00a9 www.adhilac.com.ar<\/strong><\/p>\n<p>Si Ud. desea asociarse de acuerdo a los Estatutos de ADHILAC\u00a0<a title=\"(ver)\" href=\"https:\/\/adhilac.com.ar\/?page_id=263\">(ver)<\/a> complete el siguiente formulario\u00a0<a title=\"(ver)\" href=\"https:\/\/adhilac.com.ar\/?page_id=3194\">(ver)<\/a><\/p>\n<p>E-mail: info@adhilac.com.ar<strong> <\/strong><\/p>\n<p>Twitter: @AdhilacInfo<\/p>\n<p>&nbsp;<\/p>\n","protected":false},"excerpt":{"rendered":"<p>Nueva historia m\u00ednima de Am\u00e9rica Latina Conozca los t\u00edtulos y una breve rese\u00f1a de las \u00faltimas obras galardonadas con este reconocimiento Sin perder el rigor acad\u00e9mico, Nueva historia m\u00ednima de Am\u00e9rica Latina (Ediciones Bolo\u00f1a) logra la s\u00edntesis expositiva de los principales acontecimientos, hechos y procesos econ\u00f3micos, pol\u00edticos y sociales que han marcado la trayectoria de [&hellip;]<\/p>\n","protected":false},"author":2,"featured_media":0,"comment_status":"closed","ping_status":"closed","sticky":false,"template":"","format":"standard","meta":{"_crdt_document":"","footnotes":""},"categories":[18,40,7],"tags":[148,63,604],"class_list":["post-11327","post","type-post","status-publish","format-standard","hentry","category-adhilac-cuba","category-informaciones","category-publicac-info","tag-caribe","tag-cuba","tag-historia-de-america-latina"],"_links":{"self":[{"href":"https:\/\/adhilac.com.ar\/index.php?rest_route=\/wp\/v2\/posts\/11327","targetHints":{"allow":["GET"]}}],"collection":[{"href":"https:\/\/adhilac.com.ar\/index.php?rest_route=\/wp\/v2\/posts"}],"about":[{"href":"https:\/\/adhilac.com.ar\/index.php?rest_route=\/wp\/v2\/types\/post"}],"author":[{"embeddable":true,"href":"https:\/\/adhilac.com.ar\/index.php?rest_route=\/wp\/v2\/users\/2"}],"replies":[{"embeddable":true,"href":"https:\/\/adhilac.com.ar\/index.php?rest_route=%2Fwp%2Fv2%2Fcomments&post=11327"}],"version-history":[{"count":1,"href":"https:\/\/adhilac.com.ar\/index.php?rest_route=\/wp\/v2\/posts\/11327\/revisions"}],"predecessor-version":[{"id":11328,"href":"https:\/\/adhilac.com.ar\/index.php?rest_route=\/wp\/v2\/posts\/11327\/revisions\/11328"}],"wp:attachment":[{"href":"https:\/\/adhilac.com.ar\/index.php?rest_route=%2Fwp%2Fv2%2Fmedia&parent=11327"}],"wp:term":[{"taxonomy":"category","embeddable":true,"href":"https:\/\/adhilac.com.ar\/index.php?rest_route=%2Fwp%2Fv2%2Fcategories&post=11327"},{"taxonomy":"post_tag","embeddable":true,"href":"https:\/\/adhilac.com.ar\/index.php?rest_route=%2Fwp%2Fv2%2Ftags&post=11327"}],"curies":[{"name":"wp","href":"https:\/\/api.w.org\/{rel}","templated":true}]}}