{"id":11329,"date":"2015-12-31T18:25:36","date_gmt":"2015-12-31T21:25:36","guid":{"rendered":"https:\/\/adhilac.com.ar\/?p=11329"},"modified":"2016-01-07T07:33:19","modified_gmt":"2016-01-07T10:33:19","slug":"segunda-conferencia-internacional-de-la-asociacion-colombiana-de-estudios-del-caribe-barranquilla-colombia-15-a-17-de-junio-de-2016","status":"publish","type":"post","link":"https:\/\/adhilac.com.ar\/?p=11329","title":{"rendered":"Segunda Conferencia Internacional de La Asociaci\u00f3n Colombiana de Estudios del Caribe. Barranquilla. Colombia. 15 a 17 de junio de 2016"},"content":{"rendered":"<div>\n<h3><span style=\"color: #339966;\">PRESENTACI\u00d3N<\/span><\/h3>\n<\/div>\n<div>\n<p style=\"text-align: justify;\">La  Asociaci\u00f3n Colombiana de Estudios del Caribe \u2013ACOLEC\u2013 y el Banco de la  Rep\u00fablica, invitan a investigadores, docentes y estudiantes de  diferentes disciplinas interesados(as) en participar en la Segunda  Conferencia Internacional de La Asociaci\u00f3n Colombiana de Estudios del  Caribe que se realizar\u00e1 en la ciudad de Barranquilla (Colombia) durante  los d\u00edas comprendidos entre el 15 y el 17 de junio de 2016, a que  presenten sus ponencias, en torno al tema central \u201cEl Caribe en los  Litorales. Cultura, Ciudades y Econom\u00eda\u201d.<!--more--><\/p>\n<\/div>\n<div style=\"text-align: justify;\">\n<p>Durante  los siglos XVI, XVII y XVIII, las ciudades caribe\u00f1as se conformaron en  diversas din\u00e1micas que fueron determinadas por los intereses imperiales y  en conjunto cumplieron un rol espec\u00edfico. As\u00ed que, de la condici\u00f3n de  ciudades fortaleza para la exploraci\u00f3n, unas se convirtieron en ciudades  portuarias y en muchos casos militares hasta llegar a ser centros de  administraci\u00f3n de los imperios; otras al margen de los litorales tomaron  su condici\u00f3n de ciudades netamente agrarias, igualmente con su papel en  el conjunto de un sistema colonial. M\u00e1s de un siglo despu\u00e9s, con los  desarrollos del capitalismo, las ciudades caribe\u00f1as y centros urbanos  siguen un proceso de reacomodaci\u00f3n de acuerdo a las din\u00e1micas de la  econom\u00eda mundial en las que las ciudades tienen un rol especial.<\/p>\n<\/div>\n<div style=\"text-align: justify;\">\n<p>En  las \u00faltimas d\u00e9cadas, la regi\u00f3n del Caribe ha experimentado una eclosi\u00f3n  sistem\u00e1tica de sus ciudades. Ello se traduce en un renovado dinamismo  de las ciudades existentes y en el surgimiento de nuevas \u00e1reas de  crecimiento econ\u00f3mico, fruto de las transformaciones en los procesos  productivos y la globalizaci\u00f3n. Esto repercute, para el caso de las  ciudades litorales, en un alto potencial para el desarrollo portuario y  del turismo, y en transformaciones significativas en las formas como se  configura su poblaci\u00f3n, pues de los tradicionales procesos migratorios  del campo a la ciudad, se pas\u00f3 en los \u00faltimos a\u00f1os a un esquema distinto  de corrientes migratorias entre zonas urbanas y de amplia movilidad  internacional, que no solo hacen a algunas ciudades expulsoras, sino  receptoras de poblaci\u00f3n extranjera con capacidad de invertir capitales.<\/p>\n<\/div>\n<div style=\"text-align: justify;\">\n<p>Esta  situaci\u00f3n, como es de esperarse, ocasiona recomposiciones importantes  en el mundo urbano, sumado a cambios culturales e identitarios de la  poblaci\u00f3n, que hacen de las ciudades del Caribe un punto central para  reflexionar.<\/p>\n<\/div>\n<div style=\"text-align: justify;\">\n<p><strong>Objetivo General<\/strong><\/p>\n<\/div>\n<div style=\"text-align: justify;\">\n<p>Analizar  la evoluci\u00f3n de las ciudades litorales caribe\u00f1as desde el punto de  vista f\u00edsico, pol\u00edtico, social, cultural y econ\u00f3mico y los desaf\u00edos que  representan para ella los cambios que impone el capitalismo mundial.<\/p>\n<\/div>\n<div style=\"text-align: justify;\">\n<p><strong>Espec\u00edficos <\/strong><\/p>\n<\/div>\n<div style=\"text-align: justify;\">\n<p>Reflexionar  sobre los mecanismos de gesti\u00f3n integrada de las ciudades, las  contradicciones en las pol\u00edticas de desarrollo y de prestaci\u00f3n de  servicios.<\/p>\n<\/div>\n<div style=\"text-align: justify;\">\n<p>Revisar  las pr\u00e1cticas sociales de uso del espacio p\u00fablico, de solidaridad e  identificaci\u00f3n comunitaria cada vez m\u00e1s amenazada por la segmentaci\u00f3n  socio-espacial.<\/p>\n<\/div>\n<div style=\"text-align: justify;\">\n<p>Analizar los impactos culturales e identitarios que experimentan las ciudades caribe\u00f1as en este contexto de cambio.<\/p>\n<\/div>\n<div style=\"text-align: justify;\">\n<p><strong>MESAS TEM\u00c1TICAS<\/strong><\/p>\n<\/div>\n<div style=\"text-align: justify;\">\n<ul>\n<li>Desarrollo y transformaciones urbanas en el Caribe.<\/li>\n<li>Cultura e identidad urbana en el Caribe.<\/li>\n<li>Ciudades portuarias y desarrollos urbanos.<\/li>\n<li>Educaci\u00f3n, e identidad urbana en el Caribe<\/li>\n<li>Turismo, econom\u00eda y ciudad.<\/li>\n<li>Sociedad, pobreza y vida cotidiana.<\/li>\n<li>Raza, g\u00e9nero y comunidad<\/li>\n<li>Din\u00e1micas semiurbanas, de los contextos rurales a urbanos<\/li>\n<li>Procesos pol\u00edticos: Democracia, gobernabilidad y estabilidad pol\u00edtica.<\/li>\n<li>Movimientos sociales, actores emergentes y ciudadan\u00eda en el Caribe.<\/li>\n<li>Espacio p\u00fablico, medios de informaci\u00f3n y memoria en el Caribe<\/li>\n<li>Sistemas productivos y desarrollo empresarial en las ciudades del Caribe<\/li>\n<li>Ciudades transfronterizas y procesos de integraci\u00f3n en el Caribe.<\/li>\n<li>Medio ambiente y desarrollo sustentable en las ciudades del Caribe<\/li>\n<li>Ciudadan\u00edas a trav\u00e9s de las artes en el Caribe<\/li>\n<li>Cat\u00e1strofes, ciudadan\u00eda e intervenci\u00f3n internacional<\/li>\n<li>La ciudad en la literatura en el Caribe<\/li>\n<li>Arquitectura, historia y patrimonializaci\u00f3n en el Caribe<\/li>\n<\/ul>\n<\/div>\n<div style=\"text-align: justify;\">\n<p>&nbsp;<\/p>\n<\/div>\n<div style=\"text-align: justify;\">\n<p><strong>METODOLOG\u00cdA<\/strong><\/p>\n<\/div>\n<div style=\"text-align: justify;\">\n<p>El  evento acad\u00e9mico se realizar\u00e1 con la modalidad de mesas tem\u00e1ticas con  ponencias individuales, seguidas de una sesi\u00f3n de preguntas y  comentarios de cada una. Tambi\u00e9n se realizar\u00e1n conferencias centrales a  cargo de especialistas reconocidos en el tema.<\/p>\n<\/div>\n<div style=\"text-align: justify;\">\n<p>Los  interesados podr\u00e1n proponer mesas tem\u00e1ticas o enviar ponencias  individuales. Las mesas tem\u00e1ticas deber\u00e1n contar con un m\u00ednimo de tres  ponencias y un m\u00e1ximo de cinco, y los res\u00famenes ser\u00e1n evaluados  individualmente.<\/p>\n<\/div>\n<div style=\"text-align: justify;\">\n<p>PARTICIPACI\u00d3N<\/p>\n<\/div>\n<div style=\"text-align: justify;\">\n<p>Para  participar como ponente en el evento los interesados deben enviar una  propuesta de ponencia, ya sea en idioma ingl\u00e9s o espa\u00f1ol, de forma  simult\u00e1nea a las siguientes direcciones de correo electr\u00f3nico:<\/p>\n<\/div>\n<div style=\"text-align: justify;\">\n<p><a href=\"mailto:presidencia@acolec.org\">presidencia@acolec.org<\/a>; <a href=\"mailto:raulromanr@yahoo.com\">raulromanr@yahoo.com<\/a><br \/>\n<a href=\"mailto:vicepresidencia@acolec.org\">vicepresidencia@acolec.org<\/a>; <a href=\"mailto:joelcar1@hotmail.com\">joelcar1@hotmail.com<\/a><\/p>\n<\/div>\n<div style=\"text-align: justify;\">\n<p>La propuesta debe contener la siguiente informaci\u00f3n:<\/p>\n<\/div>\n<div style=\"text-align: justify;\">\n<p>1. Datos personales (nombre y apellido, direcci\u00f3n postal y correo electr\u00f3nico)<br \/>\n2. Datos profesionales (grado acad\u00e9mico y pertenencia institucional)<br \/>\n3.  T\u00edtulo de la ponencia, mesa tem\u00e1tica elegida, y un resumen de hasta 500  palabras, que se recibir\u00e1 hasta el 25 de febrero de 2016<br \/>\n4. La  ponencia completa debe ser enviada hasta el 15 de abril de 2016, en  formato Word, TNR 12, espacio sencillo, y con una extensi\u00f3n m\u00e1xima de 12  cuartillas, incluyendo la bibliograf\u00eda.<\/p>\n<\/div>\n<div style=\"text-align: justify;\">\n<p>Posteriormente  se enviar\u00e1n a los ponentes que fueron aceptados las normas editoriales  completas para la publicaci\u00f3n de las memorias y los libros resultantes  de este evento internacional.<\/p>\n<\/div>\n<div style=\"text-align: justify;\">\n<p>Las  cartas de aceptaci\u00f3n de ponencias ser\u00e1n enviadas por los coordinadores  del evento desde el momento que se reciban y aprueben las propuestas  hasta el 20 de abril de 2016 y la programaci\u00f3n definitiva saldr\u00e1 el 30  de abril de 2016.<\/p>\n<\/div>\n<div style=\"text-align: justify;\">\n<p>Valor de la inscripci\u00f3n hasta el 20 de mayo de 2016:<br \/>\nPonentes nacionales $200.000<br \/>\nPonentes extranjeros 100 USD<br \/>\nParticipantes nacionales $150.000<br \/>\nParticipantes extranjeros 100 USD<br \/>\nEstudiantes $ 50.000 \u00f3 35 d\u00f3lares<\/p>\n<\/div>\n<div style=\"text-align: justify;\">\n<p>Valor de la inscripci\u00f3n desde el 21 de mayo de 2016<br \/>\nPonentes nacionales $ 250.000<br \/>\nPonentes Extranjeros 130 USD<br \/>\nParticipantes nacionales $300.000<br \/>\nParticipantes extranjeros 160 USD<br \/>\nEstudiantes $100.000 \u00f3 50 d\u00f3lares<\/p>\n<\/div>\n<div style=\"text-align: justify;\">\n<p>Informaci\u00f3n e inscripciones<\/p>\n<\/div>\n<div style=\"text-align: justify;\">\n<p>Dr. Ra\u00fal Rom\u00e1n Romero: Presidente ACOLEC-Univ. Nacional de Colombia<br \/>\n<a href=\"mailto:presidencia@acolec.org\">presidencia@acolec.org<\/a>; <a href=\"mailto:raulromanr@yahoo.com\">raulromanr@yahoo.com<\/a><\/p>\n<\/div>\n<div style=\"text-align: justify;\">\n<p>Dr. Jorge E. El\u00edas-Caro: Vicepresidente ACOLEC-Universidad del Magdalena<\/p>\n<\/div>\n<div style=\"text-align: justify;\">\n<p><a href=\"mailto:vicepresidencia@acolec.org\">vicepresidencia@acolec.org<\/a>; <a href=\"mailto:joelcar1@hotmail.com\">joelcar1@hotmail.com<\/a><\/p>\n<\/div>\n<div style=\"text-align: justify;\">\n<p>Ver promoci\u00f3n en <a href=\"http:\/\/www.acolec.org\/\">www.acolec.org<\/a><\/p>\n<\/div>\n<div style=\"text-align: justify;\">\nUna  vez aceptada su ponencia, deben consignar el valor por su participaci\u00f3n  en el evento en la cuenta de ahorros N\u00ba 516-329425-01 del Banco de  Colombia a nombre de la Asociaci\u00f3n Colombiana de Estudios del  Caribe-ACOLEC y enviar recibo de consignaci\u00f3n escaneado a las  direcciones de correo electr\u00f3nico arriba se\u00f1aladas.<\/p>\n<\/div>\n<div style=\"text-align: justify;\">\n<p>Tambi\u00e9n  se reciben los pagos por valor de inscripci\u00f3n el mismo d\u00eda de iniciar  el evento al momento de registrar su participaci\u00f3n en el encuentro  acad\u00e9mico.<\/p>\n<\/div>\n<div style=\"text-align: justify;\">\n<p><strong>Comit\u00e9 Acad\u00e9mico<\/strong><\/p>\n<\/div>\n<div style=\"text-align: justify;\">\n<p>Dr. Ra\u00fal Rom\u00e1n Romero, Universidad Nacional de Colombia<br \/>\nDr. Jorge Enrique El\u00edas-Caro, Universidad del Magdalena (Colombia)<br \/>\nDr. Antonino Vidal Ortega, Universidad del Norte (Colombia)<br \/>\nMsc, Muriel Vanegas Beltr\u00e1n, Universidad de Cartagena (Colombia)<br \/>\nDra. Veronique Benei, CNRS (Francia)<br \/>\nDra. M\u00f3nica Mar\u00eda del Valle, Universidad de la Salle (Colombia)<br \/>\nDr. Joaqu\u00edn Viloria de La Hoz, Banco de la Rep\u00fablica (Colombia)<br \/>\nDr. Enrique Camacho Navarro, UNAM (M\u00e9xico)<br \/>\nDra. Yusmidia Solano Suarez, Universidad Nacional de Colombia<\/p>\n<p><strong>Comit\u00e9 Cient\u00edfico<\/strong><\/p>\n<\/div>\n<div style=\"text-align: justify;\">\n<p>Dra. Mu-Kien Sang Ben, Univ. Cat\u00f3lica Madre Maestra (Rep. Dominicana)<br \/>\nDr. Jorge Rodriguez Beruff, Universidad de Puerto Rico<br \/>\nDr. Fabio Luis Barbosa Dos Santos, Univ. Federal de Sao Paulo (Brasil)<br \/>\nDr. Yopahe Thiao, Universidad de Par\u00eds (Francia)<br \/>\nMsc, Daniel G\u00f3mez L\u00f3pez, Universidad del Magdalena (Colombia)<br \/>\nDr. Bernardo Garc\u00eda D\u00edaz, Universidad Veracruzana (M\u00e9xico)<br \/>\nDr. Jos\u00e9 Javier Col\u00f3n Morera, Universidad de Puerto Rico<br \/>\nMsc. Hernando Motato C., Universidad Industrial de Santander (Colombia)<br \/>\nDra. Adriana Santos Mart\u00ednez, universidad Nacional de Colombia<br \/>\nDr. David D\u00edaz Arias, Universidad de costa Rica<\/p>\n<\/div>\n<div style=\"text-align: justify;\">\n<p>Entidades que organizan y apoyan<\/p>\n<p>&nbsp;<\/p>\n<\/div>\n<div style=\"text-align: justify;\">\n<p style=\"padding-left: 30px;\">ACOLEC<br \/>\nBanco de la Rep\u00fablica<br \/>\nUniversidad Nacional de Colombia, sede Caribe<\/p>\n<p>&nbsp;<\/p>\n<p><a href=\"https:\/\/adhilac.com.ar\/wp-content\/uploads\/2015\/12\/II-CONFERENCIA-INTERNACIONAL-ASOCIACI\u00d3N-COLOMBIANA-DE-ESTUDIOS-DEL-CARIBE-I-CIRCULAR.pdf\">II CONFERENCIA INTERNACIONAL ASOCIACI\u00d3N COLOMBIANA DE  ESTUDIOS DEL CARIBE, I CIRCULAR<\/a><\/p>\n<p>&nbsp;<\/p>\n<p><strong>Publicado por ADHILAC Internacional \u00a9 www.adhilac.com.ar<\/strong><\/p>\n<p>Si Ud. desea asociarse de acuerdo a los Estatutos de ADHILAC\u00a0<a title=\"(ver)\" href=\"https:\/\/adhilac.com.ar\/?page_id=263\">(ver)<\/a> complete el siguiente formulario\u00a0<a title=\"(ver)\" href=\"https:\/\/adhilac.com.ar\/?page_id=3194\">(ver)<\/a><\/p>\n<p>E-mail: info@adhilac.com.ar<strong> <\/strong><\/p>\n<p>Twitter: @AdhilacInfo<\/p>\n<p>&nbsp;<\/p>\n<\/div>\n<p style=\"text-align: justify;\">&nbsp;<\/p>\n","protected":false},"excerpt":{"rendered":"<p>PRESENTACI\u00d3N La Asociaci\u00f3n Colombiana de Estudios del Caribe \u2013ACOLEC\u2013 y el Banco de la Rep\u00fablica, invitan a investigadores, docentes y estudiantes de diferentes disciplinas interesados(as) en participar en la Segunda Conferencia Internacional de La Asociaci\u00f3n Colombiana de Estudios del Caribe que se realizar\u00e1 en la ciudad de Barranquilla (Colombia) durante los d\u00edas comprendidos entre el [&hellip;]<\/p>\n","protected":false},"author":2,"featured_media":0,"comment_status":"closed","ping_status":"closed","sticky":false,"template":"","format":"standard","meta":{"_crdt_document":"","footnotes":""},"categories":[5,40],"tags":[148,651,222,196],"class_list":["post-11329","post","type-post","status-publish","format-standard","hentry","category-congresos","category-informaciones","tag-caribe","tag-ciudades","tag-cultura","tag-economia"],"_links":{"self":[{"href":"https:\/\/adhilac.com.ar\/index.php?rest_route=\/wp\/v2\/posts\/11329","targetHints":{"allow":["GET"]}}],"collection":[{"href":"https:\/\/adhilac.com.ar\/index.php?rest_route=\/wp\/v2\/posts"}],"about":[{"href":"https:\/\/adhilac.com.ar\/index.php?rest_route=\/wp\/v2\/types\/post"}],"author":[{"embeddable":true,"href":"https:\/\/adhilac.com.ar\/index.php?rest_route=\/wp\/v2\/users\/2"}],"replies":[{"embeddable":true,"href":"https:\/\/adhilac.com.ar\/index.php?rest_route=%2Fwp%2Fv2%2Fcomments&post=11329"}],"version-history":[{"count":4,"href":"https:\/\/adhilac.com.ar\/index.php?rest_route=\/wp\/v2\/posts\/11329\/revisions"}],"predecessor-version":[{"id":11363,"href":"https:\/\/adhilac.com.ar\/index.php?rest_route=\/wp\/v2\/posts\/11329\/revisions\/11363"}],"wp:attachment":[{"href":"https:\/\/adhilac.com.ar\/index.php?rest_route=%2Fwp%2Fv2%2Fmedia&parent=11329"}],"wp:term":[{"taxonomy":"category","embeddable":true,"href":"https:\/\/adhilac.com.ar\/index.php?rest_route=%2Fwp%2Fv2%2Fcategories&post=11329"},{"taxonomy":"post_tag","embeddable":true,"href":"https:\/\/adhilac.com.ar\/index.php?rest_route=%2Fwp%2Fv2%2Ftags&post=11329"}],"curies":[{"name":"wp","href":"https:\/\/api.w.org\/{rel}","templated":true}]}}