{"id":11351,"date":"2016-01-05T08:59:57","date_gmt":"2016-01-05T11:59:57","guid":{"rendered":"https:\/\/adhilac.com.ar\/?p=11351"},"modified":"2016-01-05T09:12:22","modified_gmt":"2016-01-05T12:12:22","slug":"mar","status":"publish","type":"post","link":"https:\/\/adhilac.com.ar\/?p=11351","title":{"rendered":"Mart\u00ed en Espa\u00f1a: El Destierro Purificador. Germ\u00e1n Rodas"},"content":{"rendered":"<p>Mart\u00ed en Espa\u00f1a: El Destierro Purificador. Germ\u00e1n Rodas.*<\/p>\n<p style=\"text-align: justify;\">Jos\u00e9 Mart\u00ed lleg\u00f3 a Espa\u00f1a el 1 de febrero de 1871 como consecuencia de la deportaci\u00f3n de la que fue objeto por las autoridades cubanas quienes de 1869, lo hab\u00edan retenido prisionero a causa de su postura contraria a la Metr\u00f3poli espa\u00f1ola. Su estad\u00eda en Madrid le sirvi\u00f3 para abrirse espacio en el mundo intelectual, sobre todo tras la publicaci\u00f3n del articulo \u00abCastillo\u00bb y del ensayo \u00abEl presidio pol\u00edtico en Cuba\u00bb. La estancia de\u00a0Mart\u00ed en Espa\u00f1a le sirvi\u00f3 para culminar sus estudios, insertarse sobre debates de enorme significaci\u00f3n filos\u00f3fica, as\u00ed como en la Masoner\u00eda.\u00a0Mart\u00ed parti\u00f3 de la Pen\u00ednsula Ib\u00e9rica, de retorno a Am\u00e9rica a finales de noviembre de 1874 en direcci\u00f3n a M\u00e9xico. Hab\u00eda experimentado un destierro purificador que solo pudo ser posible en una persona de talento como fue el caso del cubano Jos\u00e9\u00a0Mart\u00ed.<\/p>\n<p style=\"text-align: justify;\">Texto completo:\u00a0<a href=\"https:\/\/adhilac.com.ar\/wp-content\/uploads\/2016\/01\/Marti-en-Espana-el-destierro-purificador-German-Rodas.pdf\">Marti en Espana: El Destierro purificador-German Rodas<!--more--><\/a><\/p>\n<p><strong>Publicado por ADHILAC Internacional \u00a9 www.adhilac.com.ar<\/strong><\/p>\n<p>Si Ud. desea asociarse de acuerdo a los Estatutos de ADHILAC\u00a0<a title=\"(ver)\" href=\"https:\/\/adhilac.com.ar\/?page_id=263\">(ver)<\/a> complete el siguiente formulario\u00a0<a title=\"(ver)\" href=\"https:\/\/adhilac.com.ar\/?page_id=3194\">(ver)<\/a><\/p>\n<p>E-mail: info@adhilac.com.ar<strong> <\/strong><\/p>\n<p>Twitter: @AdhilacInfo<\/p>\n<p style=\"text-align: justify;\">&nbsp;<\/p>\n<p style=\"text-align: justify;\">&nbsp;<\/p>\n<p>&nbsp;<\/p>\n<p>Nota:<\/p>\n<p>* Germ\u00e1n Rodas. Universidad Andina de Quito. Ecuador.<\/p>\n","protected":false},"excerpt":{"rendered":"<p>Mart\u00ed en Espa\u00f1a: El Destierro Purificador. Germ\u00e1n Rodas.* Jos\u00e9 Mart\u00ed lleg\u00f3 a Espa\u00f1a el 1 de febrero de 1871 como consecuencia de la deportaci\u00f3n de la que fue objeto por las autoridades cubanas quienes de 1869, lo hab\u00edan retenido prisionero a causa de su postura contraria a la Metr\u00f3poli espa\u00f1ola. Su estad\u00eda en Madrid le [&hellip;]<\/p>\n","protected":false},"author":2,"featured_media":0,"comment_status":"closed","ping_status":"closed","sticky":false,"template":"","format":"standard","meta":{"_crdt_document":"","footnotes":""},"categories":[32,6,15],"tags":[653,64],"class_list":["post-11351","post","type-post","status-publish","format-standard","hentry","category-adhilac-ecuador","category-biblioteca","category-historia","tag-destierro","tag-jose-marti"],"_links":{"self":[{"href":"https:\/\/adhilac.com.ar\/index.php?rest_route=\/wp\/v2\/posts\/11351","targetHints":{"allow":["GET"]}}],"collection":[{"href":"https:\/\/adhilac.com.ar\/index.php?rest_route=\/wp\/v2\/posts"}],"about":[{"href":"https:\/\/adhilac.com.ar\/index.php?rest_route=\/wp\/v2\/types\/post"}],"author":[{"embeddable":true,"href":"https:\/\/adhilac.com.ar\/index.php?rest_route=\/wp\/v2\/users\/2"}],"replies":[{"embeddable":true,"href":"https:\/\/adhilac.com.ar\/index.php?rest_route=%2Fwp%2Fv2%2Fcomments&post=11351"}],"version-history":[{"count":4,"href":"https:\/\/adhilac.com.ar\/index.php?rest_route=\/wp\/v2\/posts\/11351\/revisions"}],"predecessor-version":[{"id":11355,"href":"https:\/\/adhilac.com.ar\/index.php?rest_route=\/wp\/v2\/posts\/11351\/revisions\/11355"}],"wp:attachment":[{"href":"https:\/\/adhilac.com.ar\/index.php?rest_route=%2Fwp%2Fv2%2Fmedia&parent=11351"}],"wp:term":[{"taxonomy":"category","embeddable":true,"href":"https:\/\/adhilac.com.ar\/index.php?rest_route=%2Fwp%2Fv2%2Fcategories&post=11351"},{"taxonomy":"post_tag","embeddable":true,"href":"https:\/\/adhilac.com.ar\/index.php?rest_route=%2Fwp%2Fv2%2Ftags&post=11351"}],"curies":[{"name":"wp","href":"https:\/\/api.w.org\/{rel}","templated":true}]}}