{"id":11381,"date":"2016-03-21T10:17:41","date_gmt":"2016-03-21T13:17:41","guid":{"rendered":"https:\/\/adhilac.com.ar\/?p=11381"},"modified":"2016-03-22T10:10:40","modified_gmt":"2016-03-22T13:10:40","slug":"2nd-international-conference-of-the-colombian-association-of-caribbean-studies-acolec-barranquilla-june-15th-17th-2016","status":"publish","type":"post","link":"https:\/\/adhilac.com.ar\/?p=11381","title":{"rendered":"2nd International Conference of the Colombian Association of Caribbean Studies (ACOLEC) Barranquilla. June 15th-17th 2016"},"content":{"rendered":"<h3 id=\"ecxyui_3_16_0_1_1455680087138_24342\"><span style=\"color: #339966;\">2<sup id=\"ecxyui_3_16_0_1_1455680087138_27410\">nd<\/sup> International Conference of the Colombian Association of Caribbean Studies (ACOLEC)<\/span><\/h3>\n<p id=\"ecxyui_3_16_0_1_1455680087138_24341\"><strong>Barranquilla. June 15<sup id=\"ecxyui_3_16_0_1_1455680087138_25113\">th<\/sup>-17<sup>th<\/sup> 2016<\/strong><\/p>\n<p id=\"ecxyui_3_16_0_1_1455680087138_24343\">\u201cCulture, Cities and Economy in the Caribbean: a Glance at the Shores\u201d &#8211;\u00a0<a id=\"ecxyui_3_16_0_1_1455680087138_24759\" href=\"http:\/\/www.acolec.org\/\" target=\"_blank\">www.acolec.org<!--more--><\/a><\/p>\n<p id=\"ecxyui_3_16_0_1_1455680087138_24361\" style=\"text-align: justify;\"><strong id=\"ecxyui_3_16_0_1_1455680087138_24324\"> <\/strong>All through the 16<sup>th<\/sup>, 17<sup>th<\/sup> and 18<sup>th<\/sup> centuries, cities in the Caribbean were formed and shaped in relationship to various processes tied to imperial interests. Some cities were born as fortresses serving exploration and acted as trading cities; later on, in many an occasion, they became administrative centers for the Empire. Other cities far from the shores became agrarian villages, thus fulfilling their own function within the imperial structure. Still today, responding to capitalism, Caribbean urban centers and cities are re-accommodating to the demands of world economy, where cities play a crucial role.<\/p>\n<p id=\"ecxyui_3_16_0_1_1455680087138_24367\" style=\"text-align: justify;\">In recent decades, cities in the Caribbean have experienced a systematic expansion. The emergence of economical growth areas resulting from globalization and changes in productive processes are some of the results. For coast cities, the expansion means a high potential for port-development as well as increased tourism flow. Both phenomena have effects on populations, since some cities attract international foreign population with investment capacity while others drive out local population or, on the contrary, draw urban migration.<\/p>\n<p id=\"ecxyui_3_16_0_1_1455680087138_24762\" style=\"text-align: justify;\">Obviously, given such a context, there are important redesigns of the urban sphere, at all levels. All this makes of Caribbean coast cities today an issue deserving analysis.<\/p>\n<p id=\"ecxyui_3_16_0_1_1455680087138_27412\" style=\"text-align: justify;\">The second International Conference of ACOLEC thus aims at dealing with such topics. Our goals are to stimulate discussions on the evolution of coast Caribbean cities in their urban, political, social, cultural and economical levels, following the challenges imposed on them by world capitalism.<\/p>\n<p id=\"ecxyui_3_16_0_1_1455680087138_27790\" style=\"text-align: justify;\"><strong id=\"ecxyui_3_16_0_1_1455680087138_27789\">Topic Areas (suggested but not limited to)<\/strong><\/p>\n<p style=\"text-align: justify;\">1.\u00a0\u00a0\u00a0\u00a0\u00a0 Development and Urban Transformations in the Caribbean<\/p>\n<p style=\"text-align: justify;\">2.\u00a0\u00a0\u00a0\u00a0\u00a0 Port Cities and Urban Development<\/p>\n<p style=\"text-align: justify;\">3.\u00a0\u00a0\u00a0\u00a0\u00a0 Urban Culture and Identity<\/p>\n<p style=\"text-align: justify;\">4.\u00a0\u00a0\u00a0\u00a0\u00a0 City Tourism and Economy<\/p>\n<p id=\"ecxyui_3_16_0_1_1455680087138_24370\" style=\"text-align: justify;\">5.\u00a0\u00a0\u00a0\u00a0\u00a0 Education and Urban Identity in the Caribbean<\/p>\n<p style=\"text-align: justify;\">6.\u00a0\u00a0\u00a0\u00a0\u00a0 Cities in Caribbean Literature, Film And Art<\/p>\n<p style=\"text-align: justify;\">7.\u00a0\u00a0\u00a0\u00a0\u00a0 Society, Poverty and Everyday Life<\/p>\n<p style=\"text-align: justify;\">8.\u00a0\u00a0\u00a0\u00a0\u00a0 Race, Gender and Community<\/p>\n<p style=\"text-align: justify;\">9.\u00a0\u00a0\u00a0\u00a0\u00a0 Semi-Urban Processes: From Rural to Urban Contexts<\/p>\n<p style=\"text-align: justify;\">10.\u00a0 Political Processes: Democracy, Governability and Political Stability<\/p>\n<p style=\"text-align: justify;\">11.\u00a0 Social Movements, Emerging Actors and Citizenship<\/p>\n<p style=\"text-align: justify;\">12.\u00a0 Public Space, Mass Media and Memory in the Caribbean<\/p>\n<p style=\"text-align: justify;\">13.\u00a0 Productive Systems and Enterprise Development<\/p>\n<p style=\"text-align: justify;\">14.\u00a0 Border Cities and Integration in the Caribbean<\/p>\n<p style=\"text-align: justify;\">15.\u00a0 Environment and Sustainability Issues in Caribbean Cities<\/p>\n<p style=\"text-align: justify;\">16.\u00a0 Citizenship through the Arts in Caribbean Cities<\/p>\n<p style=\"text-align: justify;\">17.\u00a0 Catastrophes, Citizenship and International Intervention<\/p>\n<p style=\"text-align: justify;\">18.\u00a0 Architecture, History and Patrimonialization<\/p>\n<p style=\"text-align: justify;\">The organizing committee invites scholars to submit fully constituted panels or individual papers, in Spanish or English. Panels should comprise at least three and no more than five presenters. Abstracts will be evaluated on an individual basis. Proposals are to be send simultaneously to:<\/p>\n<p style=\"text-align: justify;\"><a href=\"mailto:presidencia@acolec.org\">presidencia@acolec.org<\/a>; <a href=\"mailto:raulromanr@yahoo.com\">raulromanr@yahoo.com<\/a> <span style=\"text-decoration: underline;\"> <\/span><\/p>\n<p style=\"text-align: justify;\"><a href=\"mailto:vicepresidencia@acolec.org\">vicepresidencia@acolec.org<\/a>; <a href=\"mailto:joelcar1@hotmail.com\">joelcar1@hotmail.com<\/a><\/p>\n<p style=\"text-align: justify;\">Proposals should contain:<\/p>\n<p style=\"text-align: justify;\">1.\u00a0\u00a0\u00a0\u00a0\u00a0 Personal presenter information (name, last name, postal address, and e-mail)<\/p>\n<p style=\"text-align: justify;\">2.\u00a0\u00a0\u00a0\u00a0\u00a0 Professional information (Academic title and institutional affiliation)<\/p>\n<p style=\"text-align: justify;\">3.\u00a0\u00a0\u00a0\u00a0\u00a0 Paper\/panel title, thematic area and abstract up to 500 words.<\/p>\n<p style=\"text-align: justify;\">Deadline for paper\/panel submission is <strong>25<sup>th<\/sup> March 2016<\/strong>.<\/p>\n<p style=\"text-align: justify;\">Accepted participants may sent full papers to be included in the Conference Proceedings by <strong>April 25<\/strong> (in word, Times New Roman 12, single-spaced, and maximum 12 pages, bibliography included). More detailed editorial guidelines will be sent later on, regarding curated books resulting from the Conference.<\/p>\n<p style=\"text-align: justify;\">Acceptance letters will be issued as proposals are submitted and evaluated. The final program will be published by the 10 May 2016.<\/p>\n<p id=\"ecxyui_3_16_0_1_1455680087138_24376\" style=\"text-align: justify;\"><strong> <\/strong><\/p>\n<p style=\"text-align: justify;\"><strong>Conference Fees<\/strong><\/p>\n<p style=\"text-align: justify;\">Registration before the 20<sup>th<\/sup> May<\/p>\n<p style=\"text-align: justify;\">National Presenters: 150.000 Colombian pesos<\/p>\n<p style=\"text-align: justify;\">International Presenters: USD $ 70<\/p>\n<p style=\"text-align: justify;\">National Attendees\/\/: 100.000 Colombian Pesos<\/p>\n<p style=\"text-align: justify;\">International Attendees: USD$ 50<\/p>\n<p style=\"text-align: justify;\">Students attendees: 50.000 CP or USD$35<\/p>\n<p style=\"text-align: justify;\">Registration after the 21<sup>st<\/sup> May<\/p>\n<p style=\"text-align: justify;\">National Presenters: 200.000 Colombian pesos<\/p>\n<p style=\"text-align: justify;\">International Presenters: USD $100<\/p>\n<p style=\"text-align: justify;\">National Attendees: 150.000 Colombian Pesos<\/p>\n<p style=\"text-align: justify;\">International Attendees: USD$ 80<\/p>\n<p style=\"text-align: justify;\">Students attendees: 70.000 CP or USD$50<\/p>\n<p style=\"text-align: justify;\"><em>No Membership to the Association is required to participate or present at the Conference.<\/em><\/p>\n<p style=\"text-align: justify;\">Registration Fees must be deposited in savings account 516-329425-01, Banco de Colombia, to <em>Asociaci\u00f3n Colombiana de Estudios del Caribe-ACOLEC<\/em>. A copy of the deposit receipt must be e-mailed to the four e-mails above mentioned.<\/p>\n<p style=\"text-align: justify;\">Registration can also be paid the 15<sup>th<\/sup> June, at the Conference Registration Table.<\/p>\n<p style=\"text-align: justify;\"><strong>Further information, questions, memberships and conference registration:<\/strong><\/p>\n<p style=\"text-align: justify;\">Association Chair:<\/p>\n<p style=\"text-align: justify;\">Dr. Ra\u00fal Rom\u00e1n Romero, Universidad Nacional de Colombia<\/p>\n<p style=\"text-align: justify;\"><a href=\"mailto:presidencia@acolec.org\">presidencia@acolec.org<\/a>; <a href=\"mailto:raulromanr@yahoo.com\">raulromanr@yahoo.com<\/a><span style=\"text-decoration: underline;\"> <\/span><\/p>\n<p style=\"text-align: justify;\">Association Vice-Chair and Program Manager, Universidad del Magdalena<\/p>\n<p style=\"text-align: justify;\">Dr. Jorge E. El\u00edas-Caro: Vicepresidente ACOLEC-Universidad del Magdalena\u00a0 <a href=\"mailto:vicepresidencia@acolec.org\">vicepresidencia@acolec.org<\/a>; <a href=\"mailto:joelcar1@hotmail.com\">joelcar1@hotmail.com<\/a><\/p>\n<p style=\"text-align: justify;\"><em>Academic Committee<\/em><\/p>\n<p id=\"ecxyui_3_16_0_1_1455680087138_24433\" style=\"text-align: justify;\">Dr. Ra\u00fal Rom\u00e1n Romero, Universidad Nacional de Colombia<\/p>\n<p style=\"text-align: justify;\">Dr. Jorge Enrique El\u00edas-Caro, Universidad del Magdalena (Colombia)<\/p>\n<p style=\"text-align: justify;\">Dr. Antonino Vidal Ortega, Universidad del Norte (Colombia)<\/p>\n<p style=\"text-align: justify;\">Msc, Muriel Vanegas Beltr\u00e1n, Universidad de Cartagena (Colombia)<\/p>\n<p id=\"ecxyui_3_16_0_1_1455680087138_24384\" style=\"text-align: justify;\">Dra. Veronique Benei, CNRS (Francia)<\/p>\n<p style=\"text-align: justify;\">Dra. M\u00f3nica Mar\u00eda del Valle, Universidad de la Salle (Colombia)<\/p>\n<p id=\"ecxyui_3_16_0_1_1455680087138_24389\" style=\"text-align: justify;\">Dr. Joaqu\u00edn Viloria de La Hoz, Banco de la Rep\u00fablica (Colombia)<\/p>\n<p id=\"ecxyui_3_16_0_1_1455680087138_24391\" style=\"text-align: justify;\">Dr. Enrique Camacho Navarro, UNAM (M\u00e9xico)<\/p>\n<p style=\"text-align: justify;\"><em>Advising Committee<\/em><\/p>\n<p id=\"ecxyui_3_16_0_1_1455680087138_24434\" style=\"text-align: justify;\">Dra. Mu-Kien Sang Ben, Univ. Cat\u00f3lica Madre Maestra (Rep. Dominicana)<\/p>\n<p style=\"text-align: justify;\">Dr. Jorge Rodriguez Beruff, Universidad de Puerto Rico<\/p>\n<p style=\"text-align: justify;\">Dr. Fabio Luis Barbosa Dos Santos, Univ. Federal de Sao Paulo (Brasil)<\/p>\n<p id=\"ecxyui_3_16_0_1_1455680087138_24392\" style=\"text-align: justify;\">Dr. Yopahe Thiao, Universidad de Par\u00eds (Francia)<\/p>\n<p style=\"text-align: justify;\">Msc, Daniel G\u00f3mez L\u00f3pez, Universidad del Magdalena (Colombia)<\/p>\n<p id=\"ecxyui_3_16_0_1_1455680087138_24435\" style=\"text-align: justify;\">Dr. Bernardo Garc\u00eda D\u00edaz, Universidad Veracruzana (M\u00e9xico)<\/p>\n<p style=\"text-align: justify;\">Dr. Jos\u00e9 Javier Col\u00f3n Morera, Universidad de Puerto Rico<\/p>\n<p id=\"ecxyui_3_16_0_1_1455680087138_24394\" style=\"text-align: justify;\">Msc. Hernando Motato C., Universidad Industrial de Santander (Colombia)<\/p>\n<p id=\"ecxyui_3_16_0_1_1455680087138_24436\" style=\"text-align: justify;\">Dra. Adriana Santos Mart\u00ednez, Universidad Nacional de Colombia<\/p>\n<p style=\"text-align: justify;\">Dr. David D\u00edaz Arias,<strong> <\/strong>Universidad de Costa Rica<\/p>\n<p style=\"text-align: justify;\">Dra. Yusmidia Solano Suarez, Universidad Nacional de Colombia<\/p>\n<p id=\"ecxyui_3_16_0_1_1455680087138_24395\" style=\"text-align: justify;\"><em id=\"ecxyui_3_16_0_1_1455680087138_24464\">Organizing and <\/em><em>Supporting Institutions<\/em><\/p>\n<p id=\"ecxyui_3_16_0_1_1455680087138_24438\" style=\"text-align: justify;\">ACOLEC<\/p>\n<p id=\"ecxyui_3_16_0_1_1455680087138_24439\" style=\"text-align: justify;\">Banco de la Rep\u00fablica<\/p>\n<p id=\"ecxyui_3_16_0_1_1455680087138_24396\" style=\"text-align: justify;\">Universidad Nacional de Colombia, sede Caribe<\/p>\n<p id=\"ecxyui_3_16_0_1_1455680087138_24397\" style=\"text-align: justify;\">Gcaribe. Pensamento, cultura, literatura<\/p>\n<p style=\"text-align: justify;\">&nbsp;<\/p>\n<div style=\"text-align: justify;\">\n<p><strong>Publicado por ADHILAC Internacional \u00a9 www.adhilac.com.ar<\/strong><\/p>\n<p>Si Ud. desea asociarse de acuerdo a los Estatutos de ADHILAC\u00a0<a title=\"(ver)\" href=\"https:\/\/adhilac.com.ar\/?page_id=263\">(ver)<\/a> complete el siguiente formulario\u00a0<a title=\"(ver)\" href=\"https:\/\/adhilac.com.ar\/?page_id=3194\">(ver)<\/a><\/p>\n<p>E-mail: info@adhilac.com.ar<\/p>\n<\/div>\n","protected":false},"excerpt":{"rendered":"<p>2nd International Conference of the Colombian Association of Caribbean Studies (ACOLEC) Barranquilla. June 15th-17th 2016 \u201cCulture, Cities and Economy in the Caribbean: a Glance at the Shores\u201d &#8211;\u00a0www.acolec.org<\/p>\n","protected":false},"author":2,"featured_media":0,"comment_status":"closed","ping_status":"closed","sticky":false,"template":"","format":"standard","meta":{"_crdt_document":"","footnotes":""},"categories":[5,15,40],"tags":[148,651,222,196],"class_list":["post-11381","post","type-post","status-publish","format-standard","hentry","category-congresos","category-historia","category-informaciones","tag-caribe","tag-ciudades","tag-cultura","tag-economia"],"_links":{"self":[{"href":"https:\/\/adhilac.com.ar\/index.php?rest_route=\/wp\/v2\/posts\/11381","targetHints":{"allow":["GET"]}}],"collection":[{"href":"https:\/\/adhilac.com.ar\/index.php?rest_route=\/wp\/v2\/posts"}],"about":[{"href":"https:\/\/adhilac.com.ar\/index.php?rest_route=\/wp\/v2\/types\/post"}],"author":[{"embeddable":true,"href":"https:\/\/adhilac.com.ar\/index.php?rest_route=\/wp\/v2\/users\/2"}],"replies":[{"embeddable":true,"href":"https:\/\/adhilac.com.ar\/index.php?rest_route=%2Fwp%2Fv2%2Fcomments&post=11381"}],"version-history":[{"count":4,"href":"https:\/\/adhilac.com.ar\/index.php?rest_route=\/wp\/v2\/posts\/11381\/revisions"}],"predecessor-version":[{"id":11492,"href":"https:\/\/adhilac.com.ar\/index.php?rest_route=\/wp\/v2\/posts\/11381\/revisions\/11492"}],"wp:attachment":[{"href":"https:\/\/adhilac.com.ar\/index.php?rest_route=%2Fwp%2Fv2%2Fmedia&parent=11381"}],"wp:term":[{"taxonomy":"category","embeddable":true,"href":"https:\/\/adhilac.com.ar\/index.php?rest_route=%2Fwp%2Fv2%2Fcategories&post=11381"},{"taxonomy":"post_tag","embeddable":true,"href":"https:\/\/adhilac.com.ar\/index.php?rest_route=%2Fwp%2Fv2%2Ftags&post=11381"}],"curies":[{"name":"wp","href":"https:\/\/api.w.org\/{rel}","templated":true}]}}